{"id":14394,"date":"2025-03-04T17:04:34","date_gmt":"2025-03-04T16:04:34","guid":{"rendered":"https:\/\/www.lafresca.fm\/?p=14394"},"modified":"2025-03-04T17:04:36","modified_gmt":"2025-03-04T16:04:36","slug":"art-de-foc-presenta-la-falla-terra-que-no-oblida-un-homenaje-a-la-tradicion-y-un-llamado-a-cuidar-nuestro-planeta-en-la-falla-plaza-de-segovia-de-valencia","status":"publish","type":"post","link":"https:\/\/www.lafresca.fm\/art-de-foc-presenta-la-falla-terra-que-no-oblida-un-homenaje-a-la-tradicion-y-un-llamado-a-cuidar-nuestro-planeta-en-la-falla-plaza-de-segovia-de-valencia\/","title":{"rendered":"Art de Foc presenta la Falla &#8216;Terra que no oblida&#8217;: un homenaje a la tradici\u00f3n y un llamado a cuidar nuestro planeta en la Falla Plaza de Segovia de Valencia"},"content":{"rendered":"\n<p>Los artistas falleros de Onil, bajo el nombre de Art de Foc, han presentado una impresionante Falla en la comisi\u00f3n Falla Plaza Segovia- Avda. Dr. Tom\u00e1s Sala que lleva el lema &#8220;Terra que no oblida&#8221;. Esta obra maestra no solo es un homenaje a la tradici\u00f3n fallera, sino que tambi\u00e9n busca concienciar sobre el da\u00f1o que le hacemos a la naturaleza y c\u00f3mo esta se manifiesta en nuestro mundo.<\/p>\n\n\n\n<p>La Falla est\u00e1 decorada con m\u00e1s de 100 plantas, incluyendo pinos y carrascas, que invitan a los visitantes a participar activamente en la obra. Cada persona que se acerque podr\u00e1 colocar una tarjeta con su nombre y un mensaje, convirtiendo la Falla en un s\u00edmbolo de compromiso con el medio ambiente.<\/p>\n\n\n\n<p>Una vez finalizada la celebraci\u00f3n de las Fallas, la comisi\u00f3n de la Falla Plaza de Segovia tiene un plan especial: regalar\u00e1 todas estas plantas a la localidad de Onil, donde se destinar\u00e1n a la reforestaci\u00f3n de una zona del municipio, contribuyendo as\u00ed a la recuperaci\u00f3n del entorno natural.<\/p>\n\n\n\n<p>La creaci\u00f3n de esta Falla ha sido inspirada en la canci\u00f3n &#8220;Terra que no Oblida&#8221; del grupo El Diluvi, que resuena con el mensaje de respeto y cuidado hacia nuestro planeta. Con esta iniciativa, los artistas de Onil no solo celebran la fiesta, sino que tambi\u00e9n promueven un futuro m\u00e1s sostenible y consciente.<\/p>\n\n\n\n<p>La Falla &#8220;Terra que no oblida&#8221; se convierte as\u00ed en un punto de encuentro entre la tradici\u00f3n y la ecolog\u00eda, record\u00e1ndonos la importancia de cuidar nuestro entorno para las generaciones futuras. <\/p>\n\n\n\n<figure class=\"wp-block-gallery has-nested-images columns-2 is-cropped wp-block-gallery-1 is-layout-flex wp-block-gallery-is-layout-flex\">\n<figure class=\"wp-block-image size-large\"><img fetchpriority=\"high\" decoding=\"async\" width=\"827\" height=\"1170\" data-id=\"14396\" src=\"https:\/\/www.lafresca.fm\/f-solosog\/2025\/03\/falla-valencia-1-827x1170.jpg\" alt=\"\" class=\"wp-image-14396\" srcset=\"https:\/\/www.lafresca.fm\/f-solosog\/2025\/03\/falla-valencia-1-827x1170.jpg 827w, https:\/\/www.lafresca.fm\/f-solosog\/2025\/03\/falla-valencia-1-545x770.jpg 545w, https:\/\/www.lafresca.fm\/f-solosog\/2025\/03\/falla-valencia-1-768x1086.jpg 768w, https:\/\/www.lafresca.fm\/f-solosog\/2025\/03\/falla-valencia-1.jpg 1024w\" sizes=\"(max-width: 827px) 100vw, 827px\" \/><\/figure>\n\n\n\n<figure class=\"wp-block-image size-large\"><img decoding=\"async\" width=\"875\" height=\"1170\" data-id=\"14397\" src=\"https:\/\/www.lafresca.fm\/f-solosog\/2025\/03\/falla-valencia-2-875x1170.jpg\" alt=\"\" class=\"wp-image-14397\" srcset=\"https:\/\/www.lafresca.fm\/f-solosog\/2025\/03\/falla-valencia-2-875x1170.jpg 875w, https:\/\/www.lafresca.fm\/f-solosog\/2025\/03\/falla-valencia-2-576x770.jpg 576w, https:\/\/www.lafresca.fm\/f-solosog\/2025\/03\/falla-valencia-2-768x1027.jpg 768w, https:\/\/www.lafresca.fm\/f-solosog\/2025\/03\/falla-valencia-2-1148x1536.jpg 1148w, https:\/\/www.lafresca.fm\/f-solosog\/2025\/03\/falla-valencia-2.jpg 1196w\" sizes=\"(max-width: 875px) 100vw, 875px\" \/><\/figure>\n\n\n\n<figure class=\"wp-block-image size-large\"><img decoding=\"async\" width=\"674\" height=\"899\" data-id=\"14398\" src=\"https:\/\/www.lafresca.fm\/f-solosog\/2025\/03\/falla-valencia-3.jpg\" alt=\"\" class=\"wp-image-14398\" srcset=\"https:\/\/www.lafresca.fm\/f-solosog\/2025\/03\/falla-valencia-3.jpg 674w, https:\/\/www.lafresca.fm\/f-solosog\/2025\/03\/falla-valencia-3-577x770.jpg 577w\" sizes=\"(max-width: 674px) 100vw, 674px\" \/><\/figure>\n\n\n\n<figure class=\"wp-block-image size-large\"><img loading=\"lazy\" decoding=\"async\" width=\"658\" height=\"1170\" data-id=\"14399\" src=\"https:\/\/www.lafresca.fm\/f-solosog\/2025\/03\/falla-valencia-4-658x1170.jpg\" alt=\"\" class=\"wp-image-14399\" srcset=\"https:\/\/www.lafresca.fm\/f-solosog\/2025\/03\/falla-valencia-4-658x1170.jpg 658w, https:\/\/www.lafresca.fm\/f-solosog\/2025\/03\/falla-valencia-4-433x770.jpg 433w, https:\/\/www.lafresca.fm\/f-solosog\/2025\/03\/falla-valencia-4-768x1366.jpg 768w, https:\/\/www.lafresca.fm\/f-solosog\/2025\/03\/falla-valencia-4-864x1536.jpg 864w, https:\/\/www.lafresca.fm\/f-solosog\/2025\/03\/falla-valencia-4.jpg 899w\" sizes=\"(max-width: 658px) 100vw, 658px\" \/><\/figure>\n\n\n\n<figure class=\"wp-block-image size-large\"><img loading=\"lazy\" decoding=\"async\" width=\"658\" height=\"1170\" data-id=\"14401\" src=\"https:\/\/www.lafresca.fm\/f-solosog\/2025\/03\/falla-valencia-5-658x1170.jpg\" alt=\"\" class=\"wp-image-14401\" srcset=\"https:\/\/www.lafresca.fm\/f-solosog\/2025\/03\/falla-valencia-5-658x1170.jpg 658w, https:\/\/www.lafresca.fm\/f-solosog\/2025\/03\/falla-valencia-5-433x770.jpg 433w, https:\/\/www.lafresca.fm\/f-solosog\/2025\/03\/falla-valencia-5-768x1366.jpg 768w, https:\/\/www.lafresca.fm\/f-solosog\/2025\/03\/falla-valencia-5-864x1536.jpg 864w, https:\/\/www.lafresca.fm\/f-solosog\/2025\/03\/falla-valencia-5.jpg 899w\" sizes=\"(max-width: 658px) 100vw, 658px\" \/><\/figure>\n\n\n\n<figure class=\"wp-block-image size-large\"><img loading=\"lazy\" decoding=\"async\" width=\"658\" height=\"1170\" data-id=\"14400\" src=\"https:\/\/www.lafresca.fm\/f-solosog\/2025\/03\/falla-valencia-6-658x1170.jpg\" alt=\"\" class=\"wp-image-14400\" srcset=\"https:\/\/www.lafresca.fm\/f-solosog\/2025\/03\/falla-valencia-6-658x1170.jpg 658w, https:\/\/www.lafresca.fm\/f-solosog\/2025\/03\/falla-valencia-6-433x770.jpg 433w, https:\/\/www.lafresca.fm\/f-solosog\/2025\/03\/falla-valencia-6-768x1365.jpg 768w, https:\/\/www.lafresca.fm\/f-solosog\/2025\/03\/falla-valencia-6-864x1536.jpg 864w, https:\/\/www.lafresca.fm\/f-solosog\/2025\/03\/falla-valencia-6.jpg 900w\" sizes=\"(max-width: 658px) 100vw, 658px\" \/><\/figure>\n<\/figure>\n<script>function PlayerjsAsync(){} if(window[\"Playerjs\"]){PlayerjsAsync();}<\/script>","protected":false},"excerpt":{"rendered":"<p>Los artistas falleros de Onil, bajo el nombre de Art de Foc, han presentado una impresionante Falla en la comisi\u00f3n Falla Plaza Segovia- Avda. Dr. Tom\u00e1s Sala que lleva el lema &#8220;Terra que no oblida&#8221;. Esta obra maestra no solo es un homenaje a la tradici\u00f3n fallera, sino que tambi\u00e9n ...<\/p>\n","protected":false},"author":2,"featured_media":14396,"comment_status":"closed","ping_status":"closed","sticky":false,"template":"","format":"standard","meta":{"_monsterinsights_skip_tracking":false,"_monsterinsights_sitenote_active":false,"_monsterinsights_sitenote_note":"","_monsterinsights_sitenote_category":0,"footnotes":""},"categories":[4],"tags":[133],"class_list":["post-14394","post","type-post","status-publish","format-standard","has-post-thumbnail","hentry","category-alicante","tag-onil"],"aioseo_notices":[],"_links":{"self":[{"href":"https:\/\/www.lafresca.fm\/fresca-api-json\/wp\/v2\/posts\/14394","targetHints":{"allow":["GET"]}}],"collection":[{"href":"https:\/\/www.lafresca.fm\/fresca-api-json\/wp\/v2\/posts"}],"about":[{"href":"https:\/\/www.lafresca.fm\/fresca-api-json\/wp\/v2\/types\/post"}],"author":[{"embeddable":true,"href":"https:\/\/www.lafresca.fm\/fresca-api-json\/wp\/v2\/users\/2"}],"replies":[{"embeddable":true,"href":"https:\/\/www.lafresca.fm\/fresca-api-json\/wp\/v2\/comments?post=14394"}],"version-history":[{"count":2,"href":"https:\/\/www.lafresca.fm\/fresca-api-json\/wp\/v2\/posts\/14394\/revisions"}],"predecessor-version":[{"id":14403,"href":"https:\/\/www.lafresca.fm\/fresca-api-json\/wp\/v2\/posts\/14394\/revisions\/14403"}],"wp:featuredmedia":[{"embeddable":true,"href":"https:\/\/www.lafresca.fm\/fresca-api-json\/wp\/v2\/media\/14396"}],"wp:attachment":[{"href":"https:\/\/www.lafresca.fm\/fresca-api-json\/wp\/v2\/media?parent=14394"}],"wp:term":[{"taxonomy":"category","embeddable":true,"href":"https:\/\/www.lafresca.fm\/fresca-api-json\/wp\/v2\/categories?post=14394"},{"taxonomy":"post_tag","embeddable":true,"href":"https:\/\/www.lafresca.fm\/fresca-api-json\/wp\/v2\/tags?post=14394"}],"curies":[{"name":"wp","href":"https:\/\/api.w.org\/{rel}","templated":true}]}}