{"id":14404,"date":"2025-03-05T12:37:48","date_gmt":"2025-03-05T11:37:48","guid":{"rendered":"https:\/\/www.lafresca.fm\/?p=14404"},"modified":"2025-03-05T12:37:50","modified_gmt":"2025-03-05T11:37:50","slug":"la-comarca-cierra-febrero-con-144-parados-menos","status":"publish","type":"post","link":"https:\/\/www.lafresca.fm\/la-comarca-cierra-febrero-con-144-parados-menos\/","title":{"rendered":"La comarca cierra febrero con 144 parados menos"},"content":{"rendered":"\n<p>En las comarcas de L\u2019Alcoi\u00e0 y el Comtat, el desempleo ha disminuido entre sus habitantes. Seg\u00fan los datos de Labora, al finalizar febrero, hay 9.360 personas en busca de empleo, lo que representa una reducci\u00f3n de 144 en comparaci\u00f3n con enero. Este informe sobre el desempleo del segundo mes de 2025 muestra resultados alentadores, ya que en las siete principales localidades de la regi\u00f3n, el n\u00famero de desempleados ha bajado.<\/p>\n\n\n\n<p>Alcoy lidera esta tendencia con 4.489 personas sin trabajo, seguido de Ibi, que cuenta con 1.478 parados, despu\u00e9s de que 36 personas se dieran de baja en la lista de Labora. Onil tambi\u00e9n ha visto una mejora, con 445 demandantes de empleo, tras la salida de 32 personas, mientras que en Muro, el n\u00famero de desempleados se redujo en 13, quedando en 599.<\/p>\n\n\n\n<figure class=\"wp-block-image size-large\"><img fetchpriority=\"high\" decoding=\"async\" width=\"1170\" height=\"658\" src=\"https:\/\/www.lafresca.fm\/f-solosog\/2025\/03\/326e7024-e32f-4a27-995a-409a3f618b05_16-9-discover-aspect-ratio_default_0-1170x658.jpg\" alt=\"\" class=\"wp-image-14405\" srcset=\"https:\/\/www.lafresca.fm\/f-solosog\/2025\/03\/326e7024-e32f-4a27-995a-409a3f618b05_16-9-discover-aspect-ratio_default_0-1170x658.jpg 1170w, https:\/\/www.lafresca.fm\/f-solosog\/2025\/03\/326e7024-e32f-4a27-995a-409a3f618b05_16-9-discover-aspect-ratio_default_0-770x433.jpg 770w, https:\/\/www.lafresca.fm\/f-solosog\/2025\/03\/326e7024-e32f-4a27-995a-409a3f618b05_16-9-discover-aspect-ratio_default_0-768x432.jpg 768w, https:\/\/www.lafresca.fm\/f-solosog\/2025\/03\/326e7024-e32f-4a27-995a-409a3f618b05_16-9-discover-aspect-ratio_default_0.jpg 1200w\" sizes=\"(max-width: 1170px) 100vw, 1170px\" \/><\/figure>\n\n\n\n<p>En Cocentaina, se han restado 7 personas, dejando un total de 836, y en Castalla, el n\u00famero de parados es de 687, lo que significa 6 menos que en enero. Finalmente, Banyeres reporta 345 personas sin empleo, una menos que el mes anterior, seg\u00fan las estad\u00edsticas de Labora.<\/p>\n\n\n\n<p>Al observar el resto de los municipios de L\u2019Alcoi\u00e0 y el Comtat, las variaciones son m\u00ednimas. En cuanto a los sectores, el desempleo ha disminuido en todos, siendo el sector de Servicios el que m\u00e1s ha reducido su cifra, con 73 personas menos, quedando 5.873 demandantes de empleo en esta \u00e1rea.<\/p>\n\n\n\n<p><\/p>\n<script>function PlayerjsAsync(){} if(window[\"Playerjs\"]){PlayerjsAsync();}<\/script>","protected":false},"excerpt":{"rendered":"<p>En las comarcas de L\u2019Alcoi\u00e0 y el Comtat, el desempleo ha disminuido entre sus habitantes. Seg\u00fan los datos de Labora, al finalizar febrero, hay 9.360 personas en busca de empleo, lo que representa una reducci\u00f3n de 144 en comparaci\u00f3n con enero. Este informe sobre el desempleo del segundo mes de ...<\/p>\n","protected":false},"author":2,"featured_media":14405,"comment_status":"closed","ping_status":"closed","sticky":false,"template":"","format":"standard","meta":{"_monsterinsights_skip_tracking":false,"_monsterinsights_sitenote_active":false,"_monsterinsights_sitenote_note":"","_monsterinsights_sitenote_category":0,"footnotes":""},"categories":[4],"tags":[],"class_list":["post-14404","post","type-post","status-publish","format-standard","has-post-thumbnail","hentry","category-alicante"],"aioseo_notices":[],"_links":{"self":[{"href":"https:\/\/www.lafresca.fm\/fresca-api-json\/wp\/v2\/posts\/14404","targetHints":{"allow":["GET"]}}],"collection":[{"href":"https:\/\/www.lafresca.fm\/fresca-api-json\/wp\/v2\/posts"}],"about":[{"href":"https:\/\/www.lafresca.fm\/fresca-api-json\/wp\/v2\/types\/post"}],"author":[{"embeddable":true,"href":"https:\/\/www.lafresca.fm\/fresca-api-json\/wp\/v2\/users\/2"}],"replies":[{"embeddable":true,"href":"https:\/\/www.lafresca.fm\/fresca-api-json\/wp\/v2\/comments?post=14404"}],"version-history":[{"count":2,"href":"https:\/\/www.lafresca.fm\/fresca-api-json\/wp\/v2\/posts\/14404\/revisions"}],"predecessor-version":[{"id":14407,"href":"https:\/\/www.lafresca.fm\/fresca-api-json\/wp\/v2\/posts\/14404\/revisions\/14407"}],"wp:featuredmedia":[{"embeddable":true,"href":"https:\/\/www.lafresca.fm\/fresca-api-json\/wp\/v2\/media\/14405"}],"wp:attachment":[{"href":"https:\/\/www.lafresca.fm\/fresca-api-json\/wp\/v2\/media?parent=14404"}],"wp:term":[{"taxonomy":"category","embeddable":true,"href":"https:\/\/www.lafresca.fm\/fresca-api-json\/wp\/v2\/categories?post=14404"},{"taxonomy":"post_tag","embeddable":true,"href":"https:\/\/www.lafresca.fm\/fresca-api-json\/wp\/v2\/tags?post=14404"}],"curies":[{"name":"wp","href":"https:\/\/api.w.org\/{rel}","templated":true}]}}