{"id":14408,"date":"2025-03-05T15:17:42","date_gmt":"2025-03-05T14:17:42","guid":{"rendered":"https:\/\/www.lafresca.fm\/?p=14408"},"modified":"2025-03-06T14:42:47","modified_gmt":"2025-03-06T13:42:47","slug":"castalla-se-une-a-la-celebracion-del-dia-internacional-de-la-mujer-con-un-amplio-programa-de-actividades","status":"publish","type":"post","link":"https:\/\/www.lafresca.fm\/castalla-se-une-a-la-celebracion-del-dia-internacional-de-la-mujer-con-un-amplio-programa-de-actividades\/","title":{"rendered":"Castalla se une a la celebraci\u00f3n del D\u00eda Internacional de la Mujer con un amplio programa de actividades"},"content":{"rendered":"\n<p>Castalla se une a la celebraci\u00f3n del D\u00eda Internacional de la Mujer con un programa de actividades dise\u00f1adas para visibilizar el papel de la mujer en la sociedad, fomentar la igualdad y generar espacios de reflexi\u00f3n y convivencia. La Concejal\u00eda de Bienestar Social, en colaboraci\u00f3n con distintas entidades locales, ha preparado un conjunto de actos que tendr\u00e1n lugar a lo largo del mes de marzo.<\/p>\n\n\n\n<figure class=\"wp-block-image size-large\"><img fetchpriority=\"high\" decoding=\"async\" width=\"1170\" height=\"723\" src=\"https:\/\/www.lafresca.fm\/f-solosog\/2025\/03\/481680021_944110537934887_8338233305178737308_n-1170x723.jpg\" alt=\"\" class=\"wp-image-14409\" srcset=\"https:\/\/www.lafresca.fm\/f-solosog\/2025\/03\/481680021_944110537934887_8338233305178737308_n-1170x723.jpg 1170w, https:\/\/www.lafresca.fm\/f-solosog\/2025\/03\/481680021_944110537934887_8338233305178737308_n-770x476.jpg 770w, https:\/\/www.lafresca.fm\/f-solosog\/2025\/03\/481680021_944110537934887_8338233305178737308_n-768x474.jpg 768w, https:\/\/www.lafresca.fm\/f-solosog\/2025\/03\/481680021_944110537934887_8338233305178737308_n-1536x949.jpg 1536w, https:\/\/www.lafresca.fm\/f-solosog\/2025\/03\/481680021_944110537934887_8338233305178737308_n.jpg 1538w\" sizes=\"(max-width: 1170px) 100vw, 1170px\" \/><\/figure>\n\n\n\n<p>Programaci\u00f3n de actividades:<\/p>\n\n\n\n<ul class=\"wp-block-list\">\n<li>6 de marzo: Inauguraci\u00f3n de la exposici\u00f3n pict\u00f3rica <em>L\u2019Art en la Dona<\/em>, a cargo de la Asociaci\u00f3n Castalla Art, en la Casa de Cultura a las 21:00 horas.<\/li>\n<\/ul>\n\n\n\n<p><\/p>\n\n\n\n<ul class=\"wp-block-list\">\n<li>7 de marzo:<ul><li>10:00 h: Representaci\u00f3n de la obra de teatro <em>\u00bfA qu\u00e9 jugamos?<\/em>, dirigida a todos los centros educativos.<\/li><\/ul><ul><li>12:00 h: Lectura del manifiesto del 8M, a cargo de la Asociaci\u00f3n de Amas de Casa.<\/li><\/ul>\n<ul class=\"wp-block-list\">\n<li>19:00 h: Clase de zumba en la Casa de Cultura, abierta a toda la poblaci\u00f3n.<\/li>\n<\/ul>\n<\/li>\n\n\n\n<li>11 de marzo: Taller de chapas en el Mercado Municipal, donde adem\u00e1s se entregar\u00e1 un detalle especial por parte de la Concejal\u00eda de Bienestar Social.<\/li>\n\n\n\n<li>14 de marzo: <em>F\u00f2rum La Veu de les Dones de Castalla<\/em>.<\/li>\n\n\n\n<li>21 de marzo:<ul><li>17:30 h: Cuentacuentos <em>Dona Igual<\/em>, a cargo de Jana Alba, en la Biblioteca P\u00fablica.<\/li><\/ul>\n<ul class=\"wp-block-list\">\n<li>19:00 h: Charla <em>Ara Feminisme: la pol\u00edtica de les dones<\/em>.<\/li>\n<\/ul>\n<\/li>\n\n\n\n<li>30 de marzo:\n<ul class=\"wp-block-list\">\n<li>Carrera de la Dona en Valencia, un evento emblem\u00e1tico con una participaci\u00f3n estimada de entre 8.000 y 9.000 corredoras. La Concejal\u00eda de Deportes, en colaboraci\u00f3n con el Ayuntamiento, ha organizado las preinscripciones para las personas de Castalla interesadas en participar. Adem\u00e1s, se ha previsto el alquiler de un autob\u00fas para el traslado de ida y vuelta desde el Polideportivo Municipal, con salida a las 07:00 h.<\/li>\n<\/ul>\n<\/li>\n<\/ul>\n\n\n\n<p>Este 8M, Castalla apuesta por la reflexi\u00f3n, la acci\u00f3n y la visibilizaci\u00f3n del papel de las mujeres en distintos \u00e1mbitos de la sociedad. Invitamos a toda la poblaci\u00f3n a participar activamente en estas actividades que buscan fortalecer la igualdad y la cohesi\u00f3n social.<\/p>\n\n\n\n<p>Un evento especial para dar voz a las mujeres de Castalla<\/p>\n\n\n\n<p>Uno de los actos m\u00e1s emotivos y significativos ser\u00e1 la celebraci\u00f3n del <em>F\u00f2rum La Veu de les Dones de Castalla<\/em>, un espacio dise\u00f1ado para visibilizar a ocho mujeres de nuestra localidad con historias y perfiles muy diversos. Se hablar\u00e1 de los retos del d\u00eda a d\u00eda y se fomentar\u00e1 el apoyo mutuo en un entorno enriquecedor. Este foro destaca por el cari\u00f1o y la dedicaci\u00f3n con los que ha sido preparado, con el prop\u00f3sito de dar luz a experiencias que muchas veces pasan desapercibidas. Entre las participantes se encuentran Soledad Berbegal y Emilia Sempere, presidenta de \u00c1gora, entre otras. Ser\u00e1 una oportunidad \u00fanica para escuchar, compartir y valorar la fuerza y la contribuci\u00f3n de las mujeres en nuestra sociedad.<\/p>\n\n\n\n<p><\/p>\n<script>function PlayerjsAsync(){} if(window[\"Playerjs\"]){PlayerjsAsync();}<\/script>","protected":false},"excerpt":{"rendered":"<p>Castalla se une a la celebraci\u00f3n del D\u00eda Internacional de la Mujer con un programa de actividades dise\u00f1adas para visibilizar el papel de la mujer en la sociedad, fomentar la igualdad y generar espacios de reflexi\u00f3n y convivencia. La Concejal\u00eda de Bienestar Social, en colaboraci\u00f3n con distintas entidades locales, ha ...<\/p>\n","protected":false},"author":2,"featured_media":14409,"comment_status":"closed","ping_status":"closed","sticky":false,"template":"","format":"standard","meta":{"_monsterinsights_skip_tracking":false,"_monsterinsights_sitenote_active":false,"_monsterinsights_sitenote_note":"","_monsterinsights_sitenote_category":0,"footnotes":""},"categories":[4],"tags":[144],"class_list":["post-14408","post","type-post","status-publish","format-standard","has-post-thumbnail","hentry","category-alicante","tag-castalla"],"aioseo_notices":[],"_links":{"self":[{"href":"https:\/\/www.lafresca.fm\/fresca-api-json\/wp\/v2\/posts\/14408","targetHints":{"allow":["GET"]}}],"collection":[{"href":"https:\/\/www.lafresca.fm\/fresca-api-json\/wp\/v2\/posts"}],"about":[{"href":"https:\/\/www.lafresca.fm\/fresca-api-json\/wp\/v2\/types\/post"}],"author":[{"embeddable":true,"href":"https:\/\/www.lafresca.fm\/fresca-api-json\/wp\/v2\/users\/2"}],"replies":[{"embeddable":true,"href":"https:\/\/www.lafresca.fm\/fresca-api-json\/wp\/v2\/comments?post=14408"}],"version-history":[{"count":3,"href":"https:\/\/www.lafresca.fm\/fresca-api-json\/wp\/v2\/posts\/14408\/revisions"}],"predecessor-version":[{"id":14417,"href":"https:\/\/www.lafresca.fm\/fresca-api-json\/wp\/v2\/posts\/14408\/revisions\/14417"}],"wp:featuredmedia":[{"embeddable":true,"href":"https:\/\/www.lafresca.fm\/fresca-api-json\/wp\/v2\/media\/14409"}],"wp:attachment":[{"href":"https:\/\/www.lafresca.fm\/fresca-api-json\/wp\/v2\/media?parent=14408"}],"wp:term":[{"taxonomy":"category","embeddable":true,"href":"https:\/\/www.lafresca.fm\/fresca-api-json\/wp\/v2\/categories?post=14408"},{"taxonomy":"post_tag","embeddable":true,"href":"https:\/\/www.lafresca.fm\/fresca-api-json\/wp\/v2\/tags?post=14408"}],"curies":[{"name":"wp","href":"https:\/\/api.w.org\/{rel}","templated":true}]}}