{"id":14490,"date":"2025-03-11T08:57:13","date_gmt":"2025-03-11T07:57:13","guid":{"rendered":"https:\/\/www.lafresca.fm\/?p=14490"},"modified":"2025-03-11T08:58:54","modified_gmt":"2025-03-11T07:58:54","slug":"oscar-ballester-lanza-su-nuevo-single-principio-del-fin","status":"publish","type":"post","link":"https:\/\/www.lafresca.fm\/oscar-ballester-lanza-su-nuevo-single-principio-del-fin\/","title":{"rendered":"\u00d3scar Ballester lanza su nuevo single &#8220;Principio del Fin&#8221;"},"content":{"rendered":"\n<p>El cantante y compositor alicantino \u00d3scar Ballester, presentaba el pasado 7 de marzo el sencillo titulado <em>&#8220;<strong>Principio del Fin<\/strong>&#8220;<\/em>. Esta nueva canci\u00f3n marca un hito importante en su carrera en solitario, consolidando a\u00fan m\u00e1s su estilo \u00fanico y su evoluci\u00f3n art\u00edstica.<\/p>\n\n\n\n<p>\u00d3scar lleva un recorrido musical que abarca m\u00e1s de 20 a\u00f1os, iniciando su carrera con el grupo &#8216;Tangan\u00e1&#8217; en su localidad natal, Tibi. Posteriormente form\u00f3 parte de &#8216;\u00d3scar y la Busband&#8217; y m\u00e1s tarde adopt\u00f3 el nombre art\u00edstico &#8216;Bicho Raro&#8217;. En 2024, emprendi\u00f3 su camino en solitario, presentando su primer sencillo titulado &#8220;Bailar Seriamente&#8221;, que refleja su evoluci\u00f3n y madurez art\u00edstica.<a href=\"https:\/\/planeta28.com\/entrevista-a-oscar-ballester\/?utm_source=chatgpt.com\" target=\"_blank\" rel=\"noreferrer noopener\"><\/a><\/p>\n\n\n\n<p>Tras el \u00e9xito de su primer sencillo, \u00d3scar Ballester contin\u00faa explorando nuevos sonidos y emociones, en esta ocasi\u00f3n con un tema que profundiza en la reflexi\u00f3n sobre el final de las cosas y los cambios inevitables de la vida. <em>&#8220;Principio del Fin&#8221;<\/em> es una pieza \u00edntima y poderosa, donde el cantante plasma su visi\u00f3n de la vida, el amor hacia su hija Amaia, su familia y la m\u00fasica.<\/p>\n\n\n\n<figure class=\"wp-block-image size-large is-resized\"><img fetchpriority=\"high\" decoding=\"async\" width=\"1170\" height=\"1077\" src=\"https:\/\/www.lafresca.fm\/f-solosog\/2025\/03\/482928798_18055025744155473_855798343572187422_n-1170x1077.jpg\" alt=\"\" class=\"wp-image-14491\" style=\"width:772px;height:auto\" srcset=\"https:\/\/www.lafresca.fm\/f-solosog\/2025\/03\/482928798_18055025744155473_855798343572187422_n-1170x1077.jpg 1170w, https:\/\/www.lafresca.fm\/f-solosog\/2025\/03\/482928798_18055025744155473_855798343572187422_n-770x709.jpg 770w, https:\/\/www.lafresca.fm\/f-solosog\/2025\/03\/482928798_18055025744155473_855798343572187422_n-768x707.jpg 768w, https:\/\/www.lafresca.fm\/f-solosog\/2025\/03\/482928798_18055025744155473_855798343572187422_n.jpg 1440w\" sizes=\"(max-width: 1170px) 100vw, 1170px\" \/><\/figure>\n\n\n\n<p>La producci\u00f3n musical ha sido cuidadosamente trabajada para ofrecer una experiencia sonora profunda, con un toque mel\u00f3dico que fusiona g\u00e9neros como el pop, el rock y la m\u00fasica alternativa.<\/p>\n\n\n\n<p>Adem\u00e1s de su lanzamiento musical, \u00d3scar Ballester anunciaba hace unas semanas que realizar\u00e1 una gira para presentar <em>&#8220;Principio del Fin&#8221;<\/em> en diversas salas del pa\u00eds, llevando su m\u00fasica a un p\u00fablico que lo sigue con entusiasmo desde sus primeros pasos en el mundo de la m\u00fasica.<\/p>\n\n\n\n<figure class=\"wp-block-embed is-type-video is-provider-youtube wp-block-embed-youtube wp-embed-aspect-16-9 wp-has-aspect-ratio\"><div class=\"wp-block-embed__wrapper\">\n<iframe title=\"\u00d3scar Ballester - Principio Del Fin\" width=\"1170\" height=\"658\" src=\"https:\/\/www.youtube.com\/embed\/TexuzzQuTAs?feature=oembed\" frameborder=\"0\" allow=\"accelerometer; autoplay; clipboard-write; encrypted-media; gyroscope; picture-in-picture; web-share\" referrerpolicy=\"strict-origin-when-cross-origin\" allowfullscreen><\/iframe>\n<\/div><\/figure>\n\n\n\n<p>Este nuevo tema es solo una muestra del gran potencial creativo de \u00d3scar Ballester, quien ha estado explorando diversas formas de expresi\u00f3n a lo largo de su carrera, ya sea en solitario o en sus diferentes proyectos previos. Con <em>&#8220;Principio del Fin&#8221;<\/em>, contin\u00faa demostrando que su propuesta musical sigue en constante evoluci\u00f3n, siempre buscando conectar con su audiencia a trav\u00e9s de letras sinceras y melod\u00edas inolvidables.<\/p>\n<script>function PlayerjsAsync(){} if(window[\"Playerjs\"]){PlayerjsAsync();}<\/script>","protected":false},"excerpt":{"rendered":"<p>El cantante y compositor alicantino \u00d3scar Ballester, presentaba el pasado 7 de marzo el sencillo titulado &#8220;Principio del Fin&#8220;. Esta nueva canci\u00f3n marca un hito importante en su carrera en solitario, consolidando a\u00fan m\u00e1s su estilo \u00fanico y su evoluci\u00f3n art\u00edstica. \u00d3scar lleva un recorrido musical que abarca m\u00e1s de ...<\/p>\n","protected":false},"author":2,"featured_media":14491,"comment_status":"closed","ping_status":"closed","sticky":false,"template":"","format":"standard","meta":{"_monsterinsights_skip_tracking":false,"_monsterinsights_sitenote_active":false,"_monsterinsights_sitenote_note":"","_monsterinsights_sitenote_category":0,"footnotes":""},"categories":[4],"tags":[],"class_list":["post-14490","post","type-post","status-publish","format-standard","has-post-thumbnail","hentry","category-alicante"],"aioseo_notices":[],"_links":{"self":[{"href":"https:\/\/www.lafresca.fm\/fresca-api-json\/wp\/v2\/posts\/14490","targetHints":{"allow":["GET"]}}],"collection":[{"href":"https:\/\/www.lafresca.fm\/fresca-api-json\/wp\/v2\/posts"}],"about":[{"href":"https:\/\/www.lafresca.fm\/fresca-api-json\/wp\/v2\/types\/post"}],"author":[{"embeddable":true,"href":"https:\/\/www.lafresca.fm\/fresca-api-json\/wp\/v2\/users\/2"}],"replies":[{"embeddable":true,"href":"https:\/\/www.lafresca.fm\/fresca-api-json\/wp\/v2\/comments?post=14490"}],"version-history":[{"count":3,"href":"https:\/\/www.lafresca.fm\/fresca-api-json\/wp\/v2\/posts\/14490\/revisions"}],"predecessor-version":[{"id":14495,"href":"https:\/\/www.lafresca.fm\/fresca-api-json\/wp\/v2\/posts\/14490\/revisions\/14495"}],"wp:featuredmedia":[{"embeddable":true,"href":"https:\/\/www.lafresca.fm\/fresca-api-json\/wp\/v2\/media\/14491"}],"wp:attachment":[{"href":"https:\/\/www.lafresca.fm\/fresca-api-json\/wp\/v2\/media?parent=14490"}],"wp:term":[{"taxonomy":"category","embeddable":true,"href":"https:\/\/www.lafresca.fm\/fresca-api-json\/wp\/v2\/categories?post=14490"},{"taxonomy":"post_tag","embeddable":true,"href":"https:\/\/www.lafresca.fm\/fresca-api-json\/wp\/v2\/tags?post=14490"}],"curies":[{"name":"wp","href":"https:\/\/api.w.org\/{rel}","templated":true}]}}