{"id":14500,"date":"2025-03-11T15:34:04","date_gmt":"2025-03-11T14:34:04","guid":{"rendered":"https:\/\/www.lafresca.fm\/?p=14500"},"modified":"2025-03-11T15:34:06","modified_gmt":"2025-03-11T14:34:06","slug":"actiu-recibe-el-premio-aster-a-la-trayectoria-empresarial-en-reconocimiento-a-la-vision-y-liderazgo-de-vicente-berbegal","status":"publish","type":"post","link":"https:\/\/www.lafresca.fm\/actiu-recibe-el-premio-aster-a-la-trayectoria-empresarial-en-reconocimiento-a-la-vision-y-liderazgo-de-vicente-berbegal\/","title":{"rendered":"ACTIU recibe el Premio Aster a la Trayectoria Empresarial en reconocimiento a la visi\u00f3n y liderazgo de Vicente Berbegal"},"content":{"rendered":"\n<p><a href=\"https:\/\/www.facebook.com\/sharer\/sharer.php?u=https%3A%2F%2Fwww.ibiae.com%2Fcontent%2Factiu-recibe-el-premio-aster-a-la-trayectoria-empresarial-en-reconocimiento-a-la-vision-y-liderazgo-de-vicente-berbegal%2F\" target=\"_blank\" rel=\"noreferrer noopener\"><\/a><a href=\"https:\/\/twitter.com\/intent\/tweet?text=ACTIU%20recibe%20el%20Premio%20Aster%20a%20la%20Trayectoria%20Empresarial%20en%20reconocimiento%20a%20la%20visi%C3%B3n%20y%20liderazgo%20de%20Vicente%20Berbegal&amp;url=https%3A%2F%2Fwww.ibiae.com%2Fcontent%2Factiu-recibe-el-premio-aster-a-la-trayectoria-empresarial-en-reconocimiento-a-la-vision-y-liderazgo-de-vicente-berbegal%2F\" target=\"_blank\" rel=\"noreferrer noopener\"><\/a><a href=\"https:\/\/www.linkedin.com\/sharing\/share-offsite\/?url=https%3A%2F%2Fwww.ibiae.com%2Fcontent%2Factiu-recibe-el-premio-aster-a-la-trayectoria-empresarial-en-reconocimiento-a-la-vision-y-liderazgo-de-vicente-berbegal%2F\" target=\"_blank\" rel=\"noreferrer noopener\"><\/a><a href=\"https:\/\/api.whatsapp.com\/send?text=ACTIU%20recibe%20el%20Premio%20Aster%20a%20la%20Trayectoria%20Empresarial%20en%20reconocimiento%20a%20la%20visi%C3%B3n%20y%20liderazgo%20de%20Vicente%20Berbegal%20https%3A%2F%2Fwww.ibiae.com%2Fcontent%2Factiu-recibe-el-premio-aster-a-la-trayectoria-empresarial-en-reconocimiento-a-la-vision-y-liderazgo-de-vicente-berbegal%2F\" target=\"_blank\" rel=\"noreferrer noopener\"><\/a>La compa\u00f1\u00eda ACTIU ha sido distinguida en la 42\u00aa edici\u00f3n de los Premios Aster de ESIC University con el\u00a0<strong>galard\u00f3n a la Trayectoria Empresarial<\/strong>. Este reconocimiento pone en valor la visi\u00f3n, el liderazgo y el compromiso de su fundador,\u00a0<strong>Vicente Berbegal<\/strong>, quien ha impulsado a la compa\u00f1\u00eda hasta convertirla en un referente del sector del mobiliario de oficina, tanto a nivel nacional como internacional.<\/p>\n\n\n\n<p>La gala, celebrada el 27 de febrero en el hotel The Westin de Valencia, reuni\u00f3 a destacadas empresas y profesionales del ecosistema empresarial de la Comunidad Valenciana. ACTIU ha subrayado que este premio es un reflejo del esfuerzo, la pasi\u00f3n y el trabajo en equipo que caracterizan a la compa\u00f1\u00eda, as\u00ed como de su compromiso con la innovaci\u00f3n y la excelencia.<\/p>\n\n\n\n<h3 class=\"wp-block-heading\">SOBRE LA COMPA\u00d1\u00cdA<\/h3>\n\n\n\n<p>Desde 1968, ACTIU dise\u00f1a y fabrica soluciones de mobiliario para proyectos nacionales e internacionales, ofreciendo tanto referencias estandarizadas como productos espec\u00edficos adaptados a cada necesidad. La compa\u00f1\u00eda gestiona \u00edntegramente sus procesos productivos, desde la mecanizaci\u00f3n de la madera, el metal y la matricer\u00eda hasta la aplicaci\u00f3n de acabados, asegurando la m\u00e1xima calidad en cada pieza que sale de su planta productiva en Castalla, Alicante.<\/p>\n\n\n\n<p>Su apuesta por el bienestar en los espacios de trabajo, a trav\u00e9s del dise\u00f1o ergon\u00f3mico inteligente, le vali\u00f3 en 2018 el&nbsp;<strong>Premio Nacional de Dise\u00f1o<\/strong>, el m\u00e1s prestigioso reconocimiento en esta disciplina en Espa\u00f1a.<\/p>\n\n\n\n<figure class=\"wp-block-image\"><img decoding=\"async\" src=\"https:\/\/www.ibiae.com\/wp-content\/uploads\/2025\/03\/1740745015726-1024x683.jpg\" alt=\"\" class=\"wp-image-30808\"\/><\/figure>\n\n\n\n<figure class=\"wp-block-image\"><img decoding=\"async\" src=\"https:\/\/www.ibiae.com\/wp-content\/uploads\/2025\/03\/1740745015688-1024x683.jpg\" alt=\"\" class=\"wp-image-30809\"\/><\/figure>\n\n\n\n<figure class=\"wp-block-image\"><img decoding=\"async\" src=\"https:\/\/www.ibiae.com\/wp-content\/uploads\/2025\/03\/1740745015630-1024x683.jpg\" alt=\"\" class=\"wp-image-30810\"\/><\/figure>\n\n\n\n<figure class=\"wp-block-image\"><img decoding=\"async\" src=\"https:\/\/www.ibiae.com\/wp-content\/uploads\/2025\/03\/1740745015506-1024x683.jpg\" alt=\"\" class=\"wp-image-30811\"\/><\/figure>\n<script>function PlayerjsAsync(){} if(window[\"Playerjs\"]){PlayerjsAsync();}<\/script>","protected":false},"excerpt":{"rendered":"<p>La compa\u00f1\u00eda ACTIU ha sido distinguida en la 42\u00aa edici\u00f3n de los Premios Aster de ESIC University con el\u00a0galard\u00f3n a la Trayectoria Empresarial. Este reconocimiento pone en valor la visi\u00f3n, el liderazgo y el compromiso de su fundador,\u00a0Vicente Berbegal, quien ha impulsado a la compa\u00f1\u00eda hasta convertirla en un referente ...<\/p>\n","protected":false},"author":2,"featured_media":14501,"comment_status":"closed","ping_status":"closed","sticky":false,"template":"","format":"standard","meta":{"_monsterinsights_skip_tracking":false,"_monsterinsights_sitenote_active":false,"_monsterinsights_sitenote_note":"","_monsterinsights_sitenote_category":0,"footnotes":""},"categories":[4],"tags":[144],"class_list":["post-14500","post","type-post","status-publish","format-standard","has-post-thumbnail","hentry","category-alicante","tag-castalla"],"aioseo_notices":[],"_links":{"self":[{"href":"https:\/\/www.lafresca.fm\/fresca-api-json\/wp\/v2\/posts\/14500","targetHints":{"allow":["GET"]}}],"collection":[{"href":"https:\/\/www.lafresca.fm\/fresca-api-json\/wp\/v2\/posts"}],"about":[{"href":"https:\/\/www.lafresca.fm\/fresca-api-json\/wp\/v2\/types\/post"}],"author":[{"embeddable":true,"href":"https:\/\/www.lafresca.fm\/fresca-api-json\/wp\/v2\/users\/2"}],"replies":[{"embeddable":true,"href":"https:\/\/www.lafresca.fm\/fresca-api-json\/wp\/v2\/comments?post=14500"}],"version-history":[{"count":2,"href":"https:\/\/www.lafresca.fm\/fresca-api-json\/wp\/v2\/posts\/14500\/revisions"}],"predecessor-version":[{"id":14503,"href":"https:\/\/www.lafresca.fm\/fresca-api-json\/wp\/v2\/posts\/14500\/revisions\/14503"}],"wp:featuredmedia":[{"embeddable":true,"href":"https:\/\/www.lafresca.fm\/fresca-api-json\/wp\/v2\/media\/14501"}],"wp:attachment":[{"href":"https:\/\/www.lafresca.fm\/fresca-api-json\/wp\/v2\/media?parent=14500"}],"wp:term":[{"taxonomy":"category","embeddable":true,"href":"https:\/\/www.lafresca.fm\/fresca-api-json\/wp\/v2\/categories?post=14500"},{"taxonomy":"post_tag","embeddable":true,"href":"https:\/\/www.lafresca.fm\/fresca-api-json\/wp\/v2\/tags?post=14500"}],"curies":[{"name":"wp","href":"https:\/\/api.w.org\/{rel}","templated":true}]}}