{"id":14558,"date":"2025-03-17T11:56:52","date_gmt":"2025-03-17T10:56:52","guid":{"rendered":"https:\/\/www.lafresca.fm\/?p=14558"},"modified":"2025-03-17T11:56:54","modified_gmt":"2025-03-17T10:56:54","slug":"verbena-del-dia-de-la-volta-en-onil-sabado-22-de-marzo","status":"publish","type":"post","link":"https:\/\/www.lafresca.fm\/verbena-del-dia-de-la-volta-en-onil-sabado-22-de-marzo\/","title":{"rendered":"Verbena del D\u00eda de la Volta en Onil: S\u00e1bado 22 de marzo"},"content":{"rendered":"\n<p>El Ayuntamiento de Onil anuncia la organizaci\u00f3n de una verbena con motivo del D\u00eda de la Volta. Este a\u00f1o, con el objetivo de ampliar la oferta de ocio en una jornada tan significativa para Onil, se celebrar\u00e1 una fiesta popular nocturna.<\/p>\n\n\n\n<p>El D\u00eda de la Volta marca un momento clave en el calendario festivo de Onil, pues nos recuerda que solo queda un mes para las esperadas Fiestas de Moros y Cristianos. Con esta iniciativa, se pretende ampliar la oferta de ocio tanto a los colivencs como a todos los visitantes que deseen compartir este d\u00eda. <\/p>\n\n\n\n<p>La verbena tendr\u00e1 lugar en la emblem\u00e1tica Plaza del Carmen, en pleno centro de la localidad, el pr\u00f3ximo 22 de marzo a partir de las 22:00 horas. <\/p>\n\n\n\n<figure class=\"wp-block-image size-large\"><img fetchpriority=\"high\" decoding=\"async\" width=\"936\" height=\"1170\" src=\"https:\/\/www.lafresca.fm\/f-solosog\/2025\/03\/WhatsApp-Image-2025-03-17-at-10.25.03-936x1170.jpeg\" alt=\"\" class=\"wp-image-14559\" srcset=\"https:\/\/www.lafresca.fm\/f-solosog\/2025\/03\/WhatsApp-Image-2025-03-17-at-10.25.03-936x1170.jpeg 936w, https:\/\/www.lafresca.fm\/f-solosog\/2025\/03\/WhatsApp-Image-2025-03-17-at-10.25.03-616x770.jpeg 616w, https:\/\/www.lafresca.fm\/f-solosog\/2025\/03\/WhatsApp-Image-2025-03-17-at-10.25.03-768x960.jpeg 768w, https:\/\/www.lafresca.fm\/f-solosog\/2025\/03\/WhatsApp-Image-2025-03-17-at-10.25.03-1229x1536.jpeg 1229w, https:\/\/www.lafresca.fm\/f-solosog\/2025\/03\/WhatsApp-Image-2025-03-17-at-10.25.03-1638x2048.jpeg 1638w, https:\/\/www.lafresca.fm\/f-solosog\/2025\/03\/WhatsApp-Image-2025-03-17-at-10.25.03-scaled.jpeg 2048w\" sizes=\"(max-width: 936px) 100vw, 936px\" \/><\/figure>\n<script>function PlayerjsAsync(){} if(window[\"Playerjs\"]){PlayerjsAsync();}<\/script>","protected":false},"excerpt":{"rendered":"<p>El Ayuntamiento de Onil anuncia la organizaci\u00f3n de una verbena con motivo del D\u00eda de la Volta. Este a\u00f1o, con el objetivo de ampliar la oferta de ocio en una jornada tan significativa para Onil, se celebrar\u00e1 una fiesta popular nocturna. El D\u00eda de la Volta marca un momento clave ...<\/p>\n","protected":false},"author":2,"featured_media":14559,"comment_status":"closed","ping_status":"closed","sticky":false,"template":"","format":"standard","meta":{"_monsterinsights_skip_tracking":false,"_monsterinsights_sitenote_active":false,"_monsterinsights_sitenote_note":"","_monsterinsights_sitenote_category":0,"footnotes":""},"categories":[4,1],"tags":[133],"class_list":["post-14558","post","type-post","status-publish","format-standard","has-post-thumbnail","hentry","category-alicante","category-sin-categoria","tag-onil"],"aioseo_notices":[],"_links":{"self":[{"href":"https:\/\/www.lafresca.fm\/fresca-api-json\/wp\/v2\/posts\/14558","targetHints":{"allow":["GET"]}}],"collection":[{"href":"https:\/\/www.lafresca.fm\/fresca-api-json\/wp\/v2\/posts"}],"about":[{"href":"https:\/\/www.lafresca.fm\/fresca-api-json\/wp\/v2\/types\/post"}],"author":[{"embeddable":true,"href":"https:\/\/www.lafresca.fm\/fresca-api-json\/wp\/v2\/users\/2"}],"replies":[{"embeddable":true,"href":"https:\/\/www.lafresca.fm\/fresca-api-json\/wp\/v2\/comments?post=14558"}],"version-history":[{"count":2,"href":"https:\/\/www.lafresca.fm\/fresca-api-json\/wp\/v2\/posts\/14558\/revisions"}],"predecessor-version":[{"id":14561,"href":"https:\/\/www.lafresca.fm\/fresca-api-json\/wp\/v2\/posts\/14558\/revisions\/14561"}],"wp:featuredmedia":[{"embeddable":true,"href":"https:\/\/www.lafresca.fm\/fresca-api-json\/wp\/v2\/media\/14559"}],"wp:attachment":[{"href":"https:\/\/www.lafresca.fm\/fresca-api-json\/wp\/v2\/media?parent=14558"}],"wp:term":[{"taxonomy":"category","embeddable":true,"href":"https:\/\/www.lafresca.fm\/fresca-api-json\/wp\/v2\/categories?post=14558"},{"taxonomy":"post_tag","embeddable":true,"href":"https:\/\/www.lafresca.fm\/fresca-api-json\/wp\/v2\/tags?post=14558"}],"curies":[{"name":"wp","href":"https:\/\/api.w.org\/{rel}","templated":true}]}}