{"id":14591,"date":"2025-03-19T11:22:39","date_gmt":"2025-03-19T10:22:39","guid":{"rendered":"https:\/\/www.lafresca.fm\/?p=14591"},"modified":"2025-03-19T11:22:40","modified_gmt":"2025-03-19T10:22:40","slug":"el-equipo-de-gobierno-de-onil-lamenta-el-rechazo-de-sus-propuestas-para-los-consorcios-de-bomberos-y-residuos","status":"publish","type":"post","link":"https:\/\/www.lafresca.fm\/el-equipo-de-gobierno-de-onil-lamenta-el-rechazo-de-sus-propuestas-para-los-consorcios-de-bomberos-y-residuos\/","title":{"rendered":"El equipo de Gobierno de Onil lamenta el rechazo de sus propuestas para los consorcios de Bomberos y Residuos"},"content":{"rendered":"\n<ul class=\"wp-block-list\">\n<li> El equipo de Gobierno de Onil lamenta el rechazo de su propuestas para los consorcios de Bomberos y Residuos<\/li>\n<\/ul>\n\n\n\n<p>Critican la falta de argumentaci\u00f3n del PSOE, Sumem y Cristina Tango, y defienden que su propuesta buscaba mejorar la eficacia y el servicio a la ciudadan\u00eda.<\/p>\n\n\n\n<p>El equipo de Gobierno del Ayuntamiento de Onil ha mostrado su malestar tras el rechazo, por parte del PSOE, Sumem y la concejal no adscrita Cristina Tango, de su propuesta sobre la representaci\u00f3n municipal en los consorcios de Bomberos y Residuos.<\/p>\n\n\n\n<p>Seg\u00fan se\u00f1alan, la negativa se produjo \u201csin ning\u00fan tipo de argumentaci\u00f3n\u201d y consideran que no ha existido voluntad de di\u00e1logo ni un enfoque dirigido al beneficio del pueblo de Onil durante la votaci\u00f3n. <em>&#8220;Creemos que la pol\u00edtica tiene que centrarse en el bien com\u00fan y no en qui\u00e9n impulsa las ideas. Las necesidades de los ciudadanos deben ser siempre el centro de las decisiones, por encima de los intereses partidistas\u201d, ha declarado el equipo de Gobierno&#8221;<\/em><\/p>\n\n\n\n<figure class=\"wp-block-image size-full\"><img fetchpriority=\"high\" decoding=\"async\" width=\"1167\" height=\"549\" src=\"https:\/\/www.lafresca.fm\/f-solosog\/2025\/03\/pleno-onil-ee.jpg\" alt=\"\" class=\"wp-image-14593\" srcset=\"https:\/\/www.lafresca.fm\/f-solosog\/2025\/03\/pleno-onil-ee.jpg 1167w, https:\/\/www.lafresca.fm\/f-solosog\/2025\/03\/pleno-onil-ee-770x362.jpg 770w, https:\/\/www.lafresca.fm\/f-solosog\/2025\/03\/pleno-onil-ee-768x361.jpg 768w\" sizes=\"(max-width: 1167px) 100vw, 1167px\" \/><\/figure>\n\n\n\n<p>Desde el Ejecutivo local explican que la propuesta respond\u00eda a la necesidad de mejorar la operativa y optimizar la prestaci\u00f3n de los servicios p\u00fablicos, asegurando que la actual comunicaci\u00f3n e intercambio de informaci\u00f3n entre representantes y \u00e1reas t\u00e9cnicas no es fluida ni eficaz, lo que repercute negativamente en la eficiencia del servicio a la ciudadan\u00eda.<em>\u201cEl equipo de Gobierno realiza el trabajo de estudiar y preparar la documentaci\u00f3n para indicar el sentido del voto, por lo que resulta incoherente que la representaci\u00f3n en estos \u00f3rganos no recaiga en quienes gestionan directamente las concejal\u00edas implicadas\u201d, <\/em>argumentan.<\/p>\n\n\n\n<p>En este sentido, insisten en que la representaci\u00f3n m\u00e1s coherente y eficiente en estos consorcios ser\u00eda la de la persona delegada en el \u00e1rea correspondiente, al disponer de toda la informaci\u00f3n necesaria y poder desarrollar su labor de forma adecuada y en beneficio del pueblo.<\/p>\n\n\n\n<p>Adem\u00e1s, recuerdan que durante la anterior legislatura, la exalcaldesa, Humi Guill, se asign\u00f3 a las concejalas de \u00e1rea la representaci\u00f3n en estos consorcios, tal y como puede comprobarse en la web del consorcio, donde figuran como vicepresidenta tercera y vocal, respectivamente.<em>\u201cEl sentido com\u00fan y la experiencia demuestran que la mejor opci\u00f3n es la que proponemos desde el equipo de Gobierno\u201d<\/em>, concluyen.<\/p>\n<script>function PlayerjsAsync(){} if(window[\"Playerjs\"]){PlayerjsAsync();}<\/script>","protected":false},"excerpt":{"rendered":"<p>Critican la falta de argumentaci\u00f3n del PSOE, Sumem y Cristina Tango, y defienden que su propuesta buscaba mejorar la eficacia y el servicio a la ciudadan\u00eda. El equipo de Gobierno del Ayuntamiento de Onil ha mostrado su malestar tras el rechazo, por parte del PSOE, Sumem y la concejal no ...<\/p>\n","protected":false},"author":2,"featured_media":14593,"comment_status":"closed","ping_status":"closed","sticky":false,"template":"","format":"standard","meta":{"_monsterinsights_skip_tracking":false,"_monsterinsights_sitenote_active":false,"_monsterinsights_sitenote_note":"","_monsterinsights_sitenote_category":0,"footnotes":""},"categories":[4],"tags":[133],"class_list":["post-14591","post","type-post","status-publish","format-standard","has-post-thumbnail","hentry","category-alicante","tag-onil"],"aioseo_notices":[],"_links":{"self":[{"href":"https:\/\/www.lafresca.fm\/fresca-api-json\/wp\/v2\/posts\/14591","targetHints":{"allow":["GET"]}}],"collection":[{"href":"https:\/\/www.lafresca.fm\/fresca-api-json\/wp\/v2\/posts"}],"about":[{"href":"https:\/\/www.lafresca.fm\/fresca-api-json\/wp\/v2\/types\/post"}],"author":[{"embeddable":true,"href":"https:\/\/www.lafresca.fm\/fresca-api-json\/wp\/v2\/users\/2"}],"replies":[{"embeddable":true,"href":"https:\/\/www.lafresca.fm\/fresca-api-json\/wp\/v2\/comments?post=14591"}],"version-history":[{"count":2,"href":"https:\/\/www.lafresca.fm\/fresca-api-json\/wp\/v2\/posts\/14591\/revisions"}],"predecessor-version":[{"id":14595,"href":"https:\/\/www.lafresca.fm\/fresca-api-json\/wp\/v2\/posts\/14591\/revisions\/14595"}],"wp:featuredmedia":[{"embeddable":true,"href":"https:\/\/www.lafresca.fm\/fresca-api-json\/wp\/v2\/media\/14593"}],"wp:attachment":[{"href":"https:\/\/www.lafresca.fm\/fresca-api-json\/wp\/v2\/media?parent=14591"}],"wp:term":[{"taxonomy":"category","embeddable":true,"href":"https:\/\/www.lafresca.fm\/fresca-api-json\/wp\/v2\/categories?post=14591"},{"taxonomy":"post_tag","embeddable":true,"href":"https:\/\/www.lafresca.fm\/fresca-api-json\/wp\/v2\/tags?post=14591"}],"curies":[{"name":"wp","href":"https:\/\/api.w.org\/{rel}","templated":true}]}}