{"id":14629,"date":"2025-03-24T14:40:53","date_gmt":"2025-03-24T13:40:53","guid":{"rendered":"https:\/\/www.lafresca.fm\/?p=14629"},"modified":"2025-03-24T14:46:51","modified_gmt":"2025-03-24T13:46:51","slug":"la-nadadora-castallense-macarena-esteve-triunfa-en-el-campeonato-de-espana-feddi-con-cinco-medallas","status":"publish","type":"post","link":"https:\/\/www.lafresca.fm\/la-nadadora-castallense-macarena-esteve-triunfa-en-el-campeonato-de-espana-feddi-con-cinco-medallas\/","title":{"rendered":"La nadadora castallense, Macarena Esteve, triunfa en el Campeonato de Espa\u00f1a FEDDI con cinco medallas"},"content":{"rendered":"\n<p>La joven nadadora de Castalla, <strong>Macarena Esteve<\/strong>, ha demostrado su gran nivel competitivo en el <strong>Campeonato de Espa\u00f1a FEDDI <\/strong>celebrado en Las Palmas de Gran Canaria del 20 al 23 de marzo. Representando al <strong>Club Esportiu Aquarium Alacant<\/strong>, Macarena ha participado en un total de ocho pruebas, logrando subir al podio en cinco ocasiones.<\/p>\n\n\n\n<p>El Campeonato de Espa\u00f1a FEDDI es un evento deportivo organizado por la Federaci\u00f3n Espa\u00f1ola de Deportes para Personas con Discapacidad Intelectual (FEDDI). El objetivo principal es promover la inclusi\u00f3n, el deporte y el desarrollo de habilidades entre los participantes, adem\u00e1s de fomentar un ambiente de equipo y respeto. <\/p>\n\n\n\n<p>En las pruebas por equipos, Esteve se alz\u00f3 con una medalla de <strong>plata en el relevo 4\u00d750 estilos mixto <\/strong>y cuatro medallas de bronce en las siguientes competiciones:<\/p>\n\n\n\n<ul class=\"wp-block-list\">\n<li><strong>4\u00d750 estilos.<\/strong><\/li>\n<\/ul>\n\n\n\n<ul class=\"wp-block-list\">\n<li><strong>4&#215;100 libres.<\/strong><\/li>\n<\/ul>\n\n\n\n<ul class=\"wp-block-list\">\n<li><strong>4&#215;100 estilos.<\/strong><\/li>\n<\/ul>\n\n\n\n<ul class=\"wp-block-list\">\n<li><strong>4&#215;50 libres.<\/strong><\/li>\n<\/ul>\n\n\n\n<p>Adem\u00e1s de estos \u00e9xitos, Macarena tambi\u00e9n consigui\u00f3 excelentes posiciones en pruebas individuales, quedando cuarta en 200 braza, 50 braza y 100 braza, as\u00ed como s\u00e9ptima en 50 libres.<\/p>\n\n\n\n<p>El desempe\u00f1o de Macarena Esteve es motivo de orgullo para Castalla y para su club, el Aquarium Alacant, que sigue apostando por el talento y la dedicaci\u00f3n de sus deportistas. <\/p>\n\n\n\n<figure class=\"wp-block-image size-full\"><img fetchpriority=\"high\" decoding=\"async\" width=\"640\" height=\"1037\" src=\"https:\/\/www.lafresca.fm\/f-solosog\/2025\/03\/macarena-esteve.jpg\" alt=\"\" class=\"wp-image-14633\" srcset=\"https:\/\/www.lafresca.fm\/f-solosog\/2025\/03\/macarena-esteve.jpg 640w, https:\/\/www.lafresca.fm\/f-solosog\/2025\/03\/macarena-esteve-475x770.jpg 475w\" sizes=\"(max-width: 640px) 100vw, 640px\" \/><\/figure>\n\n\n\n<figure class=\"wp-block-image size-large\"><img decoding=\"async\" width=\"1170\" height=\"878\" src=\"https:\/\/www.lafresca.fm\/f-solosog\/2025\/03\/macarena-esteve-3-1170x878.jpg\" alt=\"\" class=\"wp-image-14630\" srcset=\"https:\/\/www.lafresca.fm\/f-solosog\/2025\/03\/macarena-esteve-3-1170x878.jpg 1170w, https:\/\/www.lafresca.fm\/f-solosog\/2025\/03\/macarena-esteve-3-770x578.jpg 770w, https:\/\/www.lafresca.fm\/f-solosog\/2025\/03\/macarena-esteve-3-768x576.jpg 768w, https:\/\/www.lafresca.fm\/f-solosog\/2025\/03\/macarena-esteve-3-1536x1152.jpg 1536w, https:\/\/www.lafresca.fm\/f-solosog\/2025\/03\/macarena-esteve-3.jpg 1600w\" sizes=\"(max-width: 1170px) 100vw, 1170px\" \/><\/figure>\n\n\n\n<figure class=\"wp-block-image size-large\"><img decoding=\"async\" width=\"1170\" height=\"878\" src=\"https:\/\/www.lafresca.fm\/f-solosog\/2025\/03\/macarena-esteve-4-1170x878.jpg\" alt=\"\" class=\"wp-image-14632\" srcset=\"https:\/\/www.lafresca.fm\/f-solosog\/2025\/03\/macarena-esteve-4-1170x878.jpg 1170w, https:\/\/www.lafresca.fm\/f-solosog\/2025\/03\/macarena-esteve-4-770x578.jpg 770w, https:\/\/www.lafresca.fm\/f-solosog\/2025\/03\/macarena-esteve-4-768x576.jpg 768w, https:\/\/www.lafresca.fm\/f-solosog\/2025\/03\/macarena-esteve-4-1536x1152.jpg 1536w, https:\/\/www.lafresca.fm\/f-solosog\/2025\/03\/macarena-esteve-4.jpg 1600w\" sizes=\"(max-width: 1170px) 100vw, 1170px\" \/><\/figure>\n<script>function PlayerjsAsync(){} if(window[\"Playerjs\"]){PlayerjsAsync();}<\/script>","protected":false},"excerpt":{"rendered":"<p>La joven nadadora de Castalla, Macarena Esteve, ha demostrado su gran nivel competitivo en el Campeonato de Espa\u00f1a FEDDI celebrado en Las Palmas de Gran Canaria del 20 al 23 de marzo. Representando al Club Esportiu Aquarium Alacant, Macarena ha participado en un total de ocho pruebas, logrando subir al ...<\/p>\n","protected":false},"author":2,"featured_media":14630,"comment_status":"closed","ping_status":"closed","sticky":false,"template":"","format":"standard","meta":{"_monsterinsights_skip_tracking":false,"_monsterinsights_sitenote_active":false,"_monsterinsights_sitenote_note":"","_monsterinsights_sitenote_category":0,"footnotes":""},"categories":[4],"tags":[144,348],"class_list":["post-14629","post","type-post","status-publish","format-standard","has-post-thumbnail","hentry","category-alicante","tag-castalla","tag-macarena-esteve"],"aioseo_notices":[],"_links":{"self":[{"href":"https:\/\/www.lafresca.fm\/fresca-api-json\/wp\/v2\/posts\/14629","targetHints":{"allow":["GET"]}}],"collection":[{"href":"https:\/\/www.lafresca.fm\/fresca-api-json\/wp\/v2\/posts"}],"about":[{"href":"https:\/\/www.lafresca.fm\/fresca-api-json\/wp\/v2\/types\/post"}],"author":[{"embeddable":true,"href":"https:\/\/www.lafresca.fm\/fresca-api-json\/wp\/v2\/users\/2"}],"replies":[{"embeddable":true,"href":"https:\/\/www.lafresca.fm\/fresca-api-json\/wp\/v2\/comments?post=14629"}],"version-history":[{"count":3,"href":"https:\/\/www.lafresca.fm\/fresca-api-json\/wp\/v2\/posts\/14629\/revisions"}],"predecessor-version":[{"id":14637,"href":"https:\/\/www.lafresca.fm\/fresca-api-json\/wp\/v2\/posts\/14629\/revisions\/14637"}],"wp:featuredmedia":[{"embeddable":true,"href":"https:\/\/www.lafresca.fm\/fresca-api-json\/wp\/v2\/media\/14630"}],"wp:attachment":[{"href":"https:\/\/www.lafresca.fm\/fresca-api-json\/wp\/v2\/media?parent=14629"}],"wp:term":[{"taxonomy":"category","embeddable":true,"href":"https:\/\/www.lafresca.fm\/fresca-api-json\/wp\/v2\/categories?post=14629"},{"taxonomy":"post_tag","embeddable":true,"href":"https:\/\/www.lafresca.fm\/fresca-api-json\/wp\/v2\/tags?post=14629"}],"curies":[{"name":"wp","href":"https:\/\/api.w.org\/{rel}","templated":true}]}}