{"id":14653,"date":"2025-03-25T15:07:38","date_gmt":"2025-03-25T14:07:38","guid":{"rendered":"https:\/\/www.lafresca.fm\/?p=14653"},"modified":"2025-03-25T15:07:41","modified_gmt":"2025-03-25T14:07:41","slug":"la-asociacion-santa-gema-de-ibi-organiza-una-fiesta-solidaria-con-bingo-musical-a-favor-de-solc-este-domingo-30-de-marzo","status":"publish","type":"post","link":"https:\/\/www.lafresca.fm\/la-asociacion-santa-gema-de-ibi-organiza-una-fiesta-solidaria-con-bingo-musical-a-favor-de-solc-este-domingo-30-de-marzo\/","title":{"rendered":"La Asociaci\u00f3n Santa Gema de Ibi organiza una fiesta solidaria con Bingo Musical a Favor de SOLC este domingo 30 de marzo"},"content":{"rendered":"\n<p>La <strong>Asociaci\u00f3n Santa Gema de Ibi<\/strong> ha organizado una fiesta solidaria que incluir\u00e1 un bingo musical, con el objetivo de recaudar fondos para la <strong>Asociaci\u00f3n Comarcal de Ayuda en el Tratamiento del C\u00e1ncer (SOLC)<\/strong>, que apoya a enfermos y a sus familiares. El evento se llevar\u00e1 a cabo este domingo 30 de marzo a partir de las 17:30 de la tarde en los Salones Tuareg de Ibi.<\/p>\n\n\n\n<p><strong>Ana Sarabia <\/strong>y<strong> Mar\u00eda Carretero<\/strong>, representantes de la <strong>Asociaci\u00f3n Santa Gema<\/strong>, han destacado la importancia de esta iniciativa para ayudar a quienes enfrentan el c\u00e1ncer. Por su parte, <strong>Miguel Richard <\/strong>y<strong> Mar\u00eda Jos\u00e9 Grau<\/strong>, de <strong>SOLC<\/strong>, han expresado su agradecimiento por el apoyo recibido y la relevancia de eventos como este para continuar con su labor.<\/p>\n\n\n\n<figure class=\"wp-block-audio\"><audio controls src=\"https:\/\/www.lafresca.fm\/f-solosog\/2025\/03\/Entrevista-Santa-Gema-25325.mp3\"><\/audio><\/figure>\n\n\n\n<figure class=\"wp-block-image size-large\"><img fetchpriority=\"high\" decoding=\"async\" width=\"1170\" height=\"878\" src=\"https:\/\/www.lafresca.fm\/f-solosog\/2025\/03\/bingo-solidario-ana-sarabia-25-3-25-1170x878.jpg\" alt=\"\" class=\"wp-image-14655\" srcset=\"https:\/\/www.lafresca.fm\/f-solosog\/2025\/03\/bingo-solidario-ana-sarabia-25-3-25-1170x878.jpg 1170w, https:\/\/www.lafresca.fm\/f-solosog\/2025\/03\/bingo-solidario-ana-sarabia-25-3-25-770x578.jpg 770w, https:\/\/www.lafresca.fm\/f-solosog\/2025\/03\/bingo-solidario-ana-sarabia-25-3-25-768x576.jpg 768w, https:\/\/www.lafresca.fm\/f-solosog\/2025\/03\/bingo-solidario-ana-sarabia-25-3-25-1536x1152.jpg 1536w, https:\/\/www.lafresca.fm\/f-solosog\/2025\/03\/bingo-solidario-ana-sarabia-25-3-25.jpg 2000w\" sizes=\"(max-width: 1170px) 100vw, 1170px\" \/><\/figure>\n\n\n\n<p><\/p>\n<script>function PlayerjsAsync(){} if(window[\"Playerjs\"]){PlayerjsAsync();}<\/script>","protected":false},"excerpt":{"rendered":"<p>La Asociaci\u00f3n Santa Gema de Ibi ha organizado una fiesta solidaria que incluir\u00e1 un bingo musical, con el objetivo de recaudar fondos para la Asociaci\u00f3n Comarcal de Ayuda en el Tratamiento del C\u00e1ncer (SOLC), que apoya a enfermos y a sus familiares. El evento se llevar\u00e1 a cabo este domingo ...<\/p>\n","protected":false},"author":2,"featured_media":14655,"comment_status":"closed","ping_status":"closed","sticky":false,"template":"","format":"standard","meta":{"_monsterinsights_skip_tracking":false,"_monsterinsights_sitenote_active":false,"_monsterinsights_sitenote_note":"","_monsterinsights_sitenote_category":0,"footnotes":""},"categories":[4],"tags":[],"class_list":["post-14653","post","type-post","status-publish","format-standard","has-post-thumbnail","hentry","category-alicante"],"aioseo_notices":[],"_links":{"self":[{"href":"https:\/\/www.lafresca.fm\/fresca-api-json\/wp\/v2\/posts\/14653","targetHints":{"allow":["GET"]}}],"collection":[{"href":"https:\/\/www.lafresca.fm\/fresca-api-json\/wp\/v2\/posts"}],"about":[{"href":"https:\/\/www.lafresca.fm\/fresca-api-json\/wp\/v2\/types\/post"}],"author":[{"embeddable":true,"href":"https:\/\/www.lafresca.fm\/fresca-api-json\/wp\/v2\/users\/2"}],"replies":[{"embeddable":true,"href":"https:\/\/www.lafresca.fm\/fresca-api-json\/wp\/v2\/comments?post=14653"}],"version-history":[{"count":2,"href":"https:\/\/www.lafresca.fm\/fresca-api-json\/wp\/v2\/posts\/14653\/revisions"}],"predecessor-version":[{"id":14657,"href":"https:\/\/www.lafresca.fm\/fresca-api-json\/wp\/v2\/posts\/14653\/revisions\/14657"}],"wp:featuredmedia":[{"embeddable":true,"href":"https:\/\/www.lafresca.fm\/fresca-api-json\/wp\/v2\/media\/14655"}],"wp:attachment":[{"href":"https:\/\/www.lafresca.fm\/fresca-api-json\/wp\/v2\/media?parent=14653"}],"wp:term":[{"taxonomy":"category","embeddable":true,"href":"https:\/\/www.lafresca.fm\/fresca-api-json\/wp\/v2\/categories?post=14653"},{"taxonomy":"post_tag","embeddable":true,"href":"https:\/\/www.lafresca.fm\/fresca-api-json\/wp\/v2\/tags?post=14653"}],"curies":[{"name":"wp","href":"https:\/\/api.w.org\/{rel}","templated":true}]}}