{"id":14663,"date":"2025-03-26T11:11:48","date_gmt":"2025-03-26T10:11:48","guid":{"rendered":"https:\/\/www.lafresca.fm\/?p=14663"},"modified":"2025-03-26T11:11:50","modified_gmt":"2025-03-26T10:11:50","slug":"la-maquina-de-cuentos-llega-a-onil-el-sabado-29-de-marzo-con-un-espectaculo-familiar-lleno-de-magia-y-diversion","status":"publish","type":"post","link":"https:\/\/www.lafresca.fm\/la-maquina-de-cuentos-llega-a-onil-el-sabado-29-de-marzo-con-un-espectaculo-familiar-lleno-de-magia-y-diversion\/","title":{"rendered":"&#8220;La M\u00e1quina de Cuentos&#8221; llega a Onil el s\u00e1bado 29 de marzo con un espect\u00e1culo familiar lleno de magia y diversi\u00f3n"},"content":{"rendered":"\n<p>El pr\u00f3ximo s\u00e1bado 29 de marzo a las 19:00 h, el Centro Cultural de Onil se convertir\u00e1 en el escenario de &#8220;La M\u00e1quina de Cuentos&#8221;, una fascinante obra teatral dise\u00f1ada para el disfrute de toda la familia. La funci\u00f3n, de acceso gratuito, promete una experiencia inolvidable con una producci\u00f3n innovadora que combina efectos audiovisuales, canciones originales y una puesta en escena sorprendente.<\/p>\n\n\n\n<p>&#8220;La M\u00e1quina de Cuentos&#8221; es una propuesta esc\u00e9nica que reinventa los cuentos cl\u00e1sicos con un enfoque fresco y din\u00e1mico, despertando la imaginaci\u00f3n de grandes y peque\u00f1os a trav\u00e9s de una narraci\u00f3n ingeniosa y envolvente. Con un elenco talentoso y una escenograf\u00eda cuidadosamente dise\u00f1ada, este espect\u00e1culo se perfila como una cita imprescindible para los amantes del teatro y la fantas\u00eda.<\/p>\n\n\n\n<p>El evento, organizado por el Ayuntamiento de Onil y la Diputaci\u00f3n de Alicante, busca acercar la cultura y el arte esc\u00e9nico a la comunidad, ofreciendo una alternativa de entretenimiento de calidad para todos los p\u00fablicos.<\/p>\n\n\n\n<figure class=\"wp-block-image size-large\"><img fetchpriority=\"high\" decoding=\"async\" width=\"827\" height=\"1170\" src=\"https:\/\/www.lafresca.fm\/f-solosog\/2025\/03\/WhatsApp-Image-2025-03-25-at-12.07.50-827x1170.jpeg\" alt=\"\" class=\"wp-image-14664\" srcset=\"https:\/\/www.lafresca.fm\/f-solosog\/2025\/03\/WhatsApp-Image-2025-03-25-at-12.07.50-827x1170.jpeg 827w, https:\/\/www.lafresca.fm\/f-solosog\/2025\/03\/WhatsApp-Image-2025-03-25-at-12.07.50-544x770.jpeg 544w, https:\/\/www.lafresca.fm\/f-solosog\/2025\/03\/WhatsApp-Image-2025-03-25-at-12.07.50-768x1086.jpeg 768w, https:\/\/www.lafresca.fm\/f-solosog\/2025\/03\/WhatsApp-Image-2025-03-25-at-12.07.50-1086x1536.jpeg 1086w, https:\/\/www.lafresca.fm\/f-solosog\/2025\/03\/WhatsApp-Image-2025-03-25-at-12.07.50.jpeg 1131w\" sizes=\"(max-width: 827px) 100vw, 827px\" \/><\/figure>\n<script>function PlayerjsAsync(){} if(window[\"Playerjs\"]){PlayerjsAsync();}<\/script>","protected":false},"excerpt":{"rendered":"<p>El pr\u00f3ximo s\u00e1bado 29 de marzo a las 19:00 h, el Centro Cultural de Onil se convertir\u00e1 en el escenario de &#8220;La M\u00e1quina de Cuentos&#8221;, una fascinante obra teatral dise\u00f1ada para el disfrute de toda la familia. La funci\u00f3n, de acceso gratuito, promete una experiencia inolvidable con una producci\u00f3n innovadora ...<\/p>\n","protected":false},"author":2,"featured_media":14664,"comment_status":"closed","ping_status":"closed","sticky":false,"template":"","format":"standard","meta":{"_monsterinsights_skip_tracking":false,"_monsterinsights_sitenote_active":false,"_monsterinsights_sitenote_note":"","_monsterinsights_sitenote_category":0,"footnotes":""},"categories":[4],"tags":[133],"class_list":["post-14663","post","type-post","status-publish","format-standard","has-post-thumbnail","hentry","category-alicante","tag-onil"],"aioseo_notices":[],"_links":{"self":[{"href":"https:\/\/www.lafresca.fm\/fresca-api-json\/wp\/v2\/posts\/14663","targetHints":{"allow":["GET"]}}],"collection":[{"href":"https:\/\/www.lafresca.fm\/fresca-api-json\/wp\/v2\/posts"}],"about":[{"href":"https:\/\/www.lafresca.fm\/fresca-api-json\/wp\/v2\/types\/post"}],"author":[{"embeddable":true,"href":"https:\/\/www.lafresca.fm\/fresca-api-json\/wp\/v2\/users\/2"}],"replies":[{"embeddable":true,"href":"https:\/\/www.lafresca.fm\/fresca-api-json\/wp\/v2\/comments?post=14663"}],"version-history":[{"count":2,"href":"https:\/\/www.lafresca.fm\/fresca-api-json\/wp\/v2\/posts\/14663\/revisions"}],"predecessor-version":[{"id":14666,"href":"https:\/\/www.lafresca.fm\/fresca-api-json\/wp\/v2\/posts\/14663\/revisions\/14666"}],"wp:featuredmedia":[{"embeddable":true,"href":"https:\/\/www.lafresca.fm\/fresca-api-json\/wp\/v2\/media\/14664"}],"wp:attachment":[{"href":"https:\/\/www.lafresca.fm\/fresca-api-json\/wp\/v2\/media?parent=14663"}],"wp:term":[{"taxonomy":"category","embeddable":true,"href":"https:\/\/www.lafresca.fm\/fresca-api-json\/wp\/v2\/categories?post=14663"},{"taxonomy":"post_tag","embeddable":true,"href":"https:\/\/www.lafresca.fm\/fresca-api-json\/wp\/v2\/tags?post=14663"}],"curies":[{"name":"wp","href":"https:\/\/api.w.org\/{rel}","templated":true}]}}