{"id":14667,"date":"2025-03-26T12:56:59","date_gmt":"2025-03-26T11:56:59","guid":{"rendered":"https:\/\/www.lafresca.fm\/?p=14667"},"modified":"2025-03-26T12:57:01","modified_gmt":"2025-03-26T11:57:01","slug":"entrevista-con-tara-el-grupo-musical-ibense-presenta-su-nuevo-single-barcelona-en-lafresca","status":"publish","type":"post","link":"https:\/\/www.lafresca.fm\/entrevista-con-tara-el-grupo-musical-ibense-presenta-su-nuevo-single-barcelona-en-lafresca\/","title":{"rendered":"Entrevista con Tara: El Grupo Musical Ibense Presenta su Nuevo Single &#8220;Barcelona&#8221; en laFRESCA"},"content":{"rendered":"\n<p>Este mi\u00e9rcoles, 26 de marzo, los cuatro componentes del grupo musical ibense <strong>Tara<\/strong> se han pasado por nuestros estudios para presentar su nuevo single titulado <strong>&#8220;Barcelona&#8221;<\/strong>. Los miembros de la banda, <strong>Ra\u00fal Blaya<\/strong>, <strong>Ricardo Gonz\u00e1lez<\/strong>, <strong>Julio Azor\u00edn<\/strong> y <strong>\u00d3scar Mart\u00ednez<\/strong>, han querido compartir con los oyentes los detalles detr\u00e1s de su \u00faltima canci\u00f3n y nos han hablado sobre la historia que esconde esta canci\u00f3n, el proceso creativo y su evoluci\u00f3n como banda.<\/p>\n\n\n\n<figure class=\"wp-block-image size-large\"><img fetchpriority=\"high\" decoding=\"async\" width=\"1170\" height=\"878\" src=\"https:\/\/www.lafresca.fm\/f-solosog\/2025\/03\/WhatsApp-Image-2025-03-26-at-11.48.36-1170x878.jpeg\" alt=\"\" class=\"wp-image-14669\" srcset=\"https:\/\/www.lafresca.fm\/f-solosog\/2025\/03\/WhatsApp-Image-2025-03-26-at-11.48.36-1170x878.jpeg 1170w, https:\/\/www.lafresca.fm\/f-solosog\/2025\/03\/WhatsApp-Image-2025-03-26-at-11.48.36-770x578.jpeg 770w, https:\/\/www.lafresca.fm\/f-solosog\/2025\/03\/WhatsApp-Image-2025-03-26-at-11.48.36-768x576.jpeg 768w, https:\/\/www.lafresca.fm\/f-solosog\/2025\/03\/WhatsApp-Image-2025-03-26-at-11.48.36-1536x1152.jpeg 1536w, https:\/\/www.lafresca.fm\/f-solosog\/2025\/03\/WhatsApp-Image-2025-03-26-at-11.48.36.jpeg 2000w\" sizes=\"(max-width: 1170px) 100vw, 1170px\" \/><\/figure>\n\n\n\n<p><strong>Tara<\/strong>, originarios de Ibi, ha estado marcando su huella en la escena musical con un estilo que fusiona pop, rock y sonidos alternativos. Unos componentes que ya saben de lo que trata la m\u00fasica, ya que han pertenecido a otros grupos anteriormente. <\/p>\n\n\n\n<p>Con <strong>&#8220;Barcelona&#8221;<\/strong>, su m\u00e1s reciente single, el grupo promete seguir sorprendiendo a sus seguidores con su caracter\u00edstico estilo y una nueva propuesta sonora. En esta entrevista, los miembros de Tara comparten sus inspiraciones para la canci\u00f3n, los desaf\u00edos que han enfrentado durante la creaci\u00f3n del tema y sus planes futuros.<\/p>\n\n\n\n<figure class=\"wp-block-audio\"><audio controls src=\"https:\/\/www.lafresca.fm\/f-solosog\/2025\/03\/ENTREVISTA-a-Tara-26-3-25-OK.mp3\"><\/audio><\/figure>\n<script>function PlayerjsAsync(){} if(window[\"Playerjs\"]){PlayerjsAsync();}<\/script>","protected":false},"excerpt":{"rendered":"<p>Este mi\u00e9rcoles, 26 de marzo, los cuatro componentes del grupo musical ibense Tara se han pasado por nuestros estudios para presentar su nuevo single titulado &#8220;Barcelona&#8221;. Los miembros de la banda, Ra\u00fal Blaya, Ricardo Gonz\u00e1lez, Julio Azor\u00edn y \u00d3scar Mart\u00ednez, han querido compartir con los oyentes los detalles detr\u00e1s de ...<\/p>\n","protected":false},"author":2,"featured_media":14669,"comment_status":"closed","ping_status":"closed","sticky":false,"template":"","format":"standard","meta":{"_monsterinsights_skip_tracking":false,"_monsterinsights_sitenote_active":false,"_monsterinsights_sitenote_note":"","_monsterinsights_sitenote_category":0,"footnotes":""},"categories":[4],"tags":[128,820],"class_list":["post-14667","post","type-post","status-publish","format-standard","has-post-thumbnail","hentry","category-alicante","tag-ibi","tag-tara"],"aioseo_notices":[],"_links":{"self":[{"href":"https:\/\/www.lafresca.fm\/fresca-api-json\/wp\/v2\/posts\/14667","targetHints":{"allow":["GET"]}}],"collection":[{"href":"https:\/\/www.lafresca.fm\/fresca-api-json\/wp\/v2\/posts"}],"about":[{"href":"https:\/\/www.lafresca.fm\/fresca-api-json\/wp\/v2\/types\/post"}],"author":[{"embeddable":true,"href":"https:\/\/www.lafresca.fm\/fresca-api-json\/wp\/v2\/users\/2"}],"replies":[{"embeddable":true,"href":"https:\/\/www.lafresca.fm\/fresca-api-json\/wp\/v2\/comments?post=14667"}],"version-history":[{"count":2,"href":"https:\/\/www.lafresca.fm\/fresca-api-json\/wp\/v2\/posts\/14667\/revisions"}],"predecessor-version":[{"id":14671,"href":"https:\/\/www.lafresca.fm\/fresca-api-json\/wp\/v2\/posts\/14667\/revisions\/14671"}],"wp:featuredmedia":[{"embeddable":true,"href":"https:\/\/www.lafresca.fm\/fresca-api-json\/wp\/v2\/media\/14669"}],"wp:attachment":[{"href":"https:\/\/www.lafresca.fm\/fresca-api-json\/wp\/v2\/media?parent=14667"}],"wp:term":[{"taxonomy":"category","embeddable":true,"href":"https:\/\/www.lafresca.fm\/fresca-api-json\/wp\/v2\/categories?post=14667"},{"taxonomy":"post_tag","embeddable":true,"href":"https:\/\/www.lafresca.fm\/fresca-api-json\/wp\/v2\/tags?post=14667"}],"curies":[{"name":"wp","href":"https:\/\/api.w.org\/{rel}","templated":true}]}}