{"id":14680,"date":"2025-03-26T17:06:16","date_gmt":"2025-03-26T16:06:16","guid":{"rendered":"https:\/\/www.lafresca.fm\/?p=14680"},"modified":"2025-03-26T17:06:18","modified_gmt":"2025-03-26T16:06:18","slug":"actiu-avanza-en-sostenibilidad-adelanta-objetivos-del-pacto-verde-europeo-con-inversiones-significativas","status":"publish","type":"post","link":"https:\/\/www.lafresca.fm\/actiu-avanza-en-sostenibilidad-adelanta-objetivos-del-pacto-verde-europeo-con-inversiones-significativas\/","title":{"rendered":"Actiu Avanza en Sostenibilidad: Adelanta Objetivos del Pacto Verde Europeo con Inversiones Significativas"},"content":{"rendered":"\n<p>En un contexto de creciente debate pol\u00edtico sobre el Pacto Verde Europeo, la empresa de Castalla, Actiu, se destaca por su firme compromiso con la sostenibilidad. En los \u00faltimos tres a\u00f1os, la compa\u00f1\u00eda ha invertido m\u00e1s de 7,5 millones de euros en una estrategia integral de investigaci\u00f3n y desarrollo (I+D), que incluye la optimizaci\u00f3n de procesos productivos y la implementaci\u00f3n de certificaciones que refuercen su posicionamiento en el mercado.<\/p>\n\n\n\n<p>Recientemente, Actiu renov\u00f3 su certificaci\u00f3n B Corp, un reconocimiento que mide indicadores de sostenibilidad y responsabilidad social. Joaqu\u00edn Berbegal, CEO de Actiu, subraya que \u201clas nuevas exigencias medioambientales no solo son un reto, sino una oportunidad para innovar y transformar nuestra manera de producir y consumir\u201d. Esta filosof\u00eda ha sido un pilar estrat\u00e9gico desde los inicios de la empresa.<\/p>\n\n\n\n<figure class=\"wp-block-image size-full\"><img fetchpriority=\"high\" decoding=\"async\" width=\"781\" height=\"523\" src=\"https:\/\/www.lafresca.fm\/f-solosog\/2025\/03\/Captura-1.png\" alt=\"\" class=\"wp-image-14681\" srcset=\"https:\/\/www.lafresca.fm\/f-solosog\/2025\/03\/Captura-1.png 781w, https:\/\/www.lafresca.fm\/f-solosog\/2025\/03\/Captura-1-770x516.png 770w, https:\/\/www.lafresca.fm\/f-solosog\/2025\/03\/Captura-1-768x514.png 768w\" sizes=\"(max-width: 781px) 100vw, 781px\" \/><\/figure>\n\n\n\n<p>La compa\u00f1\u00eda ha incrementado su inversi\u00f3n en sostenibilidad en un 30% cada a\u00f1o, incluyendo iniciativas de digitalizaci\u00f3n. Berbegal enfatiza que \u201cel modelo empresarial est\u00e1 cambiando y las compa\u00f1\u00edas que no integren la sostenibilidad en su ADN quedar\u00e1n fuera del mercado\u201d. Convertirse en B Corp no solo refuerza su compromiso, sino que tambi\u00e9n demuestra que es posible generar un impacto positivo sin sacrificar la rentabilidad.<\/p>\n\n\n\n<p>Un hito notable para Actiu es que se ha convertido en la primera empresa manufacturera del sector del mobiliario en Espa\u00f1a en reportar su huella de carbono durante dos a\u00f1os consecutivos al Ministerio para la Transici\u00f3n Ecol\u00f3gica y el Reto Demogr\u00e1fico (Miteco). En 2023, la empresa registr\u00f3 una huella total de 71.194 toneladas de carbono equivalente (CO\u2082e), con una reducci\u00f3n del 5% en las emisiones de los &#8220;Alcances 1+2&#8221; a pesar de un aumento del 4,72% en la producci\u00f3n.<\/p>\n\n\n\n<p>Carmen Berbegal, responsable del departamento de Sostenibilidad y RSC, destaca que \u201cel control de emisiones ya no es solo una cuesti\u00f3n medioambiental, sino una ventaja competitiva\u201d. En un mundo donde la sostenibilidad es clave para acceder a contratos y financiaci\u00f3n, medir y reducir la huella de carbono en el &#8220;Alcance 3&#8221; coloca a Actiu en una posici\u00f3n privilegiada.<\/p>\n<script>function PlayerjsAsync(){} if(window[\"Playerjs\"]){PlayerjsAsync();}<\/script>","protected":false},"excerpt":{"rendered":"<p>En un contexto de creciente debate pol\u00edtico sobre el Pacto Verde Europeo, la empresa de Castalla, Actiu, se destaca por su firme compromiso con la sostenibilidad. En los \u00faltimos tres a\u00f1os, la compa\u00f1\u00eda ha invertido m\u00e1s de 7,5 millones de euros en una estrategia integral de investigaci\u00f3n y desarrollo (I+D), ...<\/p>\n","protected":false},"author":2,"featured_media":14681,"comment_status":"closed","ping_status":"closed","sticky":false,"template":"","format":"standard","meta":{"_monsterinsights_skip_tracking":false,"_monsterinsights_sitenote_active":false,"_monsterinsights_sitenote_note":"","_monsterinsights_sitenote_category":0,"footnotes":""},"categories":[4],"tags":[156,144],"class_list":["post-14680","post","type-post","status-publish","format-standard","has-post-thumbnail","hentry","category-alicante","tag-actiu","tag-castalla"],"aioseo_notices":[],"_links":{"self":[{"href":"https:\/\/www.lafresca.fm\/fresca-api-json\/wp\/v2\/posts\/14680","targetHints":{"allow":["GET"]}}],"collection":[{"href":"https:\/\/www.lafresca.fm\/fresca-api-json\/wp\/v2\/posts"}],"about":[{"href":"https:\/\/www.lafresca.fm\/fresca-api-json\/wp\/v2\/types\/post"}],"author":[{"embeddable":true,"href":"https:\/\/www.lafresca.fm\/fresca-api-json\/wp\/v2\/users\/2"}],"replies":[{"embeddable":true,"href":"https:\/\/www.lafresca.fm\/fresca-api-json\/wp\/v2\/comments?post=14680"}],"version-history":[{"count":2,"href":"https:\/\/www.lafresca.fm\/fresca-api-json\/wp\/v2\/posts\/14680\/revisions"}],"predecessor-version":[{"id":14683,"href":"https:\/\/www.lafresca.fm\/fresca-api-json\/wp\/v2\/posts\/14680\/revisions\/14683"}],"wp:featuredmedia":[{"embeddable":true,"href":"https:\/\/www.lafresca.fm\/fresca-api-json\/wp\/v2\/media\/14681"}],"wp:attachment":[{"href":"https:\/\/www.lafresca.fm\/fresca-api-json\/wp\/v2\/media?parent=14680"}],"wp:term":[{"taxonomy":"category","embeddable":true,"href":"https:\/\/www.lafresca.fm\/fresca-api-json\/wp\/v2\/categories?post=14680"},{"taxonomy":"post_tag","embeddable":true,"href":"https:\/\/www.lafresca.fm\/fresca-api-json\/wp\/v2\/tags?post=14680"}],"curies":[{"name":"wp","href":"https:\/\/api.w.org\/{rel}","templated":true}]}}