{"id":14700,"date":"2025-03-28T10:56:42","date_gmt":"2025-03-28T09:56:42","guid":{"rendered":"https:\/\/www.lafresca.fm\/?p=14700"},"modified":"2025-03-28T10:56:44","modified_gmt":"2025-03-28T09:56:44","slug":"la-concejalia-de-comercio-de-ibi-informa-de-un-error-en-la-comunicacion-de-datos-fiscales-de-los-bonos-consumo-2024","status":"publish","type":"post","link":"https:\/\/www.lafresca.fm\/la-concejalia-de-comercio-de-ibi-informa-de-un-error-en-la-comunicacion-de-datos-fiscales-de-los-bonos-consumo-2024\/","title":{"rendered":"La Concejal\u00eda de Comercio de Ibi informa de un error en la Comunicaci\u00f3n de Datos Fiscales de los Bonos Consumo 2024"},"content":{"rendered":"\n<p><strong>La Concejal\u00eda de Comercio y Consumo del Ayuntamiento de Ibi, INFORMA: <\/strong><\/p>\n\n\n\n<p>Error en la Comunicaci\u00f3n de Datos Fiscales de los Bonos Consumo 2024<\/p>\n\n\n\n<p>El Ayuntamiento de Ibi informa a los beneficiarios de los Bonos Consumo 2024, destinados a revitalizar la actividad hostelera y comercial de nuestra localidad, que se ha detectado un error en la comunicaci\u00f3n de los datos fiscales a la Agencia Estatal de Administraci\u00f3n Tributaria.<\/p>\n\n\n\n<figure class=\"wp-block-image size-full\"><img fetchpriority=\"high\" decoding=\"async\" width=\"1024\" height=\"530\" src=\"https:\/\/www.lafresca.fm\/f-solosog\/2025\/03\/631a82378f4ee.jpg\" alt=\"\" class=\"wp-image-14702\" srcset=\"https:\/\/www.lafresca.fm\/f-solosog\/2025\/03\/631a82378f4ee.jpg 1024w, https:\/\/www.lafresca.fm\/f-solosog\/2025\/03\/631a82378f4ee-770x399.jpg 770w, https:\/\/www.lafresca.fm\/f-solosog\/2025\/03\/631a82378f4ee-768x398.jpg 768w\" sizes=\"(max-width: 1024px) 100vw, 1024px\" \/><\/figure>\n\n\n\n<p>Este error ha ocasionado que en los borradores de las declaraciones fiscales aparezcan importes inexactos, lo que podr\u00eda generar confusi\u00f3n al realizar las autoliquidaciones. Para corregir esta situaci\u00f3n, cada beneficiario podr\u00e1 proceder de una de las siguientes formas:<\/p>\n\n\n\n<p>1. Verificar el importe exacto: se debe consignar el importe correcto que figura en la copia de la resoluci\u00f3n, que se encuentra disponible para todos los beneficiarios.<\/p>\n\n\n\n<p>2. Esperar la rectificaci\u00f3n oficial: en caso de que prefiera no realizar modificaciones, se est\u00e1 llevando a cabo la rectificaci\u00f3n de los datos fiscales y los importes correctos estar\u00e1n disponibles en breve.<\/p>\n\n\n\n<p>En cualquier caso, se garantiza que el importe exacto ser\u00e1 reflejado en la correcci\u00f3n oficial. Lamentamos los inconvenientes que esta situaci\u00f3n pueda causar y agradecemos la comprensi\u00f3n y colaboraci\u00f3n de la ciudadan\u00eda.<\/p>\n<script>function PlayerjsAsync(){} if(window[\"Playerjs\"]){PlayerjsAsync();}<\/script>","protected":false},"excerpt":{"rendered":"<p>La Concejal\u00eda de Comercio y Consumo del Ayuntamiento de Ibi, INFORMA: Error en la Comunicaci\u00f3n de Datos Fiscales de los Bonos Consumo 2024 El Ayuntamiento de Ibi informa a los beneficiarios de los Bonos Consumo 2024, destinados a revitalizar la actividad hostelera y comercial de nuestra localidad, que se ha ...<\/p>\n","protected":false},"author":2,"featured_media":14702,"comment_status":"closed","ping_status":"closed","sticky":false,"template":"","format":"standard","meta":{"_monsterinsights_skip_tracking":false,"_monsterinsights_sitenote_active":false,"_monsterinsights_sitenote_note":"","_monsterinsights_sitenote_category":0,"footnotes":""},"categories":[4],"tags":[128],"class_list":["post-14700","post","type-post","status-publish","format-standard","has-post-thumbnail","hentry","category-alicante","tag-ibi"],"aioseo_notices":[],"_links":{"self":[{"href":"https:\/\/www.lafresca.fm\/fresca-api-json\/wp\/v2\/posts\/14700","targetHints":{"allow":["GET"]}}],"collection":[{"href":"https:\/\/www.lafresca.fm\/fresca-api-json\/wp\/v2\/posts"}],"about":[{"href":"https:\/\/www.lafresca.fm\/fresca-api-json\/wp\/v2\/types\/post"}],"author":[{"embeddable":true,"href":"https:\/\/www.lafresca.fm\/fresca-api-json\/wp\/v2\/users\/2"}],"replies":[{"embeddable":true,"href":"https:\/\/www.lafresca.fm\/fresca-api-json\/wp\/v2\/comments?post=14700"}],"version-history":[{"count":2,"href":"https:\/\/www.lafresca.fm\/fresca-api-json\/wp\/v2\/posts\/14700\/revisions"}],"predecessor-version":[{"id":14704,"href":"https:\/\/www.lafresca.fm\/fresca-api-json\/wp\/v2\/posts\/14700\/revisions\/14704"}],"wp:featuredmedia":[{"embeddable":true,"href":"https:\/\/www.lafresca.fm\/fresca-api-json\/wp\/v2\/media\/14702"}],"wp:attachment":[{"href":"https:\/\/www.lafresca.fm\/fresca-api-json\/wp\/v2\/media?parent=14700"}],"wp:term":[{"taxonomy":"category","embeddable":true,"href":"https:\/\/www.lafresca.fm\/fresca-api-json\/wp\/v2\/categories?post=14700"},{"taxonomy":"post_tag","embeddable":true,"href":"https:\/\/www.lafresca.fm\/fresca-api-json\/wp\/v2\/tags?post=14700"}],"curies":[{"name":"wp","href":"https:\/\/api.w.org\/{rel}","templated":true}]}}