{"id":14711,"date":"2025-03-31T15:19:34","date_gmt":"2025-03-31T13:19:34","guid":{"rendered":"https:\/\/www.lafresca.fm\/?p=14711"},"modified":"2025-03-31T15:23:48","modified_gmt":"2025-03-31T13:23:48","slug":"la-castallense-macarena-esteve-y-la-seleccion-valenciana-se-coronan-subcampeones-en-el-campeonato-de-espana-de-natacion-adaptada-de-oviedo","status":"publish","type":"post","link":"https:\/\/www.lafresca.fm\/la-castallense-macarena-esteve-y-la-seleccion-valenciana-se-coronan-subcampeones-en-el-campeonato-de-espana-de-natacion-adaptada-de-oviedo\/","title":{"rendered":"La castallense Macarena Esteve y la Selecci\u00f3n Valenciana se coronan Subcampeones en el Campeonato de Espa\u00f1a de Nataci\u00f3n Adaptada de Oviedo"},"content":{"rendered":"\n<p>La nadadora castellense <strong>Macarena Esteve<\/strong> y su equipo de la <strong>Selecci\u00f3n Valenciana<\/strong> han logrado un impresionante Subcampeonato en el<strong> Campeonato de Espa\u00f1a de Nataci\u00f3n Adaptada <\/strong>de selecciones auton\u00f3micas, celebrado en Oviedo (Asturias). Este logro no solo resalta el talento de Macarena, sino tambi\u00e9n el esfuerzo y dedicaci\u00f3n de todo el equipo valenciano.<\/p>\n\n\n\n<p>El pabell\u00f3n valenciano tuvo una destacada actuaci\u00f3n, alcanzando la segunda posici\u00f3n en este prestigioso campeonato. Durante el segundo d\u00eda de competici\u00f3n, se lograron varias medallas que contribuyeron a este \u00e9xito. Eva Coronado se destac\u00f3 al obtener la Medalla de Plata en la prueba de 100 Mariposa Multidisability, adem\u00e1s de ser parte del equipo que se coron\u00f3 Campe\u00f3n de Espa\u00f1a en la categor\u00eda 4\u00d7100 Libres Mixto. Tambi\u00e9n se llev\u00f3 a casa una Medalla de Bronce en 100 Libres Multidisability.<\/p>\n\n\n\n<p>Macarena tambi\u00e9n demostraba del 20 al 23 de marzo su gran nivel competitivo en el\u00a0<strong>Campeonato de Espa\u00f1a FEDDI\u00a0<\/strong>celebrado en Las Palmas de Gran Canaria. Representando al\u00a0<strong>Club Esportiu Aquarium Alacant<\/strong>, Macarena participaba en un total de ocho pruebas, logrando subir al podio en cinco ocasiones.<\/p>\n\n\n\n<p>\u00a1Enhorabuena al equipo! <\/p>\n\n\n\n<figure class=\"wp-block-image size-large\"><img fetchpriority=\"high\" decoding=\"async\" width=\"1170\" height=\"878\" src=\"https:\/\/www.lafresca.fm\/f-solosog\/2025\/03\/maca-1170x878.jpg\" alt=\"\" class=\"wp-image-14713\" srcset=\"https:\/\/www.lafresca.fm\/f-solosog\/2025\/03\/maca-1170x878.jpg 1170w, https:\/\/www.lafresca.fm\/f-solosog\/2025\/03\/maca-770x578.jpg 770w, https:\/\/www.lafresca.fm\/f-solosog\/2025\/03\/maca-768x576.jpg 768w, https:\/\/www.lafresca.fm\/f-solosog\/2025\/03\/maca-1536x1152.jpg 1536w, https:\/\/www.lafresca.fm\/f-solosog\/2025\/03\/maca.jpg 2048w\" sizes=\"(max-width: 1170px) 100vw, 1170px\" \/><\/figure>\n\n\n\n<figure class=\"wp-block-gallery has-nested-images columns-default is-cropped wp-block-gallery-1 is-layout-flex wp-block-gallery-is-layout-flex\">\n<figure class=\"wp-block-image size-large\"><img decoding=\"async\" width=\"878\" height=\"1170\" data-id=\"14712\" src=\"https:\/\/www.lafresca.fm\/f-solosog\/2025\/03\/maca-2-878x1170.jpg\" alt=\"\" class=\"wp-image-14712\" srcset=\"https:\/\/www.lafresca.fm\/f-solosog\/2025\/03\/maca-2-878x1170.jpg 878w, https:\/\/www.lafresca.fm\/f-solosog\/2025\/03\/maca-2-578x770.jpg 578w, https:\/\/www.lafresca.fm\/f-solosog\/2025\/03\/maca-2-768x1024.jpg 768w, https:\/\/www.lafresca.fm\/f-solosog\/2025\/03\/maca-2-1152x1536.jpg 1152w, https:\/\/www.lafresca.fm\/f-solosog\/2025\/03\/maca-2.jpg 1200w\" sizes=\"(max-width: 878px) 100vw, 878px\" \/><\/figure>\n<\/figure>\n<script>function PlayerjsAsync(){} if(window[\"Playerjs\"]){PlayerjsAsync();}<\/script>","protected":false},"excerpt":{"rendered":"<p>La nadadora castellense Macarena Esteve y su equipo de la Selecci\u00f3n Valenciana han logrado un impresionante Subcampeonato en el Campeonato de Espa\u00f1a de Nataci\u00f3n Adaptada de selecciones auton\u00f3micas, celebrado en Oviedo (Asturias). Este logro no solo resalta el talento de Macarena, sino tambi\u00e9n el esfuerzo y dedicaci\u00f3n de todo el ...<\/p>\n","protected":false},"author":2,"featured_media":14713,"comment_status":"closed","ping_status":"closed","sticky":false,"template":"","format":"standard","meta":{"_monsterinsights_skip_tracking":false,"_monsterinsights_sitenote_active":false,"_monsterinsights_sitenote_note":"","_monsterinsights_sitenote_category":0,"footnotes":""},"categories":[4],"tags":[144,348],"class_list":["post-14711","post","type-post","status-publish","format-standard","has-post-thumbnail","hentry","category-alicante","tag-castalla","tag-macarena-esteve"],"aioseo_notices":[],"_links":{"self":[{"href":"https:\/\/www.lafresca.fm\/fresca-api-json\/wp\/v2\/posts\/14711","targetHints":{"allow":["GET"]}}],"collection":[{"href":"https:\/\/www.lafresca.fm\/fresca-api-json\/wp\/v2\/posts"}],"about":[{"href":"https:\/\/www.lafresca.fm\/fresca-api-json\/wp\/v2\/types\/post"}],"author":[{"embeddable":true,"href":"https:\/\/www.lafresca.fm\/fresca-api-json\/wp\/v2\/users\/2"}],"replies":[{"embeddable":true,"href":"https:\/\/www.lafresca.fm\/fresca-api-json\/wp\/v2\/comments?post=14711"}],"version-history":[{"count":3,"href":"https:\/\/www.lafresca.fm\/fresca-api-json\/wp\/v2\/posts\/14711\/revisions"}],"predecessor-version":[{"id":14717,"href":"https:\/\/www.lafresca.fm\/fresca-api-json\/wp\/v2\/posts\/14711\/revisions\/14717"}],"wp:featuredmedia":[{"embeddable":true,"href":"https:\/\/www.lafresca.fm\/fresca-api-json\/wp\/v2\/media\/14713"}],"wp:attachment":[{"href":"https:\/\/www.lafresca.fm\/fresca-api-json\/wp\/v2\/media?parent=14711"}],"wp:term":[{"taxonomy":"category","embeddable":true,"href":"https:\/\/www.lafresca.fm\/fresca-api-json\/wp\/v2\/categories?post=14711"},{"taxonomy":"post_tag","embeddable":true,"href":"https:\/\/www.lafresca.fm\/fresca-api-json\/wp\/v2\/tags?post=14711"}],"curies":[{"name":"wp","href":"https:\/\/api.w.org\/{rel}","templated":true}]}}