{"id":14718,"date":"2025-03-31T16:31:09","date_gmt":"2025-03-31T14:31:09","guid":{"rendered":"https:\/\/www.lafresca.fm\/?p=14718"},"modified":"2025-03-31T16:31:53","modified_gmt":"2025-03-31T14:31:53","slug":"fide-miron-recibe-reconocimiento-en-valencia-de-don-juan-leon-por-su-labor-en-enfermedades-raras","status":"publish","type":"post","link":"https:\/\/www.lafresca.fm\/fide-miron-recibe-reconocimiento-en-valencia-de-don-juan-leon-por-su-labor-en-enfermedades-raras\/","title":{"rendered":"Fide Mir\u00f3n recibe reconocimiento en Valencia de Don Juan (Le\u00f3n) por su Labor en Enfermedades Raras"},"content":{"rendered":"\n<p>En una emotiva ceremonia celebrada en el Ayuntamiento de la localidad Leonesa de Valencia de Don Juan, Fide Mir\u00f3n ha sido reconocida por su destacada labor en apoyo a las familias que enfrentan Enfermedades Raras. Este homenaje se enmarca en la conmemoraci\u00f3n del D\u00eda Mundial de las Enfermedades Raras, donde el Ayuntamiento ha querido resaltar la importancia de la visibilizaci\u00f3n y el apoyo a quienes conviven con estas patolog\u00edas poco frecuentes.<\/p>\n\n\n\n<p>A trav\u00e9s de la Concejal\u00eda de Servicios Sociales y en colaboraci\u00f3n con la Plataforma de Asociaciones de la ciudad, se ha llevado a cabo una intensa semana de actividades bajo los inspiradores lemas &#8220;Un puente para la investigaci\u00f3n&#8221; y &#8220;Aunque nuestras enfermedades sean raras, nuestro valor y nuestra esperanza son universales&#8221;. Durante esta semana, Fide Mir\u00f3n ha participado activamente en mesas de trabajo con representantes de la comunidad educativa, sanitaria, social y administrativa, demostrando su compromiso con la causa.<\/p>\n\n\n\n<figure class=\"wp-block-image size-large\"><img fetchpriority=\"high\" decoding=\"async\" width=\"1170\" height=\"916\" src=\"https:\/\/www.lafresca.fm\/f-solosog\/2025\/03\/adhibi-1170x916.jpg\" alt=\"\" class=\"wp-image-14719\" srcset=\"https:\/\/www.lafresca.fm\/f-solosog\/2025\/03\/adhibi-1170x916.jpg 1170w, https:\/\/www.lafresca.fm\/f-solosog\/2025\/03\/adhibi-770x603.jpg 770w, https:\/\/www.lafresca.fm\/f-solosog\/2025\/03\/adhibi-768x601.jpg 768w, https:\/\/www.lafresca.fm\/f-solosog\/2025\/03\/adhibi-1536x1202.jpg 1536w, https:\/\/www.lafresca.fm\/f-solosog\/2025\/03\/adhibi.jpg 1600w\" sizes=\"(max-width: 1170px) 100vw, 1170px\" \/><\/figure>\n\n\n\n<p>Adem\u00e1s, Mir\u00f3n ha visitado varios centros educativos, donde tuvo la oportunidad de interactuar con los estudiantes, quienes presentaron sus investigaciones sobre patolog\u00edas poco frecuentes y realizaron preguntas a personas afectadas. Su presencia en el sal\u00f3n de plenos del Ayuntamiento fue especialmente significativa, ya que los j\u00f3venes pudieron aprender de primera mano sobre la importancia de la inclusi\u00f3n y el apoyo a estas familias.<\/p>\n\n\n\n<p>El Ayuntamiento de Valencia de Don Juan ha expresado su agradecimiento a Fide Mir\u00f3n por su dedicaci\u00f3n y esfuerzo en la visibilizaci\u00f3n de las Enfermedades Raras, reafirmando as\u00ed el compromiso del municipio con la inclusi\u00f3n y la investigaci\u00f3n en este \u00e1mbito. Sin duda, un paso m\u00e1s hacia un futuro donde todas las voces sean escuchadas y valoradas.<\/p>\n<script>function PlayerjsAsync(){} if(window[\"Playerjs\"]){PlayerjsAsync();}<\/script>","protected":false},"excerpt":{"rendered":"<p>En una emotiva ceremonia celebrada en el Ayuntamiento de la localidad Leonesa de Valencia de Don Juan, Fide Mir\u00f3n ha sido reconocida por su destacada labor en apoyo a las familias que enfrentan Enfermedades Raras. Este homenaje se enmarca en la conmemoraci\u00f3n del D\u00eda Mundial de las Enfermedades Raras, donde ...<\/p>\n","protected":false},"author":2,"featured_media":14719,"comment_status":"closed","ping_status":"closed","sticky":false,"template":"","format":"standard","meta":{"_monsterinsights_skip_tracking":false,"_monsterinsights_sitenote_active":false,"_monsterinsights_sitenote_note":"","_monsterinsights_sitenote_category":0,"footnotes":""},"categories":[4],"tags":[128],"class_list":["post-14718","post","type-post","status-publish","format-standard","has-post-thumbnail","hentry","category-alicante","tag-ibi"],"aioseo_notices":[],"_links":{"self":[{"href":"https:\/\/www.lafresca.fm\/fresca-api-json\/wp\/v2\/posts\/14718","targetHints":{"allow":["GET"]}}],"collection":[{"href":"https:\/\/www.lafresca.fm\/fresca-api-json\/wp\/v2\/posts"}],"about":[{"href":"https:\/\/www.lafresca.fm\/fresca-api-json\/wp\/v2\/types\/post"}],"author":[{"embeddable":true,"href":"https:\/\/www.lafresca.fm\/fresca-api-json\/wp\/v2\/users\/2"}],"replies":[{"embeddable":true,"href":"https:\/\/www.lafresca.fm\/fresca-api-json\/wp\/v2\/comments?post=14718"}],"version-history":[{"count":2,"href":"https:\/\/www.lafresca.fm\/fresca-api-json\/wp\/v2\/posts\/14718\/revisions"}],"predecessor-version":[{"id":14721,"href":"https:\/\/www.lafresca.fm\/fresca-api-json\/wp\/v2\/posts\/14718\/revisions\/14721"}],"wp:featuredmedia":[{"embeddable":true,"href":"https:\/\/www.lafresca.fm\/fresca-api-json\/wp\/v2\/media\/14719"}],"wp:attachment":[{"href":"https:\/\/www.lafresca.fm\/fresca-api-json\/wp\/v2\/media?parent=14718"}],"wp:term":[{"taxonomy":"category","embeddable":true,"href":"https:\/\/www.lafresca.fm\/fresca-api-json\/wp\/v2\/categories?post=14718"},{"taxonomy":"post_tag","embeddable":true,"href":"https:\/\/www.lafresca.fm\/fresca-api-json\/wp\/v2\/tags?post=14718"}],"curies":[{"name":"wp","href":"https:\/\/api.w.org\/{rel}","templated":true}]}}