{"id":14748,"date":"2025-04-03T10:35:05","date_gmt":"2025-04-03T08:35:05","guid":{"rendered":"https:\/\/www.lafresca.fm\/?p=14748"},"modified":"2025-04-03T10:35:07","modified_gmt":"2025-04-03T08:35:07","slug":"se-celebra-la-ii-feria-de-formacion-para-el-empleo-de-ibi-y-la-foia-de-castalla","status":"publish","type":"post","link":"https:\/\/www.lafresca.fm\/se-celebra-la-ii-feria-de-formacion-para-el-empleo-de-ibi-y-la-foia-de-castalla\/","title":{"rendered":"Se celebra la II Feria de Formaci\u00f3n para el Empleo de Ibi y la Foia de Castalla"},"content":{"rendered":"\n<ul class=\"wp-block-list\">\n<li>La segunda edici\u00f3n de la feria tuvo lugar en la F\u00e1brica Rico, con la participaci\u00f3n de unos 15 centros y organismos que pudieron presentar su oferta formativa y de futuro en la zona.<\/li>\n<\/ul>\n\n\n\n<p>El alcalde de Ibi, Sergio Carrasco, delegado del \u00e1rea de Industria y Empleo del Ayuntamiento de Ibi, acompa\u00f1ado por la directora terriorial de Empleo y Labora de Alicante, Cortes Mart\u00ednez de las Heras; de la concejal de Formaci\u00f3n del Ayuntamiento de Ibi, Paula Peidr\u00f3; el alcalde de Onil, Jaume Berenguer, as\u00ed como representantes de otros organismos participantes, inauguar\u00f3 en la ma\u00f1ana de ayer la II Feria de Formaci\u00f3n para el empleo de Ibi y la Foia de Castalla.<\/p>\n\n\n\n<p>La Feria tuvo lugar, de 10:00 h a 19:00 h, del mi\u00e9rcoles 2 de abril, en la primera planta de la f\u00e1brica Rico, y en ella, tal y como ya se plante\u00f3 en su primera edici\u00f3n, se pretende mostrar las diferentes posibilidades formativas y para el empleo que se imparten en Ibi y la Foia de Castalla. Se ha contado este a\u00f1o con la participaci\u00f3n de los tres IES de Ibi: La Foia, Fray Ignacio Barrachina y Nou Derramador, tambi\u00e9n con el IES La Creueta de Onil y el IES Enric Valor de Castalla; adem\u00e1s han participado el CFPA Joan Llu\u00eds Vives de Ibi, la Asociaci\u00f3n Babil\u00f3n de Ibi, CPEE Sanchis Ban\u00fas de Ibi, la Escuela Oficial de Idiomas de Alcoy, Formaci\u00f3n Santa Marta de Ibi, Aula Mentor, C\u00e1mara de Alicante, AIJU, Autoescuela Jord\u00e0 y Formaci\u00f3 Professional de la Comunitat Valenciana.<\/p>\n\n\n\n<figure class=\"wp-block-image size-large\"><img fetchpriority=\"high\" decoding=\"async\" width=\"1170\" height=\"658\" src=\"https:\/\/www.lafresca.fm\/f-solosog\/2025\/04\/II-feria-Formacion-para-el-Empleo-Ibi-2-1170x658.jpeg\" alt=\"\" class=\"wp-image-14749\" srcset=\"https:\/\/www.lafresca.fm\/f-solosog\/2025\/04\/II-feria-Formacion-para-el-Empleo-Ibi-2-1170x658.jpeg 1170w, https:\/\/www.lafresca.fm\/f-solosog\/2025\/04\/II-feria-Formacion-para-el-Empleo-Ibi-2-770x433.jpeg 770w, https:\/\/www.lafresca.fm\/f-solosog\/2025\/04\/II-feria-Formacion-para-el-Empleo-Ibi-2-768x432.jpeg 768w, https:\/\/www.lafresca.fm\/f-solosog\/2025\/04\/II-feria-Formacion-para-el-Empleo-Ibi-2-1536x864.jpeg 1536w, https:\/\/www.lafresca.fm\/f-solosog\/2025\/04\/II-feria-Formacion-para-el-Empleo-Ibi-2.jpeg 1600w\" sizes=\"(max-width: 1170px) 100vw, 1170px\" \/><\/figure>\n\n\n\n<p>La feria ha sido todo un \u00e9xito de asistencia y ha tenido muy buena acogida, han pasado por ella todos los 4\u00ba de la ESO de la localidad, as\u00ed como algunos 2\u00ba de Bachiller, alrededor de unos 350 alumnos y alumnas. Adem\u00e1s, se ha detectado m\u00e1s asistencia de la esperada de personas en situaci\u00f3n de desempleo, interes\u00e1ndose por las alternativas de formaci\u00f3n y empleo de la zona. Por parte de los centros y los organismos participantes, se han sentido muy satisfechos con los resultados de la feria y la han valorado como muy necesaria para poder difundir toda la capacidad formativa de la comarca. Todos ellos dispusieron de stands en los que expusieron las actividades pr\u00e1cticas que realizan en sus instalaciones, mostrando las destrezas y conocimientos adquiridos durante los estudios que imparten y en los que se pudieron establecer di\u00e1logos sobre estas materias con los j\u00f3venes, en su mayor\u00eda, que asistieron al evento.<\/p>\n\n\n\n<p>Esta segunda edici\u00f3n de la feria surge principalmente para difundir y mostrar el atractivo de las diferentes opciones de formaci\u00f3n en la zona, dirigidas al empleo, y que los\/as asistentes pudieran ver, de primera mano, una peque\u00f1a muestra de en qu\u00e9 consiste esa oferta formativa, su aplicaci\u00f3n pr\u00e1ctica en el \u00e1mbito laboral y as\u00ed, proporcionar una informaci\u00f3n m\u00e1s directa y completa con el objetivo final de conocer la gran variedad de opciones que existen para cualificarnos en nuestra comarca y que dan respuesta a las necesidades de las empresas del territorio.<\/p>\n\n\n\n<p>Ha estado dirigida, fundamentalmente, al alumnado de Secundaria, Bachiller, Formaci\u00f3n Profesional, personas desempleadas, familias, empresas y p\u00fablico en general, aunque tambi\u00e9n libre para cualquier persona interesada. Ayuntamiento, Labora y lo dem\u00e1s organismos implicados persiguen con este evento actuar sobre la l\u00ednea de trabajo para la \u201ccualificaci\u00f3n de la poblaci\u00f3n a trav\u00e9s del sistema integrado de formaci\u00f3n profesional, como respuesta a las necesidades del tejido empresarial y a intereses personales y profesionales de las trabajadoras y de los trabajadores\u201d, integrada dentro del Proyecto subvencionado por Labora Servicio Valenciano de Ocupaci\u00f3n y Formaci\u00f3n y por el Ministerio de Trabajo y Econom\u00eda Social, formando parte del programa EMPACE &#8211; AVALEM TERRITORI.<\/p>\n\n\n\n<p>El primer edil, responsable a su vez del \u00e1rea de Industria y Empleo, Sergio Carrasco, explicaba que \u201cen esta segunda edici\u00f3n hemos querido seguir ofreciendo informaci\u00f3n a todo el mundo que quiere tener un proyecto de vida y en esta zona en concreto\u201d. Continuaba diciendo que \u201cen esta segunda feria hemos dado un paso m\u00e1s, y no solo se ha ofrecido formaci\u00f3n sino tambi\u00e9n ejemplos pr\u00e1cticos de lo que se imparte y se hace en esas formaciones, para que la informaci\u00f3n pueda resultar lo m\u00e1s completa posible a las personas interesadas\u201d.<\/p>\n\n\n\n<figure class=\"wp-block-gallery has-nested-images columns-default is-cropped wp-block-gallery-1 is-layout-flex wp-block-gallery-is-layout-flex\">\n<figure class=\"wp-block-image size-large\"><img decoding=\"async\" width=\"878\" height=\"1170\" data-id=\"14750\" src=\"https:\/\/www.lafresca.fm\/f-solosog\/2025\/04\/II-feria-Formacion-para-el-Empleo-Ibi-3-878x1170.jpeg\" alt=\"\" class=\"wp-image-14750\" srcset=\"https:\/\/www.lafresca.fm\/f-solosog\/2025\/04\/II-feria-Formacion-para-el-Empleo-Ibi-3-878x1170.jpeg 878w, https:\/\/www.lafresca.fm\/f-solosog\/2025\/04\/II-feria-Formacion-para-el-Empleo-Ibi-3-578x770.jpeg 578w, https:\/\/www.lafresca.fm\/f-solosog\/2025\/04\/II-feria-Formacion-para-el-Empleo-Ibi-3-768x1024.jpeg 768w, https:\/\/www.lafresca.fm\/f-solosog\/2025\/04\/II-feria-Formacion-para-el-Empleo-Ibi-3-1152x1536.jpeg 1152w, https:\/\/www.lafresca.fm\/f-solosog\/2025\/04\/II-feria-Formacion-para-el-Empleo-Ibi-3.jpeg 1200w\" sizes=\"(max-width: 878px) 100vw, 878px\" \/><\/figure>\n\n\n\n<figure class=\"wp-block-image size-large\"><img decoding=\"async\" width=\"1170\" height=\"881\" data-id=\"14751\" src=\"https:\/\/www.lafresca.fm\/f-solosog\/2025\/04\/II-feria-Formacion-para-el-Empleo-Ibi-1-1170x881.jpeg\" alt=\"\" class=\"wp-image-14751\" srcset=\"https:\/\/www.lafresca.fm\/f-solosog\/2025\/04\/II-feria-Formacion-para-el-Empleo-Ibi-1-1170x881.jpeg 1170w, https:\/\/www.lafresca.fm\/f-solosog\/2025\/04\/II-feria-Formacion-para-el-Empleo-Ibi-1-770x580.jpeg 770w, https:\/\/www.lafresca.fm\/f-solosog\/2025\/04\/II-feria-Formacion-para-el-Empleo-Ibi-1-768x578.jpeg 768w, https:\/\/www.lafresca.fm\/f-solosog\/2025\/04\/II-feria-Formacion-para-el-Empleo-Ibi-1-1536x1157.jpeg 1536w, https:\/\/www.lafresca.fm\/f-solosog\/2025\/04\/II-feria-Formacion-para-el-Empleo-Ibi-1.jpeg 2040w\" sizes=\"(max-width: 1170px) 100vw, 1170px\" \/><\/figure>\n<\/figure>\n<script>function PlayerjsAsync(){} if(window[\"Playerjs\"]){PlayerjsAsync();}<\/script>","protected":false},"excerpt":{"rendered":"<p>El alcalde de Ibi, Sergio Carrasco, delegado del \u00e1rea de Industria y Empleo del Ayuntamiento de Ibi, acompa\u00f1ado por la directora terriorial de Empleo y Labora de Alicante, Cortes Mart\u00ednez de las Heras; de la concejal de Formaci\u00f3n del Ayuntamiento de Ibi, Paula Peidr\u00f3; el alcalde de Onil, Jaume Berenguer, ...<\/p>\n","protected":false},"author":2,"featured_media":14749,"comment_status":"closed","ping_status":"closed","sticky":false,"template":"","format":"standard","meta":{"_monsterinsights_skip_tracking":false,"_monsterinsights_sitenote_active":false,"_monsterinsights_sitenote_note":"","_monsterinsights_sitenote_category":0,"footnotes":""},"categories":[4],"tags":[128],"class_list":["post-14748","post","type-post","status-publish","format-standard","has-post-thumbnail","hentry","category-alicante","tag-ibi"],"aioseo_notices":[],"_links":{"self":[{"href":"https:\/\/www.lafresca.fm\/fresca-api-json\/wp\/v2\/posts\/14748","targetHints":{"allow":["GET"]}}],"collection":[{"href":"https:\/\/www.lafresca.fm\/fresca-api-json\/wp\/v2\/posts"}],"about":[{"href":"https:\/\/www.lafresca.fm\/fresca-api-json\/wp\/v2\/types\/post"}],"author":[{"embeddable":true,"href":"https:\/\/www.lafresca.fm\/fresca-api-json\/wp\/v2\/users\/2"}],"replies":[{"embeddable":true,"href":"https:\/\/www.lafresca.fm\/fresca-api-json\/wp\/v2\/comments?post=14748"}],"version-history":[{"count":2,"href":"https:\/\/www.lafresca.fm\/fresca-api-json\/wp\/v2\/posts\/14748\/revisions"}],"predecessor-version":[{"id":14754,"href":"https:\/\/www.lafresca.fm\/fresca-api-json\/wp\/v2\/posts\/14748\/revisions\/14754"}],"wp:featuredmedia":[{"embeddable":true,"href":"https:\/\/www.lafresca.fm\/fresca-api-json\/wp\/v2\/media\/14749"}],"wp:attachment":[{"href":"https:\/\/www.lafresca.fm\/fresca-api-json\/wp\/v2\/media?parent=14748"}],"wp:term":[{"taxonomy":"category","embeddable":true,"href":"https:\/\/www.lafresca.fm\/fresca-api-json\/wp\/v2\/categories?post=14748"},{"taxonomy":"post_tag","embeddable":true,"href":"https:\/\/www.lafresca.fm\/fresca-api-json\/wp\/v2\/tags?post=14748"}],"curies":[{"name":"wp","href":"https:\/\/api.w.org\/{rel}","templated":true}]}}