{"id":14776,"date":"2025-04-07T11:26:19","date_gmt":"2025-04-07T09:26:19","guid":{"rendered":"https:\/\/www.lafresca.fm\/?p=14776"},"modified":"2025-04-07T11:26:21","modified_gmt":"2025-04-07T09:26:21","slug":"la-asociacion-santa-gema-de-ibi-entrega-1-800-euros-a-solc-tras-la-recaudacion-de-la-fiesta-solidaria","status":"publish","type":"post","link":"https:\/\/www.lafresca.fm\/la-asociacion-santa-gema-de-ibi-entrega-1-800-euros-a-solc-tras-la-recaudacion-de-la-fiesta-solidaria\/","title":{"rendered":"La Asociaci\u00f3n Santa Gema de Ibi entrega 1.800 euros a SOLC tras la recaudaci\u00f3n de la fiesta solidaria"},"content":{"rendered":"\n<p>La Asociaci\u00f3n Santa Gema de Ibi ha entregado un total de 1.800 euros a la Asociaci\u00f3n Comarcal de Ayuda en el Tratamiento del C\u00e1ncer, SOLC, para apoyar la lucha contra el c\u00e1ncer y brindar apoyo a los enfermos y sus familiares. Este dinero corresponde a la recaudaci\u00f3n obtenida durante la fiesta solidaria que se celebr\u00f3 el pasado domingo 30 de marzo en los salones Tuareg de Ibi.<\/p>\n\n\n\n<p>El evento, que cont\u00f3 con una gran participaci\u00f3n de la comunidad local, incluy\u00f3 un animado bingo musical, una actividad que no solo permiti\u00f3 a los asistentes disfrutar de una tarde amena, sino tambi\u00e9n contribuir a una causa importante. La recaudaci\u00f3n obtenida ser\u00e1 destinada a los programas de apoyo emocional, psicol\u00f3gico y social que SOLC ofrece a los pacientes y familiares que atraviesan la dif\u00edcil situaci\u00f3n del c\u00e1ncer.<\/p>\n\n\n\n<figure class=\"wp-block-image size-large\"><img fetchpriority=\"high\" decoding=\"async\" width=\"1170\" height=\"658\" src=\"https:\/\/www.lafresca.fm\/f-solosog\/2025\/04\/WhatsApp-Image-2025-04-07-at-10.30.51-1170x658.jpeg\" alt=\"\" class=\"wp-image-14777\" srcset=\"https:\/\/www.lafresca.fm\/f-solosog\/2025\/04\/WhatsApp-Image-2025-04-07-at-10.30.51-1170x658.jpeg 1170w, https:\/\/www.lafresca.fm\/f-solosog\/2025\/04\/WhatsApp-Image-2025-04-07-at-10.30.51-770x433.jpeg 770w, https:\/\/www.lafresca.fm\/f-solosog\/2025\/04\/WhatsApp-Image-2025-04-07-at-10.30.51-768x432.jpeg 768w, https:\/\/www.lafresca.fm\/f-solosog\/2025\/04\/WhatsApp-Image-2025-04-07-at-10.30.51-1536x864.jpeg 1536w, https:\/\/www.lafresca.fm\/f-solosog\/2025\/04\/WhatsApp-Image-2025-04-07-at-10.30.51.jpeg 1600w\" sizes=\"(max-width: 1170px) 100vw, 1170px\" \/><\/figure>\n\n\n\n<p>El evento no solo fue un ejemplo de solidaridad, sino tambi\u00e9n de c\u00f3mo Ibi se une en torno a causas comunes. Las asociaciones locales, como la Asociaci\u00f3n Santa Gema y SOLC, siguen demostrando que la colaboraci\u00f3n es clave para mejorar la calidad de vida de quienes m\u00e1s lo necesitan.<\/p>\n\n\n\n<p>La fiesta solidaria con el bingo musical se consolid\u00f3 como una cita que, a\u00f1o tras a\u00f1o, sigue sumando apoyo y concienciaci\u00f3n, uniendo a la poblaci\u00f3n en una causa noble y generando un impacto positivo en aquellos que atraviesan una de las pruebas m\u00e1s duras de la vida.<\/p>\n<script>function PlayerjsAsync(){} if(window[\"Playerjs\"]){PlayerjsAsync();}<\/script>","protected":false},"excerpt":{"rendered":"<p>La Asociaci\u00f3n Santa Gema de Ibi ha entregado un total de 1.800 euros a la Asociaci\u00f3n Comarcal de Ayuda en el Tratamiento del C\u00e1ncer, SOLC, para apoyar la lucha contra el c\u00e1ncer y brindar apoyo a los enfermos y sus familiares. Este dinero corresponde a la recaudaci\u00f3n obtenida durante la ...<\/p>\n","protected":false},"author":2,"featured_media":14777,"comment_status":"closed","ping_status":"closed","sticky":false,"template":"","format":"standard","meta":{"_monsterinsights_skip_tracking":false,"_monsterinsights_sitenote_active":false,"_monsterinsights_sitenote_note":"","_monsterinsights_sitenote_category":0,"footnotes":""},"categories":[4],"tags":[128],"class_list":["post-14776","post","type-post","status-publish","format-standard","has-post-thumbnail","hentry","category-alicante","tag-ibi"],"aioseo_notices":[],"_links":{"self":[{"href":"https:\/\/www.lafresca.fm\/fresca-api-json\/wp\/v2\/posts\/14776","targetHints":{"allow":["GET"]}}],"collection":[{"href":"https:\/\/www.lafresca.fm\/fresca-api-json\/wp\/v2\/posts"}],"about":[{"href":"https:\/\/www.lafresca.fm\/fresca-api-json\/wp\/v2\/types\/post"}],"author":[{"embeddable":true,"href":"https:\/\/www.lafresca.fm\/fresca-api-json\/wp\/v2\/users\/2"}],"replies":[{"embeddable":true,"href":"https:\/\/www.lafresca.fm\/fresca-api-json\/wp\/v2\/comments?post=14776"}],"version-history":[{"count":2,"href":"https:\/\/www.lafresca.fm\/fresca-api-json\/wp\/v2\/posts\/14776\/revisions"}],"predecessor-version":[{"id":14779,"href":"https:\/\/www.lafresca.fm\/fresca-api-json\/wp\/v2\/posts\/14776\/revisions\/14779"}],"wp:featuredmedia":[{"embeddable":true,"href":"https:\/\/www.lafresca.fm\/fresca-api-json\/wp\/v2\/media\/14777"}],"wp:attachment":[{"href":"https:\/\/www.lafresca.fm\/fresca-api-json\/wp\/v2\/media?parent=14776"}],"wp:term":[{"taxonomy":"category","embeddable":true,"href":"https:\/\/www.lafresca.fm\/fresca-api-json\/wp\/v2\/categories?post=14776"},{"taxonomy":"post_tag","embeddable":true,"href":"https:\/\/www.lafresca.fm\/fresca-api-json\/wp\/v2\/tags?post=14776"}],"curies":[{"name":"wp","href":"https:\/\/api.w.org\/{rel}","templated":true}]}}