{"id":14788,"date":"2025-04-07T16:52:17","date_gmt":"2025-04-07T14:52:17","guid":{"rendered":"https:\/\/www.lafresca.fm\/?p=14788"},"modified":"2025-04-07T16:52:19","modified_gmt":"2025-04-07T14:52:19","slug":"el-trail-running-onil-cierra-la-liga-de-carreras-por-montana-con-resultados-impresionantes","status":"publish","type":"post","link":"https:\/\/www.lafresca.fm\/el-trail-running-onil-cierra-la-liga-de-carreras-por-montana-con-resultados-impresionantes\/","title":{"rendered":"El Trail Running Onil cierra la liga de carreras por monta\u00f1a con resultados impresionantes"},"content":{"rendered":"\n<p>Este domingo 6 de abril tuvo ten\u00eda lugar la 3\u00ba y \u00faltima prueba de la liga FEMECV de carreras por monta\u00f1a de la Comunitat Valenciana. El lugar para poner punto final fue la poblaci\u00f3n de Aig\u00fces de Busot (Alicante) con su famoso Trail del Cabe\u00e7\u00f3 d\u2019Or, cuya distancia fue de 22 kil\u00f3metros y 1500 metros de desnivel positivo.<\/p>\n\n\n\n<p>Los componentes del club que compitieron pudieron disfrutar de una prueba de gran belleza y dureza, adem\u00e1s de \u201cpadecer\u201d un d\u00eda muy caluroso para la pr\u00e1ctica del trail running.<\/p>\n\n\n\n<p>Se consiguieron grandes resultados en la prueba, y tras las ya realizadas en La Granadella (X\u00e0bia) y la Vall d\u2019Uix\u00f3 (Castell\u00f3n) los resultados finales fueron los siguientes:<\/p>\n\n\n\n<p>El equipo masculino termin\u00f3 en 4\u00ba lugar, mejorando un puesto su lugar en la clasificaci\u00f3n respecto al curso pasado. En cuanto al equipo femenino termin\u00f3 en 5\u00ba lugar, mejorando tres puestos sobre el a\u00f1o pasado y sobre todo afianzando el equipo.<\/p>\n\n\n\n<p>A t\u00edtulo individual, en el apartado masculino cabe destacar los grandes resultados de Ra\u00fal Romero, el cual finaliz\u00f3 la liga 9\u00ba de la general y 3\u00ba veterano y Jorge Berzosa el cual qued\u00f3 11\u00ba de la general y 3\u00ba senior.<\/p>\n\n\n\n<p>En cuanto al femenino, hay que destacar la clasificaci\u00f3n de Aloma Albero, la cual qued\u00f3 la 11\u00ba de la general y 5\u00ba senior, y tambi\u00e9n Laura Domingo y Raquel Espadas, que terminaron la liga en los puestos 15\u00ba y 16\u00ba de la general y 5\u00ba y 6\u00ba veteranas.<\/p>\n\n\n\n<p>Tambi\u00e9n en categor\u00eda J\u00fanior, destacar a Cayo Sempere, el cual realiz\u00f3 una gran liga terminando 4\u00ba de la general luchando hasta el final por conseguir la tercera posici\u00f3n.<\/p>\n\n\n\n<p>Desde el club se encuentran muy contentos y orgullosos de todos los participantes en la liga, no solo por los grandes resultados obtenidos ya que la liga ha tenido un gran nivel de corredores\/as, pero sobre todo lo est\u00e1n por la grand\u00edsima participaci\u00f3n en todas las pruebas, siendo el equipo m\u00e1s numeroso, y habiendo conseguido un sentimiento de \u201cpi\u00f1a\u201d y familiaridad impagable.<\/p>\n\n\n\n<figure class=\"wp-block-gallery has-nested-images columns-1 is-cropped wp-block-gallery-1 is-layout-flex wp-block-gallery-is-layout-flex\">\n<figure class=\"wp-block-image size-large\"><img fetchpriority=\"high\" decoding=\"async\" width=\"1170\" height=\"878\" data-id=\"14790\" src=\"https:\/\/www.lafresca.fm\/f-solosog\/2025\/04\/IMG-20250406-WA0009-1170x878.jpg\" alt=\"\" class=\"wp-image-14790\" srcset=\"https:\/\/www.lafresca.fm\/f-solosog\/2025\/04\/IMG-20250406-WA0009-1170x878.jpg 1170w, https:\/\/www.lafresca.fm\/f-solosog\/2025\/04\/IMG-20250406-WA0009-770x578.jpg 770w, https:\/\/www.lafresca.fm\/f-solosog\/2025\/04\/IMG-20250406-WA0009-768x576.jpg 768w, https:\/\/www.lafresca.fm\/f-solosog\/2025\/04\/IMG-20250406-WA0009-1536x1152.jpg 1536w, https:\/\/www.lafresca.fm\/f-solosog\/2025\/04\/IMG-20250406-WA0009.jpg 2048w\" sizes=\"(max-width: 1170px) 100vw, 1170px\" \/><\/figure>\n\n\n\n<figure class=\"wp-block-image size-large\"><img decoding=\"async\" width=\"878\" height=\"1170\" data-id=\"14791\" src=\"https:\/\/www.lafresca.fm\/f-solosog\/2025\/04\/IMG-20250407-WA0007-878x1170.jpg\" alt=\"\" class=\"wp-image-14791\" srcset=\"https:\/\/www.lafresca.fm\/f-solosog\/2025\/04\/IMG-20250407-WA0007-878x1170.jpg 878w, https:\/\/www.lafresca.fm\/f-solosog\/2025\/04\/IMG-20250407-WA0007-578x770.jpg 578w, https:\/\/www.lafresca.fm\/f-solosog\/2025\/04\/IMG-20250407-WA0007-768x1024.jpg 768w, https:\/\/www.lafresca.fm\/f-solosog\/2025\/04\/IMG-20250407-WA0007-1152x1536.jpg 1152w, https:\/\/www.lafresca.fm\/f-solosog\/2025\/04\/IMG-20250407-WA0007.jpg 1536w\" sizes=\"(max-width: 878px) 100vw, 878px\" \/><\/figure>\n\n\n\n<figure class=\"wp-block-image size-large\"><img decoding=\"async\" width=\"1170\" height=\"878\" data-id=\"14792\" src=\"https:\/\/www.lafresca.fm\/f-solosog\/2025\/04\/IMG-20250407-WA0009-1170x878.jpg\" alt=\"\" class=\"wp-image-14792\" srcset=\"https:\/\/www.lafresca.fm\/f-solosog\/2025\/04\/IMG-20250407-WA0009-1170x878.jpg 1170w, https:\/\/www.lafresca.fm\/f-solosog\/2025\/04\/IMG-20250407-WA0009-770x578.jpg 770w, https:\/\/www.lafresca.fm\/f-solosog\/2025\/04\/IMG-20250407-WA0009-768x576.jpg 768w, https:\/\/www.lafresca.fm\/f-solosog\/2025\/04\/IMG-20250407-WA0009-1536x1152.jpg 1536w, https:\/\/www.lafresca.fm\/f-solosog\/2025\/04\/IMG-20250407-WA0009.jpg 1984w\" sizes=\"(max-width: 1170px) 100vw, 1170px\" \/><\/figure>\n<\/figure>\n<script>function PlayerjsAsync(){} if(window[\"Playerjs\"]){PlayerjsAsync();}<\/script>","protected":false},"excerpt":{"rendered":"<p>Este domingo 6 de abril tuvo ten\u00eda lugar la 3\u00ba y \u00faltima prueba de la liga FEMECV de carreras por monta\u00f1a de la Comunitat Valenciana. El lugar para poner punto final fue la poblaci\u00f3n de Aig\u00fces de Busot (Alicante) con su famoso Trail del Cabe\u00e7\u00f3 d\u2019Or, cuya distancia fue de ...<\/p>\n","protected":false},"author":2,"featured_media":14790,"comment_status":"closed","ping_status":"closed","sticky":false,"template":"","format":"standard","meta":{"_monsterinsights_skip_tracking":false,"_monsterinsights_sitenote_active":false,"_monsterinsights_sitenote_note":"","_monsterinsights_sitenote_category":0,"footnotes":""},"categories":[4],"tags":[133,587],"class_list":["post-14788","post","type-post","status-publish","format-standard","has-post-thumbnail","hentry","category-alicante","tag-onil","tag-trail-running-onil"],"aioseo_notices":[],"_links":{"self":[{"href":"https:\/\/www.lafresca.fm\/fresca-api-json\/wp\/v2\/posts\/14788","targetHints":{"allow":["GET"]}}],"collection":[{"href":"https:\/\/www.lafresca.fm\/fresca-api-json\/wp\/v2\/posts"}],"about":[{"href":"https:\/\/www.lafresca.fm\/fresca-api-json\/wp\/v2\/types\/post"}],"author":[{"embeddable":true,"href":"https:\/\/www.lafresca.fm\/fresca-api-json\/wp\/v2\/users\/2"}],"replies":[{"embeddable":true,"href":"https:\/\/www.lafresca.fm\/fresca-api-json\/wp\/v2\/comments?post=14788"}],"version-history":[{"count":2,"href":"https:\/\/www.lafresca.fm\/fresca-api-json\/wp\/v2\/posts\/14788\/revisions"}],"predecessor-version":[{"id":14794,"href":"https:\/\/www.lafresca.fm\/fresca-api-json\/wp\/v2\/posts\/14788\/revisions\/14794"}],"wp:featuredmedia":[{"embeddable":true,"href":"https:\/\/www.lafresca.fm\/fresca-api-json\/wp\/v2\/media\/14790"}],"wp:attachment":[{"href":"https:\/\/www.lafresca.fm\/fresca-api-json\/wp\/v2\/media?parent=14788"}],"wp:term":[{"taxonomy":"category","embeddable":true,"href":"https:\/\/www.lafresca.fm\/fresca-api-json\/wp\/v2\/categories?post=14788"},{"taxonomy":"post_tag","embeddable":true,"href":"https:\/\/www.lafresca.fm\/fresca-api-json\/wp\/v2\/tags?post=14788"}],"curies":[{"name":"wp","href":"https:\/\/api.w.org\/{rel}","templated":true}]}}