{"id":14835,"date":"2025-04-16T16:00:10","date_gmt":"2025-04-16T14:00:10","guid":{"rendered":"https:\/\/www.lafresca.fm\/?p=14835"},"modified":"2025-04-16T16:00:12","modified_gmt":"2025-04-16T14:00:12","slug":"entrevista-pirodama-empresa-especializada-en-pirotecnica-en-les-fogueres-donil-2025","status":"publish","type":"post","link":"https:\/\/www.lafresca.fm\/entrevista-pirodama-empresa-especializada-en-pirotecnica-en-les-fogueres-donil-2025\/","title":{"rendered":"Entrevista: Pirodama, empresa especializada en pirot\u00e9cnica en les Fogueres d&#8217;Onil 2025"},"content":{"rendered":"\n<p><strong>Entrevista con Antonio Rodr\u00edguez, gerente de Pirotecnia Pirodama<\/strong><\/p>\n\n\n\n<figure class=\"wp-block-audio\"><audio controls src=\"https:\/\/www.lafresca.fm\/f-solosog\/2025\/04\/Enrevista-Pirodama-164-25.mp3\"><\/audio><\/figure>\n\n\n\n<figure class=\"wp-block-image size-large\"><img fetchpriority=\"high\" decoding=\"async\" width=\"1170\" height=\"878\" src=\"https:\/\/www.lafresca.fm\/f-solosog\/2025\/04\/antonio-rodriguez-pirodama-16425-1170x878.jpg\" alt=\"\" class=\"wp-image-14934\" srcset=\"https:\/\/www.lafresca.fm\/f-solosog\/2025\/04\/antonio-rodriguez-pirodama-16425-1170x878.jpg 1170w, https:\/\/www.lafresca.fm\/f-solosog\/2025\/04\/antonio-rodriguez-pirodama-16425-770x578.jpg 770w, https:\/\/www.lafresca.fm\/f-solosog\/2025\/04\/antonio-rodriguez-pirodama-16425-768x576.jpg 768w, https:\/\/www.lafresca.fm\/f-solosog\/2025\/04\/antonio-rodriguez-pirodama-16425-1536x1152.jpg 1536w, https:\/\/www.lafresca.fm\/f-solosog\/2025\/04\/antonio-rodriguez-pirodama-16425.jpg 2000w\" sizes=\"(max-width: 1170px) 100vw, 1170px\" \/><\/figure>\n\n\n\n<p>La emoci\u00f3n y el color est\u00e1n a punto de encenderse en Onil con la llegada de <strong>Pirodama<\/strong>, la empresa especializada en espect\u00e1culos de fuegos artificiales, pirot\u00e9cnica y efectos especiales, que este a\u00f1o regresa a Onil con motivo de <strong>les Fogueres 2025<\/strong> que se celebran el martes 22 de abril.<\/p>\n\n\n\n<p>Como viene siendo habitual, <strong>Pirodama<\/strong> ya tiene instalado su <strong>punto de venta<\/strong> en la <strong>avenida de Castalla<\/strong>, junto a Consum de Onil, donde se podr\u00e1 adquirir una amplia gama de productos de pirotecnia. Desde tracas, bengalas, voladores de color, Cajas chinas, tracas valencianas, petardos, carretillas silbadoras, bater\u00eda y cohetes borrachos.<\/p>\n\n\n\n<p>Para este a\u00f1o cuentan con lotes especiales con precios muy competitivos para un p\u00fablico infantil y adulto.<\/p>\n\n\n\n<figure class=\"wp-block-gallery has-nested-images columns-default is-cropped wp-block-gallery-1 is-layout-flex wp-block-gallery-is-layout-flex\">\n<figure class=\"wp-block-image size-large\"><img decoding=\"async\" width=\"1077\" height=\"1170\" data-id=\"14836\" src=\"https:\/\/www.lafresca.fm\/f-solosog\/2025\/04\/piro-1-1077x1170.jpg\" alt=\"\" class=\"wp-image-14836\" srcset=\"https:\/\/www.lafresca.fm\/f-solosog\/2025\/04\/piro-1-1077x1170.jpg 1077w, https:\/\/www.lafresca.fm\/f-solosog\/2025\/04\/piro-1-709x770.jpg 709w, https:\/\/www.lafresca.fm\/f-solosog\/2025\/04\/piro-1-768x834.jpg 768w, https:\/\/www.lafresca.fm\/f-solosog\/2025\/04\/piro-1-1414x1536.jpg 1414w, https:\/\/www.lafresca.fm\/f-solosog\/2025\/04\/piro-1.jpg 1885w\" sizes=\"(max-width: 1077px) 100vw, 1077px\" \/><\/figure>\n\n\n\n<figure class=\"wp-block-image size-large\"><img decoding=\"async\" width=\"985\" height=\"1170\" data-id=\"14837\" src=\"https:\/\/www.lafresca.fm\/f-solosog\/2025\/04\/piro-2-985x1170.jpg\" alt=\"\" class=\"wp-image-14837\" srcset=\"https:\/\/www.lafresca.fm\/f-solosog\/2025\/04\/piro-2-985x1170.jpg 985w, https:\/\/www.lafresca.fm\/f-solosog\/2025\/04\/piro-2-649x770.jpg 649w, https:\/\/www.lafresca.fm\/f-solosog\/2025\/04\/piro-2-768x912.jpg 768w, https:\/\/www.lafresca.fm\/f-solosog\/2025\/04\/piro-2-1294x1536.jpg 1294w, https:\/\/www.lafresca.fm\/f-solosog\/2025\/04\/piro-2.jpg 1725w\" sizes=\"(max-width: 985px) 100vw, 985px\" \/><\/figure>\n\n\n\n<figure class=\"wp-block-image size-large\"><img loading=\"lazy\" decoding=\"async\" width=\"787\" height=\"1170\" data-id=\"14838\" src=\"https:\/\/www.lafresca.fm\/f-solosog\/2025\/04\/piro-3-787x1170.jpg\" alt=\"\" class=\"wp-image-14838\" srcset=\"https:\/\/www.lafresca.fm\/f-solosog\/2025\/04\/piro-3-787x1170.jpg 787w, https:\/\/www.lafresca.fm\/f-solosog\/2025\/04\/piro-3-518x770.jpg 518w, https:\/\/www.lafresca.fm\/f-solosog\/2025\/04\/piro-3-768x1141.jpg 768w, https:\/\/www.lafresca.fm\/f-solosog\/2025\/04\/piro-3-1034x1536.jpg 1034w, https:\/\/www.lafresca.fm\/f-solosog\/2025\/04\/piro-3.jpg 1378w\" sizes=\"(max-width: 787px) 100vw, 787px\" \/><\/figure>\n<\/figure>\n\n\n\n<figure class=\"wp-block-image size-large\"><img loading=\"lazy\" decoding=\"async\" width=\"1170\" height=\"878\" src=\"https:\/\/www.lafresca.fm\/f-solosog\/2025\/04\/piro-4-1170x878.jpg\" alt=\"\" class=\"wp-image-14839\" srcset=\"https:\/\/www.lafresca.fm\/f-solosog\/2025\/04\/piro-4-1170x878.jpg 1170w, https:\/\/www.lafresca.fm\/f-solosog\/2025\/04\/piro-4-770x578.jpg 770w, https:\/\/www.lafresca.fm\/f-solosog\/2025\/04\/piro-4-768x576.jpg 768w, https:\/\/www.lafresca.fm\/f-solosog\/2025\/04\/piro-4-1536x1152.jpg 1536w, https:\/\/www.lafresca.fm\/f-solosog\/2025\/04\/piro-4.jpg 2048w\" sizes=\"(max-width: 1170px) 100vw, 1170px\" \/><\/figure>\n\n\n\n<p><strong>Una empresa que convierte momentos en recuerdos inolvidables<\/strong><\/p>\n\n\n\n<p><strong>Pirodama<\/strong> es una empresa con sede f\u00edsica en Elche, especializada en espect\u00e1culos de fuegos artificiales, masclet\u00e1s, fuego fr\u00edo, efectos de humo, distribuci\u00f3n de aromas, confeti, serpentina y mucho m\u00e1s. Su objetivo es simple: transformar cualquier evento en una experiencia a\u00fan m\u00e1s especial.<\/p>\n\n\n\n<p>Con un equipo profesional de pirot\u00e9cnicos altamente cualificados, Pirodama personaliza cada espect\u00e1culo seg\u00fan las preferencias del cliente, adapt\u00e1ndose a presupuestos y necesidades espec\u00edficas. Ya se trate de un gran castillo de fuegos, una boda con lluvia de estrellas o una masclet\u00e0 al m\u00e1s puro estilo tradicional, esta empresa garantiza seguridad, profesionalidad y un toque inolvidable.<\/p>\n\n\n\n<p>Adem\u00e1s, cuentan con un equipo interno especializado en <strong>organizaci\u00f3n de eventos<\/strong>, capaz de coordinar hasta el m\u00e1s m\u00ednimo detalle. Desde la idea hasta la ejecuci\u00f3n, su personal est\u00e1 preparado para hacer realidad cualquier celebraci\u00f3n so\u00f1ada.<\/p>\n\n\n\n<p><strong>Todo listo para iluminar les Fogueres 2025<\/strong><\/p>\n\n\n\n<p>La participaci\u00f3n un a\u00f1o m\u00e1s de Pirodama en <strong>les Fogueres de Onil<\/strong> promete darle a la noche del 22 de abril el color y sonido caracter\u00edstico. Vecinos, visitantes y amantes de la pirotecnia podr\u00e1n disfrutar de su amplio cat\u00e1logo de productos pirot\u00e9cnicos para llevar disfrutar de esta noche tan especial para colivencs y colivenques.<\/p>\n\n\n\n<p>Su <strong>horario especial de Hogueras de Onil<\/strong> es el siguiente: <strong>Abiertos del 12 al 22 de abril de 10 y media de la ma\u00f1ana a 8 de la tarde ininterrumpidamente<\/strong><\/p>\n\n\n\n<p><\/p>\n<script>function PlayerjsAsync(){} if(window[\"Playerjs\"]){PlayerjsAsync();}<\/script>","protected":false},"excerpt":{"rendered":"<p>Entrevista con Antonio Rodr\u00edguez, gerente de Pirotecnia Pirodama La emoci\u00f3n y el color est\u00e1n a punto de encenderse en Onil con la llegada de Pirodama, la empresa especializada en espect\u00e1culos de fuegos artificiales, pirot\u00e9cnica y efectos especiales, que este a\u00f1o regresa a Onil con motivo de les Fogueres 2025 que ...<\/p>\n","protected":false},"author":2,"featured_media":14839,"comment_status":"closed","ping_status":"closed","sticky":false,"template":"","format":"standard","meta":{"_monsterinsights_skip_tracking":false,"_monsterinsights_sitenote_active":false,"_monsterinsights_sitenote_note":"","_monsterinsights_sitenote_category":0,"footnotes":""},"categories":[4],"tags":[133,823],"class_list":["post-14835","post","type-post","status-publish","format-standard","has-post-thumbnail","hentry","category-alicante","tag-onil","tag-pirodama"],"aioseo_notices":[],"_links":{"self":[{"href":"https:\/\/www.lafresca.fm\/fresca-api-json\/wp\/v2\/posts\/14835","targetHints":{"allow":["GET"]}}],"collection":[{"href":"https:\/\/www.lafresca.fm\/fresca-api-json\/wp\/v2\/posts"}],"about":[{"href":"https:\/\/www.lafresca.fm\/fresca-api-json\/wp\/v2\/types\/post"}],"author":[{"embeddable":true,"href":"https:\/\/www.lafresca.fm\/fresca-api-json\/wp\/v2\/users\/2"}],"replies":[{"embeddable":true,"href":"https:\/\/www.lafresca.fm\/fresca-api-json\/wp\/v2\/comments?post=14835"}],"version-history":[{"count":4,"href":"https:\/\/www.lafresca.fm\/fresca-api-json\/wp\/v2\/posts\/14835\/revisions"}],"predecessor-version":[{"id":14937,"href":"https:\/\/www.lafresca.fm\/fresca-api-json\/wp\/v2\/posts\/14835\/revisions\/14937"}],"wp:featuredmedia":[{"embeddable":true,"href":"https:\/\/www.lafresca.fm\/fresca-api-json\/wp\/v2\/media\/14839"}],"wp:attachment":[{"href":"https:\/\/www.lafresca.fm\/fresca-api-json\/wp\/v2\/media?parent=14835"}],"wp:term":[{"taxonomy":"category","embeddable":true,"href":"https:\/\/www.lafresca.fm\/fresca-api-json\/wp\/v2\/categories?post=14835"},{"taxonomy":"post_tag","embeddable":true,"href":"https:\/\/www.lafresca.fm\/fresca-api-json\/wp\/v2\/tags?post=14835"}],"curies":[{"name":"wp","href":"https:\/\/api.w.org\/{rel}","templated":true}]}}