{"id":14842,"date":"2025-04-09T16:42:51","date_gmt":"2025-04-09T14:42:51","guid":{"rendered":"https:\/\/www.lafresca.fm\/?p=14842"},"modified":"2025-04-09T16:42:54","modified_gmt":"2025-04-09T14:42:54","slug":"la-policia-local-de-onil-lanza-el-proyecto-especializacion-policial-y-bienestar-vecinal-para-fortalecer-la-seguridad-y-la-convivencia","status":"publish","type":"post","link":"https:\/\/www.lafresca.fm\/la-policia-local-de-onil-lanza-el-proyecto-especializacion-policial-y-bienestar-vecinal-para-fortalecer-la-seguridad-y-la-convivencia\/","title":{"rendered":"La Polic\u00eda Local de Onil Lanza el Proyecto \u201cEspecializaci\u00f3n Policial y Bienestar Vecinal\u201d para Fortalecer la Seguridad y la Convivencia"},"content":{"rendered":"\n<p>El pasado jueves 3 de abril, a las 19:00 horas, el Auditorio del Centro Cultural \u201cEusebio Sempere\u201d fue el escenario de la presentaci\u00f3n del innovador proyecto \u201c<strong>Especializaci\u00f3n Policial y Bienestar Vecinal<\/strong>\u201d por parte de la <strong>Jefatura de Polic\u00eda Local de Onil.<\/strong> Este evento, que reuni\u00f3 a ciudadanos, autoridades y miembros de diferentes cuerpos policiales, marc\u00f3 un hito en el compromiso de la Polic\u00eda Local con la localidad. <\/p>\n\n\n\n<figure class=\"wp-block-image size-large\"><img fetchpriority=\"high\" decoding=\"async\" width=\"1170\" height=\"881\" src=\"https:\/\/www.lafresca.fm\/f-solosog\/2025\/04\/poli-3-1170x881.jpg\" alt=\"\" class=\"wp-image-14843\" srcset=\"https:\/\/www.lafresca.fm\/f-solosog\/2025\/04\/poli-3-1170x881.jpg 1170w, https:\/\/www.lafresca.fm\/f-solosog\/2025\/04\/poli-3-770x580.jpg 770w, https:\/\/www.lafresca.fm\/f-solosog\/2025\/04\/poli-3-768x578.jpg 768w, https:\/\/www.lafresca.fm\/f-solosog\/2025\/04\/poli-3-1536x1157.jpg 1536w, https:\/\/www.lafresca.fm\/f-solosog\/2025\/04\/poli-3-2048x1542.jpg 2048w\" sizes=\"(max-width: 1170px) 100vw, 1170px\" \/><\/figure>\n\n\n\n<p>El proyecto, que ha sido el resultado de a\u00f1os de trabajo y dedicaci\u00f3n, busca mejorar la atenci\u00f3n social y la seguridad vial y ciudadana en el municipio. A pesar de contar con una plantilla reducida, la <strong>Polic\u00eda Local de Onil<\/strong>, compuesta por un Inspector-Jefe, dos Oficiales, 13 Agentes y un auxiliar administrativo, ha demostrado que el esp\u00edritu y la vocaci\u00f3n de servicio pueden generar un impacto significativo en la comunidad.<\/p>\n\n\n\n<p>La colaboraci\u00f3n entre la Corporaci\u00f3n Municipal, la Polic\u00eda y los vecinos es fundamental para el \u00e9xito de este proyecto. La Polic\u00eda Local se compromete a mantener y mejorar las condiciones laborales y de personal, asegurando as\u00ed un servicio de calidad los 365 d\u00edas del a\u00f1o, las 24 horas del d\u00eda.<\/p>\n\n\n\n<p>Este esfuerzo no solo busca optimizar la seguridad, sino tambi\u00e9n fomentar un ambiente de confianza y cercan\u00eda entre la Polic\u00eda y la comunidad. Con la implementaci\u00f3n de programas de educaci\u00f3n vial, talleres en escuelas y campa\u00f1as de sensibilizaci\u00f3n, se espera crear un entorno m\u00e1s seguro y participativo para todos los habitantes de Onil.<\/p>\n\n\n\n<p>Actualmente, el<strong> <\/strong>Cuerpo de la <strong>Polic\u00eda Local de Oni<\/strong>l, cuenta con las siguientes unidades o secciones en funcionamiento o en proceso de creaci\u00f3n:<\/p>\n\n\n\n<p>Una de las novedades m\u00e1s destacadas es la unidad de <strong>Drones<\/strong>, creada en 2023. Desde su lanzamiento, se han realizado m\u00e1s de 100 vuelos, lo que ha permitido una respuesta m\u00e1s r\u00e1pida en situaciones de emergencia, as\u00ed como una vigilancia m\u00e1s efectiva en \u00e1reas de dif\u00edcil acceso. Con la incorporaci\u00f3n de tres nuevos agentes que se formar\u00e1n como pilotos, se espera ampliar a\u00fan m\u00e1s su capacidad operativa.<\/p>\n\n\n\n<p>La <strong>unidad de Tiro<\/strong> tambi\u00e9n juega un papel crucial en la formaci\u00f3n continua de los agentes, asegurando que est\u00e9n preparados para actuar con eficacia en situaciones que requieran el uso de armas de fuego. Con instructores especializados, se llevan a cabo ejercicios anuales que refuerzan la seguridad ciudadana.<\/p>\n\n\n\n<p>Adem\u00e1s, la <strong>Investigaci\u00f3n de Accidentes<\/strong> se ha fortalecido con la especializaci\u00f3n de dos agentes en la reconstrucci\u00f3n de siniestros, lo que permite un an\u00e1lisis m\u00e1s detallado y una colaboraci\u00f3n efectiva con las aseguradoras y el sistema judicial.<\/p>\n\n\n\n<p>En un esfuerzo por atender a los m\u00e1s j\u00f3venes, se ha creado la unidad de <strong>Agente Tutor<\/strong>, que se enfoca en el bienestar integral de los menores y la prevenci\u00f3n de conductas inadecuadas. Esta unidad colaborar\u00e1 con centros educativos y servicios sociales para ofrecer apoyo y talleres sobre temas relevantes como el acoso escolar y el consumo de drogas.<\/p>\n\n\n\n<p>La <strong>Educaci\u00f3n Vial y Ciclista<\/strong> tambi\u00e9n es una prioridad, con programas que han estado en marcha desde 2007, educando a ni\u00f1os y j\u00f3venes sobre la seguridad en las v\u00edas p\u00fablicas. El Parque Infantil de Tr\u00e1fico es un ejemplo de c\u00f3mo se ense\u00f1a a los m\u00e1s peque\u00f1os a respetar las normas viales de manera l\u00fadica.<\/p>\n\n\n\n<p>Otras unidades en proceso de creaci\u00f3n incluyen la de <strong>Establecimientos P\u00fablicos<\/strong>, que se encargar\u00e1 de la vigilancia y control de locales, y la unidad de Viog\u00e9n, que se centra en la protecci\u00f3n de v\u00edctimas de violencia de g\u00e9nero, ofreciendo apoyo integral y campa\u00f1as de sensibilizaci\u00f3n.<\/p>\n\n\n\n<p>La Polic\u00eda Local de Onil tambi\u00e9n est\u00e1 trabajando en la recuperaci\u00f3n de su <strong>Unidad Canina<\/strong>, que ha demostrado ser un recurso invaluable en la detecci\u00f3n de drogas y en la concienciaci\u00f3n de la juventud sobre los riesgos del consumo.<\/p>\n\n\n\n<p>Por \u00faltimo, la secci\u00f3n de <strong>Imagen y Comunicaci\u00f3n<\/strong> busca fortalecer el v\u00ednculo entre la Polic\u00eda y la comunidad a trav\u00e9s de redes sociales y programas informativos, promoviendo una imagen cercana y profesional del cuerpo policial.<\/p>\n\n\n\n<figure class=\"wp-block-gallery has-nested-images columns-default is-cropped wp-block-gallery-1 is-layout-flex wp-block-gallery-is-layout-flex\">\n<figure class=\"wp-block-image size-large\"><img decoding=\"async\" width=\"880\" height=\"1170\" data-id=\"14847\" src=\"https:\/\/www.lafresca.fm\/f-solosog\/2025\/04\/poli-5-880x1170.jpg\" alt=\"\" class=\"wp-image-14847\" srcset=\"https:\/\/www.lafresca.fm\/f-solosog\/2025\/04\/poli-5-880x1170.jpg 880w, https:\/\/www.lafresca.fm\/f-solosog\/2025\/04\/poli-5-579x770.jpg 579w, https:\/\/www.lafresca.fm\/f-solosog\/2025\/04\/poli-5-768x1021.jpg 768w, https:\/\/www.lafresca.fm\/f-solosog\/2025\/04\/poli-5-1156x1536.jpg 1156w, https:\/\/www.lafresca.fm\/f-solosog\/2025\/04\/poli-5.jpg 1204w\" sizes=\"(max-width: 880px) 100vw, 880px\" \/><\/figure>\n\n\n\n<figure class=\"wp-block-image size-large\"><img decoding=\"async\" width=\"1170\" height=\"878\" data-id=\"14846\" src=\"https:\/\/www.lafresca.fm\/f-solosog\/2025\/04\/poli-4-1170x878.jpg\" alt=\"\" class=\"wp-image-14846\" srcset=\"https:\/\/www.lafresca.fm\/f-solosog\/2025\/04\/poli-4-1170x878.jpg 1170w, https:\/\/www.lafresca.fm\/f-solosog\/2025\/04\/poli-4-770x578.jpg 770w, https:\/\/www.lafresca.fm\/f-solosog\/2025\/04\/poli-4-768x576.jpg 768w, https:\/\/www.lafresca.fm\/f-solosog\/2025\/04\/poli-4-1536x1152.jpg 1536w, https:\/\/www.lafresca.fm\/f-solosog\/2025\/04\/poli-4.jpg 2040w\" sizes=\"(max-width: 1170px) 100vw, 1170px\" \/><\/figure>\n\n\n\n<figure class=\"wp-block-image size-large\"><img loading=\"lazy\" decoding=\"async\" width=\"1170\" height=\"878\" data-id=\"14845\" src=\"https:\/\/www.lafresca.fm\/f-solosog\/2025\/04\/poli-2-1170x878.jpg\" alt=\"\" class=\"wp-image-14845\" srcset=\"https:\/\/www.lafresca.fm\/f-solosog\/2025\/04\/poli-2-1170x878.jpg 1170w, https:\/\/www.lafresca.fm\/f-solosog\/2025\/04\/poli-2-770x578.jpg 770w, https:\/\/www.lafresca.fm\/f-solosog\/2025\/04\/poli-2-768x576.jpg 768w, https:\/\/www.lafresca.fm\/f-solosog\/2025\/04\/poli-2-1536x1152.jpg 1536w, https:\/\/www.lafresca.fm\/f-solosog\/2025\/04\/poli-2.jpg 1600w\" sizes=\"(max-width: 1170px) 100vw, 1170px\" \/><\/figure>\n\n\n\n<figure class=\"wp-block-image size-large\"><img loading=\"lazy\" decoding=\"async\" width=\"1170\" height=\"878\" data-id=\"14844\" src=\"https:\/\/www.lafresca.fm\/f-solosog\/2025\/04\/poli-1-1170x878.jpg\" alt=\"\" class=\"wp-image-14844\" srcset=\"https:\/\/www.lafresca.fm\/f-solosog\/2025\/04\/poli-1-1170x878.jpg 1170w, https:\/\/www.lafresca.fm\/f-solosog\/2025\/04\/poli-1-770x578.jpg 770w, https:\/\/www.lafresca.fm\/f-solosog\/2025\/04\/poli-1-768x576.jpg 768w, https:\/\/www.lafresca.fm\/f-solosog\/2025\/04\/poli-1-1536x1152.jpg 1536w, https:\/\/www.lafresca.fm\/f-solosog\/2025\/04\/poli-1.jpg 2000w\" sizes=\"(max-width: 1170px) 100vw, 1170px\" \/><\/figure>\n<\/figure>\n<script>function PlayerjsAsync(){} if(window[\"Playerjs\"]){PlayerjsAsync();}<\/script>","protected":false},"excerpt":{"rendered":"<p>El pasado jueves 3 de abril, a las 19:00 horas, el Auditorio del Centro Cultural \u201cEusebio Sempere\u201d fue el escenario de la presentaci\u00f3n del innovador proyecto \u201cEspecializaci\u00f3n Policial y Bienestar Vecinal\u201d por parte de la Jefatura de Polic\u00eda Local de Onil. Este evento, que reuni\u00f3 a ciudadanos, autoridades y miembros ...<\/p>\n","protected":false},"author":2,"featured_media":14843,"comment_status":"closed","ping_status":"closed","sticky":false,"template":"","format":"standard","meta":{"_monsterinsights_skip_tracking":false,"_monsterinsights_sitenote_active":false,"_monsterinsights_sitenote_note":"","_monsterinsights_sitenote_category":0,"footnotes":""},"categories":[4],"tags":[133],"class_list":["post-14842","post","type-post","status-publish","format-standard","has-post-thumbnail","hentry","category-alicante","tag-onil"],"aioseo_notices":[],"_links":{"self":[{"href":"https:\/\/www.lafresca.fm\/fresca-api-json\/wp\/v2\/posts\/14842","targetHints":{"allow":["GET"]}}],"collection":[{"href":"https:\/\/www.lafresca.fm\/fresca-api-json\/wp\/v2\/posts"}],"about":[{"href":"https:\/\/www.lafresca.fm\/fresca-api-json\/wp\/v2\/types\/post"}],"author":[{"embeddable":true,"href":"https:\/\/www.lafresca.fm\/fresca-api-json\/wp\/v2\/users\/2"}],"replies":[{"embeddable":true,"href":"https:\/\/www.lafresca.fm\/fresca-api-json\/wp\/v2\/comments?post=14842"}],"version-history":[{"count":2,"href":"https:\/\/www.lafresca.fm\/fresca-api-json\/wp\/v2\/posts\/14842\/revisions"}],"predecessor-version":[{"id":14849,"href":"https:\/\/www.lafresca.fm\/fresca-api-json\/wp\/v2\/posts\/14842\/revisions\/14849"}],"wp:featuredmedia":[{"embeddable":true,"href":"https:\/\/www.lafresca.fm\/fresca-api-json\/wp\/v2\/media\/14843"}],"wp:attachment":[{"href":"https:\/\/www.lafresca.fm\/fresca-api-json\/wp\/v2\/media?parent=14842"}],"wp:term":[{"taxonomy":"category","embeddable":true,"href":"https:\/\/www.lafresca.fm\/fresca-api-json\/wp\/v2\/categories?post=14842"},{"taxonomy":"post_tag","embeddable":true,"href":"https:\/\/www.lafresca.fm\/fresca-api-json\/wp\/v2\/tags?post=14842"}],"curies":[{"name":"wp","href":"https:\/\/api.w.org\/{rel}","templated":true}]}}