{"id":14861,"date":"2025-04-10T07:15:00","date_gmt":"2025-04-10T05:15:00","guid":{"rendered":"https:\/\/www.lafresca.fm\/?p=14861"},"modified":"2025-04-09T18:33:20","modified_gmt":"2025-04-09T16:33:20","slug":"el-museo-de-la-biodiversidad-de-ibi-celebra-su-20-aniversario","status":"publish","type":"post","link":"https:\/\/www.lafresca.fm\/el-museo-de-la-biodiversidad-de-ibi-celebra-su-20-aniversario\/","title":{"rendered":"El Museo de la Biodiversidad de Ibi celebra su 20 Aniversario"},"content":{"rendered":"\n<ul class=\"wp-block-list\">\n<li>20 a\u00f1os en Ibi por y para la conservaci\u00f3n de la Biodiversidad.- <\/li>\n<\/ul>\n\n\n\n<ul class=\"wp-block-list\">\n<li>En el acto de celebraci\u00f3n de aniversario est\u00e1 abierto a todo el p\u00fablico y habr\u00e1 actividades infantiles, presentaci\u00f3n de nueva exposici\u00f3n, acto institucional de aniversario y concierto en la plaza Nicol\u00e1s Pay\u00e1 Jover, junto al Museo.<\/li>\n<\/ul>\n\n\n\n<p>El pr\u00f3ximo 12 de abril, el Museo de la Biodiversidad de Ibi celebra su XX Aniversario en una jornada de fiesta abierta al p\u00fablico. Desde hace m\u00e1s de 20 a\u00f1os, el Ayuntamiento y la Universidad de Alicante, a trav\u00e9s del Centro Iberoamericano de la Biodiversidad (CIBIO), vienen desarrollando actividades culturales y de difusi\u00f3n, centradas especialmente en el \u00e1mbito de la conservaci\u00f3n de la biodiversidad, el medioambiente y la divulgaci\u00f3n cient\u00edfica. Como resultado de esta fruct\u00edfera colaboraci\u00f3n, se han desarrollado importantes proyectos, singulares y \u00fanicos en la Comunidad Valenciana, como la Estaci\u00f3n Biol\u00f3gica de Torretes-Jard\u00edn Bot\u00e1nico de la Universidad de Alicante y el propio Museo de la Biodiversidad.<\/p>\n\n\n\n<figure class=\"wp-block-image size-large\"><img fetchpriority=\"high\" decoding=\"async\" width=\"1170\" height=\"779\" src=\"https:\/\/www.lafresca.fm\/f-solosog\/2025\/04\/Museo-de-la-Biodiversidad-Ibi-1170x779.jpg\" alt=\"\" class=\"wp-image-14862\" srcset=\"https:\/\/www.lafresca.fm\/f-solosog\/2025\/04\/Museo-de-la-Biodiversidad-Ibi-1170x779.jpg 1170w, https:\/\/www.lafresca.fm\/f-solosog\/2025\/04\/Museo-de-la-Biodiversidad-Ibi-770x513.jpg 770w, https:\/\/www.lafresca.fm\/f-solosog\/2025\/04\/Museo-de-la-Biodiversidad-Ibi-768x511.jpg 768w, https:\/\/www.lafresca.fm\/f-solosog\/2025\/04\/Museo-de-la-Biodiversidad-Ibi-1536x1022.jpg 1536w, https:\/\/www.lafresca.fm\/f-solosog\/2025\/04\/Museo-de-la-Biodiversidad-Ibi-2048x1363.jpg 2048w\" sizes=\"(max-width: 1170px) 100vw, 1170px\" \/><\/figure>\n\n\n\n<p>La jornada de celebraci\u00f3n del s\u00e1bado est\u00e1 abierta a todo el p\u00fablico, en la plaza Nicol\u00e1s Pay\u00e1 Jover, frente al Museo de la Biodiversidad y constar\u00e1, a las 11:00 h, con una apertura del XX Aniversario del Museo de la Biodiversidad en la que se realizar\u00e1n \u201cJuegos de ayer, diversi\u00f3n de hoy\u201d, con \u2018jocs de fusta\u2019, juegos tradicionales de maderas reutilizadas. Tambi\u00e9n con un taller de pintura \u201cColores en el cielo\u201d, impartido por la Escuela Municipal de Pintura de Ibi. A las 12:00 h, tendr\u00e1 lugar la inauguraci\u00f3n de la exposici\u00f3n temporal \u201cLas aves, los dinosaurios del cielo\u201d, en el interior del Museo, y el acto institucional por parte del alcalde de Ibi, Sergio Carrasco; el director del Museo de la Biodiversidad, Eduardo Galante; la vicerrectora de Transferencia, Emprendimiento y Divulgaci\u00f3n Cient\u00edfica de la UA, Mar\u00eda Jes\u00fas Pastor; el vicerrector de Estudiantes y Empleo de la UA, Ra\u00fal Ruiz; el secretario auton\u00f3mico de Medioambiente y Territorio de la Conselleria de Medioambiente, Infraestructuras y Territorio, Ra\u00fal M\u00e9rida; el director del Instituto CIBIO de la Universidad de Alicante, Jos\u00e9 Luis Casas Mart\u00ednez; el teniente de alcalde de Museos, Elio Verd\u00fa, as\u00ed como el resto de miembros de la Corporaci\u00f3n Municipal. Para finalizar una ma\u00f1ana de celebraci\u00f3n, a las 12.30 h, se podr\u00e1 disfrutar del concierto de Billy Mandanga, con el espect\u00e1culo \u201cLos autitos chocadores\u201d.<\/p>\n\n\n\n<p>Cabe recordar que el Museo de la Biodiversidad se gest\u00f3 mediante un acuerdo entre la Universidad de Alicante, a trav\u00e9s del instituto de investigaci\u00f3n CIBIO y el Ayuntamiento de Ibi, con el objetivo de sensibilizar, concienciar y capacitar a amplios grupos de poblaci\u00f3n, sobre la importancia de adoptar conductas responsables y respetuosas con el Medioambiente, para contribuir a crear un entorno mejor conservado y m\u00e1s sostenible. Abri\u00f3 sus puertas por primera vez el 30 de septiembre de 2004, con el patrocinio de la Fundaci\u00f3n Biodiversidad del Gobierno de Espa\u00f1a, y su importancia como Museo fue reconocida el 13 de marzo de 2007 al ser incluido en la Red de Museos y Colecciones Museogr\u00e1ficas de la Generalitat Valenciana. Su reconocimiento como espacio expositivo de inter\u00e9s nacional ha llevado a firmar convenios de colaboraci\u00f3n con entidades importantes como el Museo Nacional de Ciencias Naturales (MNCN) &#8211; CSIC; la Ciudad de las Artes y las Ciencias y Oceanogr\u00e0fic de Valencia; el Parque de las Ciencias de Granada y el Museo de Historia Natural Andr\u00e9s Urdaneta, entre otros.<\/p>\n\n\n\n<figure class=\"wp-block-image size-large\"><img decoding=\"async\" width=\"827\" height=\"1170\" src=\"https:\/\/www.lafresca.fm\/f-solosog\/2025\/04\/CELEBRACION-XX-ANIVERSARIO-MUSEO-BIODIVERSIDAD-827x1170.jpg\" alt=\"\" class=\"wp-image-14863\" srcset=\"https:\/\/www.lafresca.fm\/f-solosog\/2025\/04\/CELEBRACION-XX-ANIVERSARIO-MUSEO-BIODIVERSIDAD-827x1170.jpg 827w, https:\/\/www.lafresca.fm\/f-solosog\/2025\/04\/CELEBRACION-XX-ANIVERSARIO-MUSEO-BIODIVERSIDAD-545x770.jpg 545w, https:\/\/www.lafresca.fm\/f-solosog\/2025\/04\/CELEBRACION-XX-ANIVERSARIO-MUSEO-BIODIVERSIDAD-768x1086.jpg 768w, https:\/\/www.lafresca.fm\/f-solosog\/2025\/04\/CELEBRACION-XX-ANIVERSARIO-MUSEO-BIODIVERSIDAD-1086x1536.jpg 1086w, https:\/\/www.lafresca.fm\/f-solosog\/2025\/04\/CELEBRACION-XX-ANIVERSARIO-MUSEO-BIODIVERSIDAD-1448x2048.jpg 1448w, https:\/\/www.lafresca.fm\/f-solosog\/2025\/04\/CELEBRACION-XX-ANIVERSARIO-MUSEO-BIODIVERSIDAD.jpg 1500w\" sizes=\"(max-width: 827px) 100vw, 827px\" \/><\/figure>\n\n\n\n<p>El trabajo divulgativo y cient\u00edfico que se ha llevado a cabo a lo largo de estos veinte a\u00f1os desde el museo, con el fin de difundir el conocimiento sobre la biodiversidad y su conservaci\u00f3n, ha sido reconocido con diversos galardones a nivel nacional tales como el Premio Ciudad Sostenible por los programas de educaci\u00f3n ambiental promovidos desde el Museo de la Biodiversidad en 2019; en 2017 en el XXII Certamen Humanidad y Medio del Ayuntamiento de Camargo (Cantabria), finalista en la categor\u00eda de Educaci\u00f3n Ambiental de los Premios Ciudad Sostenible en su 15\u00aa edici\u00f3n y Premio al Ayuntamiento Ejemplar 2016 en los VI Premios Biodiversidad y Sociedad, otorgado por la Generalitat Valenciana.<\/p>\n\n\n\n<p>Para el director del Museo, Eduardo Galante, \u201ccelebrar este aniversario es m\u00e1s que un sue\u00f1o cumplido, ya que lo que comenz\u00f3 en 2004 como una idea personal se ha convertido en un proyecto muse\u00edstico sobre biodiversidad de referencia en Espa\u00f1a\u201d. Durante este camino, a\u00f1ade, \u201che tenido la suerte de encontrar el apoyo incondicional de la corporaci\u00f3n municipal, de los distintos vicerrectorados de la UA, as\u00ed como de la direcci\u00f3n del CIBIO, a los que quiero agradecer su cooperaci\u00f3n y esfuerzo\u201d .<\/p>\n\n\n\n<p>Sergio Carrasco, alcalde de Ibi, declara que \u201csentimos un orgullo muy especial con el desarrollo exponencial que ha tenido durante estos 20 a\u00f1os el Museo de la Biodiversidad. Es m\u00e1s que evidente el gran y excelente trabajo que en \u00e9l se ha desarrollado por parte de su director y de los t\u00e9cnicos que los conforman, tanto del Ayuntamiento como de la Universidad de Alicante, aunando estudio, did\u00e1ctica y pasi\u00f3n que han sido claves para que las personas que visitan el Museo queden muy satisfechas con el descubrimiento que hacen de \u00e9l. Hoy brindamos por el Museo y por muchos a\u00f1os m\u00e1s juntos\u201d.<\/p>\n<script>function PlayerjsAsync(){} if(window[\"Playerjs\"]){PlayerjsAsync();}<\/script>","protected":false},"excerpt":{"rendered":"<p>El pr\u00f3ximo 12 de abril, el Museo de la Biodiversidad de Ibi celebra su XX Aniversario en una jornada de fiesta abierta al p\u00fablico. Desde hace m\u00e1s de 20 a\u00f1os, el Ayuntamiento y la Universidad de Alicante, a trav\u00e9s del Centro Iberoamericano de la Biodiversidad (CIBIO), vienen desarrollando actividades culturales ...<\/p>\n","protected":false},"author":2,"featured_media":14862,"comment_status":"closed","ping_status":"closed","sticky":false,"template":"","format":"standard","meta":{"_monsterinsights_skip_tracking":false,"_monsterinsights_sitenote_active":false,"_monsterinsights_sitenote_note":"","_monsterinsights_sitenote_category":0,"footnotes":""},"categories":[4],"tags":[128],"class_list":["post-14861","post","type-post","status-publish","format-standard","has-post-thumbnail","hentry","category-alicante","tag-ibi"],"aioseo_notices":[],"_links":{"self":[{"href":"https:\/\/www.lafresca.fm\/fresca-api-json\/wp\/v2\/posts\/14861","targetHints":{"allow":["GET"]}}],"collection":[{"href":"https:\/\/www.lafresca.fm\/fresca-api-json\/wp\/v2\/posts"}],"about":[{"href":"https:\/\/www.lafresca.fm\/fresca-api-json\/wp\/v2\/types\/post"}],"author":[{"embeddable":true,"href":"https:\/\/www.lafresca.fm\/fresca-api-json\/wp\/v2\/users\/2"}],"replies":[{"embeddable":true,"href":"https:\/\/www.lafresca.fm\/fresca-api-json\/wp\/v2\/comments?post=14861"}],"version-history":[{"count":1,"href":"https:\/\/www.lafresca.fm\/fresca-api-json\/wp\/v2\/posts\/14861\/revisions"}],"predecessor-version":[{"id":14864,"href":"https:\/\/www.lafresca.fm\/fresca-api-json\/wp\/v2\/posts\/14861\/revisions\/14864"}],"wp:featuredmedia":[{"embeddable":true,"href":"https:\/\/www.lafresca.fm\/fresca-api-json\/wp\/v2\/media\/14862"}],"wp:attachment":[{"href":"https:\/\/www.lafresca.fm\/fresca-api-json\/wp\/v2\/media?parent=14861"}],"wp:term":[{"taxonomy":"category","embeddable":true,"href":"https:\/\/www.lafresca.fm\/fresca-api-json\/wp\/v2\/categories?post=14861"},{"taxonomy":"post_tag","embeddable":true,"href":"https:\/\/www.lafresca.fm\/fresca-api-json\/wp\/v2\/tags?post=14861"}],"curies":[{"name":"wp","href":"https:\/\/api.w.org\/{rel}","templated":true}]}}