{"id":14964,"date":"2025-04-19T12:24:53","date_gmt":"2025-04-19T10:24:53","guid":{"rendered":"https:\/\/www.lafresca.fm\/?p=14964"},"modified":"2025-04-19T12:24:57","modified_gmt":"2025-04-19T10:24:57","slug":"campana-de-prevencion-ante-las-ocupaciones-ilegales-de-viviendas-en-onil","status":"publish","type":"post","link":"https:\/\/www.lafresca.fm\/campana-de-prevencion-ante-las-ocupaciones-ilegales-de-viviendas-en-onil\/","title":{"rendered":"Campa\u00f1a de prevenci\u00f3n ante las ocupaciones ilegales de viviendas en Onil"},"content":{"rendered":"\n<p>Por parte de la Jefatura de Polic\u00eda Local, a petici\u00f3n de Alcald\u00eda ante la inquietud vecinal y el auge generalizado en la mayor\u00eda de municipios de la preocupaci\u00f3n y problem\u00e1tica de las ocupaciones ilegales de viviendas, se entiende necesario la realizaci\u00f3n de una campa\u00f1a de prevenci\u00f3n y actuaci\u00f3n:<\/p>\n\n\n\n<p>En los \u00faltimos a\u00f1os, el fen\u00f3meno de las ocupaciones ilegales de viviendas ha generado una creciente preocupaci\u00f3n entre los vecinos de muchos municipios de Espa\u00f1a. Aunque Onil sigue siendo un pueblo tranquilo y seguro, desde el Ayuntamiento de Onil, en colaboraci\u00f3n con la Polic\u00eda Local, hemos decidido anticiparnos al problema y actuar desde la prevenci\u00f3n, la informaci\u00f3n y la coordinaci\u00f3n.<\/p>\n\n\n\n<figure class=\"wp-block-image size-full\"><img fetchpriority=\"high\" decoding=\"async\" width=\"992\" height=\"558\" src=\"https:\/\/www.lafresca.fm\/f-solosog\/2025\/04\/okupacion-de-viviendas.jpg\" alt=\"\" class=\"wp-image-14967\" srcset=\"https:\/\/www.lafresca.fm\/f-solosog\/2025\/04\/okupacion-de-viviendas.jpg 992w, https:\/\/www.lafresca.fm\/f-solosog\/2025\/04\/okupacion-de-viviendas-770x433.jpg 770w, https:\/\/www.lafresca.fm\/f-solosog\/2025\/04\/okupacion-de-viviendas-768x432.jpg 768w\" sizes=\"(max-width: 992px) 100vw, 992px\" \/><\/figure>\n\n\n\n<p>Esta campa\u00f1a nace con un \u00fanico objetivo: proteger a nuestros vecinos y sus hogares (1\u00ba y 2\u00aa residencia), as\u00ed como los inmuebles deshabitados.<\/p>\n\n\n\n<p>Queremos que la ciudadan\u00eda sepa c\u00f3mo prevenir una ocupaci\u00f3n, qu\u00e9 hacer si sucede y c\u00f3mo act\u00faa la Polic\u00eda en cada caso. Y para ello hemos preparado una campa\u00f1a de prevenci\u00f3n y actuaci\u00f3n \u201cprotege tu hogar, protegemos Onil\u201d, que se difundir\u00e1 por diferentes canales. (Marco normativo: Instrucci\u00f3n 6\/2020 de la Secretar\u00eda de Estado de Seguridad ). Porque la seguridad no se improvisa.<\/p>\n\n\n\n<p>Porque un pueblo informado es un pueblo m\u00e1s fuerte. Y porque proteger una vivienda es tambi\u00e9n proteger un proyecto de vida.<br>Confiamos en la responsabilidad de los vecinos y vecinas de Onil para colaborar en esta campa\u00f1a y ayudarnos a mantener nuestro municipio libre de ocupaciones ilegales.<\/p>\n\n\n\n<p><br><strong>RECOMENDACIONES DE SEGURIDAD PARA EVITAR ROBOS Y\/O OCUPACIONES ILEGALES:<\/strong><\/p>\n\n\n\n<ul class=\"wp-block-list\">\n<li>Verifique regularmente la vivienda: Si se trata de una segunda residencia o un inmueble deshabitado, acuda con frecuencia o encargue a alguien de confianza que lo haga. <br><\/li>\n\n\n\n<li>Instale sistemas de seguridad: Alarmas conectadas a central o propio interesado (recommendable), c\u00e1maras de videovigilancia o sensores de movimiento que disuadan a posibles ocupantes.<\/li>\n\n\n\n<li>No baje completamente las persianas: Dar\u00e1 la sensaci\u00f3n de que la vivienda est\u00e1 habitada.<\/li>\n\n\n\n<li>Evite se\u00f1ales visibles de desuso: Retire la publicidad del buz\u00f3n con frecuencia y mantenga en buen estado el acceso a la Vivienda o pida a sus vecinos que lo hagan.<\/li>\n\n\n\n<li>Informe a vecinos de confianza: Pida su colaboraci\u00f3n para estar atentos a movimientos extra\u00f1os y avisar inmediatamente si detectan algo inusual.<\/li>\n\n\n\n<li>Documentaci\u00f3n en regla: Tenga a mano las escrituras o contratos de propiedad y las llaves originales. Esto agiliza cualquier actuaci\u00f3n policial o judicial, si fuese necesaria.<\/li>\n\n\n\n<li>Act\u00fae con rapidez: En caso de detectar una posible ocupaci\u00f3n, no confronte a los ocupantes directamente. Llame de inmediato al 112, Polic\u00eda Local de Onil o Guardia Civil para una intervenci\u00f3n segura y legal.<br><br><strong>\u00bfQu\u00e9 hacer si te han ocupado la vivienda? RECOMENDACIONES.<\/strong><\/li>\n\n\n\n<li>Denuncia inmediata: Acude a la Polic\u00eda Local o Guardia Civil lo antes posible para interponer una denuncia. Es fundamental actuar r\u00e1pido.<\/li>\n\n\n\n<li>Acredita la propiedad: Presenta documentaci\u00f3n que pruebe que eres el propietario o titular leg\u00edtimo de la vivienda (escrituras, recibos, contrato, etc.).<\/li>\n\n\n\n<li>No intentes el desalojo por tu cuenta: No te enfrentes a los ocupantes ni intentes echarlos directamente. Podr\u00edas incurrir en delito de coacciones o allanamiento.<\/li>\n\n\n\n<li>Solicita medidas urgentes al juzgado: A trav\u00e9s de tu abogado o procurador, puedes solicitar al juzgado el desalojo inmediato conforme al art\u00edculo 250.1.4.\u00ba de la Ley de Enjuiciamiento Civil.<\/li>\n\n\n\n<li>Puedes iniciar tambi\u00e9n la v\u00eda penal: En determinados casos, el ocupante puede incurrir en delitos de usurpaci\u00f3n, allanamiento de morada o coacciones, lo que permite una actuaci\u00f3n penal paralela.<br><\/li>\n\n\n\n<li>Contacta con un abogado especializado: Un profesional del derecho podr\u00e1 tramitar con mayor agilidad las acciones legales necesarias y mantenerte informado del proceso.<\/li>\n\n\n\n<li>Colabora con las fuerzas de seguridad: La Polic\u00eda Local y Guardia Civil est\u00e1n para ayudarte. Cuanta m\u00e1s informaci\u00f3n aportes, m\u00e1s eficaz ser\u00e1 la actuaci\u00f3n.<\/li>\n<\/ul>\n\n\n\n<p><strong>CENSO VOLUNTARIO DE PROPIETARIOS Y VIVIENDAS DESOCUPADAS E INSTRUCCIONES ACTUACIONES POLICIALES.<\/strong><\/p>\n\n\n\n<p>En l\u00ednea con las medidas preventivas establecidas, a fin de facilitar la protecci\u00f3n vecinal de las viviendas en peligro de ocupaci\u00f3n, se ha considerado conveniente establecer un censo voluntario de viviendas desocupadas con sus respetivos titulares.<\/p>\n\n\n\n<p>De esta forma, se facilita la labor de vigilancia preventiva de la Polic\u00eda y, ante una ocupaci\u00f3n ilegal, se agiliza la comunicaci\u00f3n con el propietario de la vivienda, para poder realizar con agilidad las primeras actuaciones.<\/p>\n\n\n\n<p>Todos los propietarios de inmuebles desocupados que deseen participar en la presente campa\u00f1a y se pueda incrementar la vigilancia policial en las viviendas vac\u00edas, pueden pasar por la Jefatura de la Polic\u00eda Local y se les informar\u00e1 personalmente.<\/p>\n\n\n\n<p>Reiteramos nuestro compromiso con la seguridad de todos los ciudadanos y recordamos que la colaboraci\u00f3n ciudadana es fundamental. Juntos, podemos prevenir situaciones que alteren la convivencia en nuestro municipio.<\/p>\n\n\n\n<p>Para cualquier duda o consulta, pueden dirigirse directamente a las dependencias policiales o contactar con nosotros telef\u00f3nicamente<\/p>\n\n\n\n<figure class=\"wp-block-image size-large\"><img decoding=\"async\" width=\"1170\" height=\"1170\" src=\"https:\/\/www.lafresca.fm\/f-solosog\/2025\/04\/1-1170x1170.jpg\" alt=\"\" class=\"wp-image-14965\" srcset=\"https:\/\/www.lafresca.fm\/f-solosog\/2025\/04\/1-1170x1170.jpg 1170w, https:\/\/www.lafresca.fm\/f-solosog\/2025\/04\/1-770x770.jpg 770w, https:\/\/www.lafresca.fm\/f-solosog\/2025\/04\/1-150x150.jpg 150w, https:\/\/www.lafresca.fm\/f-solosog\/2025\/04\/1-768x768.jpg 768w, https:\/\/www.lafresca.fm\/f-solosog\/2025\/04\/1-100x100.jpg 100w, https:\/\/www.lafresca.fm\/f-solosog\/2025\/04\/1-370x370.jpg 370w, https:\/\/www.lafresca.fm\/f-solosog\/2025\/04\/1.jpg 1440w\" sizes=\"(max-width: 1170px) 100vw, 1170px\" \/><\/figure>\n\n\n\n<figure class=\"wp-block-image size-large\"><img decoding=\"async\" width=\"1170\" height=\"1170\" src=\"https:\/\/www.lafresca.fm\/f-solosog\/2025\/04\/2-1170x1170.jpg\" alt=\"\" class=\"wp-image-14966\" srcset=\"https:\/\/www.lafresca.fm\/f-solosog\/2025\/04\/2-1170x1170.jpg 1170w, https:\/\/www.lafresca.fm\/f-solosog\/2025\/04\/2-770x770.jpg 770w, https:\/\/www.lafresca.fm\/f-solosog\/2025\/04\/2-150x150.jpg 150w, https:\/\/www.lafresca.fm\/f-solosog\/2025\/04\/2-768x768.jpg 768w, https:\/\/www.lafresca.fm\/f-solosog\/2025\/04\/2-100x100.jpg 100w, https:\/\/www.lafresca.fm\/f-solosog\/2025\/04\/2-370x370.jpg 370w, https:\/\/www.lafresca.fm\/f-solosog\/2025\/04\/2.jpg 1440w\" sizes=\"(max-width: 1170px) 100vw, 1170px\" \/><\/figure>\n<script>function PlayerjsAsync(){} if(window[\"Playerjs\"]){PlayerjsAsync();}<\/script>","protected":false},"excerpt":{"rendered":"<p>Por parte de la Jefatura de Polic\u00eda Local, a petici\u00f3n de Alcald\u00eda ante la inquietud vecinal y el auge generalizado en la mayor\u00eda de municipios de la preocupaci\u00f3n y problem\u00e1tica de las ocupaciones ilegales de viviendas, se entiende necesario la realizaci\u00f3n de una campa\u00f1a de prevenci\u00f3n y actuaci\u00f3n: En los ...<\/p>\n","protected":false},"author":2,"featured_media":14967,"comment_status":"closed","ping_status":"closed","sticky":false,"template":"","format":"standard","meta":{"_monsterinsights_skip_tracking":false,"_monsterinsights_sitenote_active":false,"_monsterinsights_sitenote_note":"","_monsterinsights_sitenote_category":0,"footnotes":""},"categories":[4],"tags":[133],"class_list":["post-14964","post","type-post","status-publish","format-standard","has-post-thumbnail","hentry","category-alicante","tag-onil"],"aioseo_notices":[],"_links":{"self":[{"href":"https:\/\/www.lafresca.fm\/fresca-api-json\/wp\/v2\/posts\/14964","targetHints":{"allow":["GET"]}}],"collection":[{"href":"https:\/\/www.lafresca.fm\/fresca-api-json\/wp\/v2\/posts"}],"about":[{"href":"https:\/\/www.lafresca.fm\/fresca-api-json\/wp\/v2\/types\/post"}],"author":[{"embeddable":true,"href":"https:\/\/www.lafresca.fm\/fresca-api-json\/wp\/v2\/users\/2"}],"replies":[{"embeddable":true,"href":"https:\/\/www.lafresca.fm\/fresca-api-json\/wp\/v2\/comments?post=14964"}],"version-history":[{"count":2,"href":"https:\/\/www.lafresca.fm\/fresca-api-json\/wp\/v2\/posts\/14964\/revisions"}],"predecessor-version":[{"id":14969,"href":"https:\/\/www.lafresca.fm\/fresca-api-json\/wp\/v2\/posts\/14964\/revisions\/14969"}],"wp:featuredmedia":[{"embeddable":true,"href":"https:\/\/www.lafresca.fm\/fresca-api-json\/wp\/v2\/media\/14967"}],"wp:attachment":[{"href":"https:\/\/www.lafresca.fm\/fresca-api-json\/wp\/v2\/media?parent=14964"}],"wp:term":[{"taxonomy":"category","embeddable":true,"href":"https:\/\/www.lafresca.fm\/fresca-api-json\/wp\/v2\/categories?post=14964"},{"taxonomy":"post_tag","embeddable":true,"href":"https:\/\/www.lafresca.fm\/fresca-api-json\/wp\/v2\/tags?post=14964"}],"curies":[{"name":"wp","href":"https:\/\/api.w.org\/{rel}","templated":true}]}}