{"id":14977,"date":"2025-04-24T09:28:05","date_gmt":"2025-04-24T07:28:05","guid":{"rendered":"https:\/\/www.lafresca.fm\/?p=14977"},"modified":"2025-04-24T09:28:07","modified_gmt":"2025-04-24T07:28:07","slug":"el-consorcio-de-bomberos-licitara-en-mayo-las-obras-para-finalizar-el-parque-auxiliar-de-ibi-antes-de-que-acabe-el-ano","status":"publish","type":"post","link":"https:\/\/www.lafresca.fm\/el-consorcio-de-bomberos-licitara-en-mayo-las-obras-para-finalizar-el-parque-auxiliar-de-ibi-antes-de-que-acabe-el-ano\/","title":{"rendered":"El Consorcio de Bomberos licitar\u00e1 en mayo las obras para finalizar el Parque Auxiliar de Ibi antes de que acabe el a\u00f1o"},"content":{"rendered":"\n<ul class=\"wp-block-list\">\n<li><em>La inversi\u00f3n total en la infraestructura superar\u00e1 los dos millones de euros<\/em><\/li>\n<\/ul>\n\n\n\n<p>El Consorcio Provincial de Bomberos tiene previsto sacar a licitaci\u00f3n el pr\u00f3ximo mes de mayo las obras pendientes del Parque Auxiliar de Bomberos de Ibi, con el objetivo de que esta infraestructura est\u00e9 finalizada antes de que finalice el a\u00f1o. As\u00ed lo ha anunciado el presidente de la Diputaci\u00f3n de Alicante, Toni P\u00e9rez, tras reunirse con el alcalde de Ibi, Sergio Carrasco, en el Palacio Provincial.<\/p>\n\n\n\n<p><em>\u201cNuestro objetivo, una vez resuelta la cuesti\u00f3n administrativa, es que las obras se puedan retomar cuanto antes y est\u00e9n finalizadas antes de que acabe 2025\u201d, ha asegurado Toni P\u00e9rez, quien ha reiterado el \u201ccompromiso absoluto de la Diputaci\u00f3n de Alicante y del Consorcio de Bomberos con esta importante obra\u201d.<\/em><\/p>\n\n\n\n<figure class=\"wp-block-image size-large\"><img fetchpriority=\"high\" decoding=\"async\" width=\"1170\" height=\"780\" src=\"https:\/\/www.lafresca.fm\/f-solosog\/2025\/04\/Foto-Dipu-1170x780.jpg\" alt=\"\" class=\"wp-image-14980\" srcset=\"https:\/\/www.lafresca.fm\/f-solosog\/2025\/04\/Foto-Dipu-1170x780.jpg 1170w, https:\/\/www.lafresca.fm\/f-solosog\/2025\/04\/Foto-Dipu-770x513.jpg 770w, https:\/\/www.lafresca.fm\/f-solosog\/2025\/04\/Foto-Dipu-768x512.jpg 768w, https:\/\/www.lafresca.fm\/f-solosog\/2025\/04\/Foto-Dipu-1536x1024.jpg 1536w, https:\/\/www.lafresca.fm\/f-solosog\/2025\/04\/Foto-Dipu.jpg 2048w\" sizes=\"(max-width: 1170px) 100vw, 1170px\" \/><\/figure>\n\n\n\n<p>Las obras del nuevo parque auxiliar comenzaron en diciembre de 2022 con un presupuesto inicial de 1.841.577 euros, aunque se paralizaron por discrepancias con la empresa adjudicataria. Tras la resoluci\u00f3n favorable del Consell Jur\u00eddic Consultiu de la Generalitat Valenciana al Consorcio de Bomberos, se procedi\u00f3 a rescindir el contrato y a iniciar la fase de reanudaci\u00f3n del proyecto. Hasta abril de 2024, se hab\u00eda ejecutado m\u00e1s de la mitad de la actuaci\u00f3n, quedando pendientes trabajos valorados en 667.501 euros.<\/p>\n\n\n\n<p>Actualmente, el proyecto est\u00e1 siendo adaptado por los t\u00e9cnicos del Consorcio, quienes estiman que el coste final de los trabajos pendientes ascender\u00e1 a unos 916.000 euros. Esta actualizaci\u00f3n eleva la inversi\u00f3n total por encima de los dos millones de euros.<\/p>\n\n\n\n<p>Durante el encuentro, el alcalde de Ibi tambi\u00e9n present\u00f3 un informe detallado con las principales necesidades del municipio, en materia de infraestructuras, servicios p\u00fablicos y desarrollo econ\u00f3mico. En este sentido, Carrasco destac\u00f3 la importancia de reforzar la colaboraci\u00f3n institucional: \u201cEs fundamental que trabajemos juntos para mejorar la calidad de vida de nuestros ciudadanos. La colaboraci\u00f3n con la Diputaci\u00f3n es clave para abordar estas cuestiones\u201d.<\/p>\n\n\n\n<figure class=\"wp-block-image size-large\"><img decoding=\"async\" width=\"1170\" height=\"723\" src=\"https:\/\/www.lafresca.fm\/f-solosog\/2025\/04\/bomberos-ibi-1-1170x723.png\" alt=\"\" class=\"wp-image-14979\" srcset=\"https:\/\/www.lafresca.fm\/f-solosog\/2025\/04\/bomberos-ibi-1-1170x723.png 1170w, https:\/\/www.lafresca.fm\/f-solosog\/2025\/04\/bomberos-ibi-1-770x476.png 770w, https:\/\/www.lafresca.fm\/f-solosog\/2025\/04\/bomberos-ibi-1-768x475.png 768w, https:\/\/www.lafresca.fm\/f-solosog\/2025\/04\/bomberos-ibi-1.png 1400w\" sizes=\"(max-width: 1170px) 100vw, 1170px\" \/><\/figure>\n\n\n\n<p>El alcalde traslad\u00f3 adem\u00e1s la situaci\u00f3n actual del parque de bomberos y propuso la creaci\u00f3n de una unidad con veh\u00edculo de extinci\u00f3n industrial en altura, atendiendo a las caracter\u00edsticas del tejido empresarial local. Toni P\u00e9rez se comprometi\u00f3 a estudiar esta petici\u00f3n y facilitar toda la informaci\u00f3n disponible sobre el proyecto.<\/p>\n\n\n\n<p>Asimismo, desde la Diputaci\u00f3n se valorar\u00e1n otras solicitudes del consistorio ibense, como la ampliaci\u00f3n del Asilo de San Joaqu\u00edn, la remodelaci\u00f3n de varios pozos del municipio y la participaci\u00f3n de la Diputaci\u00f3n en el torneo navide\u00f1o \u201cUn juguete, una ilusi\u00f3n\u201d.<\/p>\n\n\n\n<p>Carrasco se mostr\u00f3 satisfecho tras el encuentro y subray\u00f3 que \u201ces el deber de la Diputaci\u00f3n de Alicante escuchar las necesidades y reivindicaciones de los ayuntamientos y adecuar as\u00ed sus l\u00edneas de actuaci\u00f3n a las necesidades espec\u00edficas de cada pueblo, que es lo que verdaderamente convertir\u00e1 esta administraci\u00f3n en una entidad \u00fatil y eficaz para los municipios\u201d.<\/p>\n<script>function PlayerjsAsync(){} if(window[\"Playerjs\"]){PlayerjsAsync();}<\/script>","protected":false},"excerpt":{"rendered":"<p>El Consorcio Provincial de Bomberos tiene previsto sacar a licitaci\u00f3n el pr\u00f3ximo mes de mayo las obras pendientes del Parque Auxiliar de Bomberos de Ibi, con el objetivo de que esta infraestructura est\u00e9 finalizada antes de que finalice el a\u00f1o. As\u00ed lo ha anunciado el presidente de la Diputaci\u00f3n de ...<\/p>\n","protected":false},"author":2,"featured_media":14979,"comment_status":"closed","ping_status":"closed","sticky":false,"template":"","format":"standard","meta":{"_monsterinsights_skip_tracking":false,"_monsterinsights_sitenote_active":false,"_monsterinsights_sitenote_note":"","_monsterinsights_sitenote_category":0,"footnotes":""},"categories":[4],"tags":[133],"class_list":["post-14977","post","type-post","status-publish","format-standard","has-post-thumbnail","hentry","category-alicante","tag-onil"],"aioseo_notices":[],"_links":{"self":[{"href":"https:\/\/www.lafresca.fm\/fresca-api-json\/wp\/v2\/posts\/14977","targetHints":{"allow":["GET"]}}],"collection":[{"href":"https:\/\/www.lafresca.fm\/fresca-api-json\/wp\/v2\/posts"}],"about":[{"href":"https:\/\/www.lafresca.fm\/fresca-api-json\/wp\/v2\/types\/post"}],"author":[{"embeddable":true,"href":"https:\/\/www.lafresca.fm\/fresca-api-json\/wp\/v2\/users\/2"}],"replies":[{"embeddable":true,"href":"https:\/\/www.lafresca.fm\/fresca-api-json\/wp\/v2\/comments?post=14977"}],"version-history":[{"count":2,"href":"https:\/\/www.lafresca.fm\/fresca-api-json\/wp\/v2\/posts\/14977\/revisions"}],"predecessor-version":[{"id":14982,"href":"https:\/\/www.lafresca.fm\/fresca-api-json\/wp\/v2\/posts\/14977\/revisions\/14982"}],"wp:featuredmedia":[{"embeddable":true,"href":"https:\/\/www.lafresca.fm\/fresca-api-json\/wp\/v2\/media\/14979"}],"wp:attachment":[{"href":"https:\/\/www.lafresca.fm\/fresca-api-json\/wp\/v2\/media?parent=14977"}],"wp:term":[{"taxonomy":"category","embeddable":true,"href":"https:\/\/www.lafresca.fm\/fresca-api-json\/wp\/v2\/categories?post=14977"},{"taxonomy":"post_tag","embeddable":true,"href":"https:\/\/www.lafresca.fm\/fresca-api-json\/wp\/v2\/tags?post=14977"}],"curies":[{"name":"wp","href":"https:\/\/api.w.org\/{rel}","templated":true}]}}