{"id":15002,"date":"2025-04-24T16:30:14","date_gmt":"2025-04-24T14:30:14","guid":{"rendered":"https:\/\/www.lafresca.fm\/?p=15002"},"modified":"2025-04-24T16:31:08","modified_gmt":"2025-04-24T14:31:08","slug":"turismo-ibi-presenta-un-ano-mas-la-ruta-dels-esmorzarets-a-ibi-de-categoria","status":"publish","type":"post","link":"https:\/\/www.lafresca.fm\/turismo-ibi-presenta-un-ano-mas-la-ruta-dels-esmorzarets-a-ibi-de-categoria\/","title":{"rendered":"Turismo Ibi presenta, un a\u00f1o m\u00e1s, la \u201cRuta dels Esmorzarets a Ibi. &#8220;De categor\u00eda\u201d"},"content":{"rendered":"\n<ul class=\"wp-block-list\">\n<li>Se trata de la cuarta edici\u00f3n de esta Ruta, dels Esmorzarets cuyo principal objetivo es el de promocionar el<br>t\u00edpico almuerzo valenciano.<\/li>\n<\/ul>\n\n\n\n<ul class=\"wp-block-list\">\n<li>Del 28 de abril al 1 de junio, participar\u00e1n 14 establecimientos hosteleros de la localidad, ofreciendo el t\u00edpico<br>Esmorzaret, por 8 y 9 euros.<\/li>\n<\/ul>\n\n\n\n<p>Esta de 2025 ser\u00e1 la cuarta edici\u00f3n de una campa\u00f1a hostelera, impulsada por la concejal\u00eda de Turismo del Ayuntamiento de Ibi, en la que se quiere dar a conocer y fomentar el almuerzo t\u00edpico valenciano consistente en un bocadillo a media ma\u00f1ana, acompa\u00f1ado por encurtidos o frutos secos, normalmente, y bebida. \u201cDe Categoria!\u201d da nombre a la Ruta dels Esmorzarets a Ibi, en la que participan 14 establecimientos hosteleros de la localidad entre cafeter\u00edas, bares y restaurantes, uno m\u00e1s que el pasado a\u00f1o.<\/p>\n\n\n\n<p>Hoy ha tenido lugar la presentaci\u00f3n en la Oficina de Turismo de Ibi, de la mano del alcalde de Ibi, Sergio Carrasco y el teniente de alcalde de Turismo, Elio Verd\u00fa. Las 14 propuestas de almuerzo, de entre 8 y 9 euros, estar\u00e1n elaboradas por: Casa Juan, Braser\u00eda M&amp;R, Taverna d\u2019Origen, Ca Mari, Bar Andaluc\u00eda Ibi, Stadiu Street, Coquetes, El Cantonet de la Foia, Restaurante Polideportivo Ibi, El Retrato, Roar (kiosko Les Hortes), Bar Piratas, La Roner\u00eda y El Cordob\u00e9s.<\/p>\n\n\n\n<p>En la presentaci\u00f3n ha representado a los establecimientos hosteleros adheridos a la ruta, Ram\u00f3n Mariel, gerente de Roar (kiosko Les Hortes) y La Roner\u00eda. Mariel agradec\u00eda este tipo de proyectos que dan una oportunidad importante para dar a conocer tanto las novedades gastron\u00f3micas de los nuevos establecimientos, como visibilizar el buen hacer de los bares y restaurantes ya consolidados.<\/p>\n\n\n\n<figure class=\"wp-block-image size-large\"><img fetchpriority=\"high\" decoding=\"async\" width=\"1170\" height=\"878\" src=\"https:\/\/www.lafresca.fm\/f-solosog\/2025\/04\/prensa-ruta-esmorzarets-2025-1170x878.jpeg\" alt=\"\" class=\"wp-image-15003\" srcset=\"https:\/\/www.lafresca.fm\/f-solosog\/2025\/04\/prensa-ruta-esmorzarets-2025-1170x878.jpeg 1170w, https:\/\/www.lafresca.fm\/f-solosog\/2025\/04\/prensa-ruta-esmorzarets-2025-770x578.jpeg 770w, https:\/\/www.lafresca.fm\/f-solosog\/2025\/04\/prensa-ruta-esmorzarets-2025-768x576.jpeg 768w, https:\/\/www.lafresca.fm\/f-solosog\/2025\/04\/prensa-ruta-esmorzarets-2025-1536x1152.jpeg 1536w, https:\/\/www.lafresca.fm\/f-solosog\/2025\/04\/prensa-ruta-esmorzarets-2025.jpeg 2048w\" sizes=\"(max-width: 1170px) 100vw, 1170px\" \/><\/figure>\n\n\n\n<p>Elio Verd\u00fa, teniente de alcalde de Turismo, declaraba que \u201cla propuesta gastron\u00f3mica ibense se supera a\u00f1o a a\u00f1o, tanto en el n\u00famero de restaurantes y cafeter\u00edas participantes, como en la participaci\u00f3n de la ciudadan\u00eda y visitantes, que lo ve como una oportunidad de degustar gastronom\u00eda local a precios populares. Estamos seguros que volver\u00e1 a ser este a\u00f1o una campa\u00f1a de \u00e9xito e invitamos a toda la ciudadan\u00eda a realizar la Ruta durante todo el mes en que estar\u00e1 activa, apoyando a los establecimientos locales como a la oferta tur\u00edstica local\u201d. El edil destacaba que, como novedad, este a\u00f1o habr\u00e1n men\u00fas sin gluten y que se ampl\u00edan los d\u00edas de ruta ya que estar\u00e1n disponibles los 7 d\u00edas de la semana, seg\u00fan los d\u00edas de apertura de cada establecimiento.<\/p>\n\n\n\n<p>Por su parte, Sergio Carrasco, alcalde de Ibi, comentaba que \u201caqu\u00ed tambi\u00e9n cuenta mucho la tradici\u00f3n, se trata de una propuesta gastron\u00f3mica que se consolida en la localidad para seguir manteniendo buenas costumbres y para que los hosteleros locales tengan la oportunidad de seguir ofreciendo calidad y buen hacer en sus men\u00fas. Con estas iniciativas buscamos \u201chacer pueblo\u201d. Este es un motivo m\u00e1s para visitar Ibi, donde lo que queremos es ofrecer una experiencia lo m\u00e1s completa posible, aunando naturaleza, museos, zonas de atractivo local y gastronom\u00eda\u201d.<\/p>\n<script>function PlayerjsAsync(){} if(window[\"Playerjs\"]){PlayerjsAsync();}<\/script>","protected":false},"excerpt":{"rendered":"<p>Esta de 2025 ser\u00e1 la cuarta edici\u00f3n de una campa\u00f1a hostelera, impulsada por la concejal\u00eda de Turismo del Ayuntamiento de Ibi, en la que se quiere dar a conocer y fomentar el almuerzo t\u00edpico valenciano consistente en un bocadillo a media ma\u00f1ana, acompa\u00f1ado por encurtidos o frutos secos, normalmente, y ...<\/p>\n","protected":false},"author":2,"featured_media":15003,"comment_status":"closed","ping_status":"closed","sticky":false,"template":"","format":"standard","meta":{"_monsterinsights_skip_tracking":false,"_monsterinsights_sitenote_active":false,"_monsterinsights_sitenote_note":"","_monsterinsights_sitenote_category":0,"footnotes":""},"categories":[4],"tags":[128],"class_list":["post-15002","post","type-post","status-publish","format-standard","has-post-thumbnail","hentry","category-alicante","tag-ibi"],"aioseo_notices":[],"_links":{"self":[{"href":"https:\/\/www.lafresca.fm\/fresca-api-json\/wp\/v2\/posts\/15002","targetHints":{"allow":["GET"]}}],"collection":[{"href":"https:\/\/www.lafresca.fm\/fresca-api-json\/wp\/v2\/posts"}],"about":[{"href":"https:\/\/www.lafresca.fm\/fresca-api-json\/wp\/v2\/types\/post"}],"author":[{"embeddable":true,"href":"https:\/\/www.lafresca.fm\/fresca-api-json\/wp\/v2\/users\/2"}],"replies":[{"embeddable":true,"href":"https:\/\/www.lafresca.fm\/fresca-api-json\/wp\/v2\/comments?post=15002"}],"version-history":[{"count":3,"href":"https:\/\/www.lafresca.fm\/fresca-api-json\/wp\/v2\/posts\/15002\/revisions"}],"predecessor-version":[{"id":15007,"href":"https:\/\/www.lafresca.fm\/fresca-api-json\/wp\/v2\/posts\/15002\/revisions\/15007"}],"wp:featuredmedia":[{"embeddable":true,"href":"https:\/\/www.lafresca.fm\/fresca-api-json\/wp\/v2\/media\/15003"}],"wp:attachment":[{"href":"https:\/\/www.lafresca.fm\/fresca-api-json\/wp\/v2\/media?parent=15002"}],"wp:term":[{"taxonomy":"category","embeddable":true,"href":"https:\/\/www.lafresca.fm\/fresca-api-json\/wp\/v2\/categories?post=15002"},{"taxonomy":"post_tag","embeddable":true,"href":"https:\/\/www.lafresca.fm\/fresca-api-json\/wp\/v2\/tags?post=15002"}],"curies":[{"name":"wp","href":"https:\/\/api.w.org\/{rel}","templated":true}]}}