{"id":15008,"date":"2025-04-25T10:31:04","date_gmt":"2025-04-25T08:31:04","guid":{"rendered":"https:\/\/www.lafresca.fm\/?p=15008"},"modified":"2025-04-25T10:31:05","modified_gmt":"2025-04-25T08:31:05","slug":"imputados-cuatro-responsables-de-industrias-climber-por-la-explosion-de-una-caldera-que-causo-tres-muertos-en-ibi","status":"publish","type":"post","link":"https:\/\/www.lafresca.fm\/imputados-cuatro-responsables-de-industrias-climber-por-la-explosion-de-una-caldera-que-causo-tres-muertos-en-ibi\/","title":{"rendered":"Imputados cuatro responsables de Industrias Climber por la explosi\u00f3n de una caldera que caus\u00f3 tres muertos en Ibi"},"content":{"rendered":"\n<p>La Guardia Civil ha imputado a cuatro hombres, de entre 46 y 71 a\u00f1os, como presuntos responsables de un grave accidente laboral ocurrido el pasado 27 de noviembre de 2024 en la empresa Industrias Climber S.A., ubicada en Ibi. La explosi\u00f3n de una caldera de biomasa en una nave industrial provoc\u00f3 la muerte de tres trabajadores y dej\u00f3 otros siete heridos, tres de ellos de gravedad. Adem\u00e1s de las v\u00edctimas, el suceso caus\u00f3 importantes da\u00f1os materiales en tres empresas colindantes y en varios veh\u00edculos estacionados en las inmediaciones.<\/p>\n\n\n\n<p>Los investigados, que forman parte de la gerencia y del departamento de producci\u00f3n de la compa\u00f1\u00eda, se enfrentan a tres delitos de homicidio por imprudencia y tres delitos de lesiones graves por imprudencia. Las diligencias, desarrolladas en el marco de la operaci\u00f3n \u2018Dampf\u2019, han sido puestas a disposici\u00f3n del Juzgado de Instrucci\u00f3n n\u00famero 2 de Ibi.<\/p>\n\n\n\n<figure class=\"wp-block-image size-full\"><img fetchpriority=\"high\" decoding=\"async\" width=\"690\" height=\"461\" src=\"https:\/\/www.lafresca.fm\/f-solosog\/2025\/04\/explosionibi.jpg\" alt=\"\" class=\"wp-image-15009\"\/><\/figure>\n\n\n\n<p>La investigaci\u00f3n fue asumida desde el primer momento por el Equipo Territorial de Polic\u00eda Judicial de Villena, con el apoyo del equipo de Investigaci\u00f3n de Incendios de la Guardia Civil de Valencia y del Laboratorio de Criminal\u00edstica de Alicante. En el transcurso de las pesquisas se recabaron numerosos testimonios, as\u00ed como informes t\u00e9cnicos elaborados por el Servicio Territorial de Industria, Energ\u00eda y Minas y el Instituto Valenciano de Seguridad y Salud en el Trabajo (Invassat).<\/p>\n\n\n\n<p>Seg\u00fan los resultados obtenidos, la caldera siniestrada presentaba deficiencias graves de mantenimiento. Adem\u00e1s, se comprob\u00f3 que se hab\u00edan llevado a cabo reformas y reparaciones no autorizadas ni homologadas conforme al reglamento vigente de equipos a presi\u00f3n, sin ning\u00fan tipo de control oficial. Estas irregularidades fueron clave en la deflagraci\u00f3n que cost\u00f3 la vida de los operarios.<\/p>\n\n\n\n<p>La potente explosi\u00f3n tuvo lugar durante la jornada laboral y provoc\u00f3 la muerte inmediata de dos trabajadores, mientras que un tercero falleci\u00f3 poco despu\u00e9s a pesar de los intentos de reanimaci\u00f3n.<\/p>\n\n\n\n<p>Desde la Guardia Civil han agradecido la colaboraci\u00f3n de los organismos t\u00e9cnicos implicados en el caso y han recordado la importancia de velar por el cumplimiento de las normativas de seguridad industrial para evitar este tipo de tragedias.<\/p>\n\n\n\n<p>Cabe recordar que, a mediados de febrero, Industrias Climber anunci\u00f3 la reanudaci\u00f3n parcial de su actividad y la reincorporaci\u00f3n progresiva de trabajadores afectados por un ERTE tras el accidente.<\/p>\n<script>function PlayerjsAsync(){} if(window[\"Playerjs\"]){PlayerjsAsync();}<\/script>","protected":false},"excerpt":{"rendered":"<p>La Guardia Civil ha imputado a cuatro hombres, de entre 46 y 71 a\u00f1os, como presuntos responsables de un grave accidente laboral ocurrido el pasado 27 de noviembre de 2024 en la empresa Industrias Climber S.A., ubicada en Ibi. La explosi\u00f3n de una caldera de biomasa en una nave industrial ...<\/p>\n","protected":false},"author":2,"featured_media":15009,"comment_status":"closed","ping_status":"closed","sticky":false,"template":"","format":"standard","meta":{"_monsterinsights_skip_tracking":false,"_monsterinsights_sitenote_active":false,"_monsterinsights_sitenote_note":"","_monsterinsights_sitenote_category":0,"footnotes":""},"categories":[4],"tags":[128],"class_list":["post-15008","post","type-post","status-publish","format-standard","has-post-thumbnail","hentry","category-alicante","tag-ibi"],"aioseo_notices":[],"_links":{"self":[{"href":"https:\/\/www.lafresca.fm\/fresca-api-json\/wp\/v2\/posts\/15008","targetHints":{"allow":["GET"]}}],"collection":[{"href":"https:\/\/www.lafresca.fm\/fresca-api-json\/wp\/v2\/posts"}],"about":[{"href":"https:\/\/www.lafresca.fm\/fresca-api-json\/wp\/v2\/types\/post"}],"author":[{"embeddable":true,"href":"https:\/\/www.lafresca.fm\/fresca-api-json\/wp\/v2\/users\/2"}],"replies":[{"embeddable":true,"href":"https:\/\/www.lafresca.fm\/fresca-api-json\/wp\/v2\/comments?post=15008"}],"version-history":[{"count":2,"href":"https:\/\/www.lafresca.fm\/fresca-api-json\/wp\/v2\/posts\/15008\/revisions"}],"predecessor-version":[{"id":15011,"href":"https:\/\/www.lafresca.fm\/fresca-api-json\/wp\/v2\/posts\/15008\/revisions\/15011"}],"wp:featuredmedia":[{"embeddable":true,"href":"https:\/\/www.lafresca.fm\/fresca-api-json\/wp\/v2\/media\/15009"}],"wp:attachment":[{"href":"https:\/\/www.lafresca.fm\/fresca-api-json\/wp\/v2\/media?parent=15008"}],"wp:term":[{"taxonomy":"category","embeddable":true,"href":"https:\/\/www.lafresca.fm\/fresca-api-json\/wp\/v2\/categories?post=15008"},{"taxonomy":"post_tag","embeddable":true,"href":"https:\/\/www.lafresca.fm\/fresca-api-json\/wp\/v2\/tags?post=15008"}],"curies":[{"name":"wp","href":"https:\/\/api.w.org\/{rel}","templated":true}]}}