{"id":15018,"date":"2025-04-25T15:23:04","date_gmt":"2025-04-25T13:23:04","guid":{"rendered":"https:\/\/www.lafresca.fm\/?p=15018"},"modified":"2025-04-25T15:23:06","modified_gmt":"2025-04-25T13:23:06","slug":"el-senior-a-del-c-d-onil-basket-logra-el-ascenso-a-nacional-tras-una-temporada-de-ensueno","status":"publish","type":"post","link":"https:\/\/www.lafresca.fm\/el-senior-a-del-c-d-onil-basket-logra-el-ascenso-a-nacional-tras-una-temporada-de-ensueno\/","title":{"rendered":"El Senior A del C.D. Onil Basket logra el ascenso a Nacional tras una temporada de ensue\u00f1o"},"content":{"rendered":"\n<p>El <strong>equipo Senior A del C.D. Onil Basket<\/strong> ha conseguido una <strong>gesta hist\u00f3rica<\/strong> al asegurarse el ascenso a <strong>Primera Nacional<\/strong>, tras vencer por un ajustado <strong>53-55 al Basket San Gabriel<\/strong> en un encuentro que mantuvo a todos con el coraz\u00f3n en un pu\u00f1o.<\/p>\n\n\n\n<p>El triunfo ante el conjunto alicantino, sumado a la important\u00edsima victoria contra el <strong>C.B. Oliva<\/strong> la jornada anterior, ha permitido al conjunto colivenc asegurar su ascenso matem\u00e1ticamente cuando a\u00fan queda una fecha por disputarse en el calendario.<\/p>\n\n\n\n<figure class=\"wp-block-image size-large\"><img fetchpriority=\"high\" decoding=\"async\" width=\"1170\" height=\"878\" src=\"https:\/\/www.lafresca.fm\/f-solosog\/2025\/04\/onil-basket-25425-1170x878.jpg\" alt=\"\" class=\"wp-image-15019\" srcset=\"https:\/\/www.lafresca.fm\/f-solosog\/2025\/04\/onil-basket-25425-1170x878.jpg 1170w, https:\/\/www.lafresca.fm\/f-solosog\/2025\/04\/onil-basket-25425-770x578.jpg 770w, https:\/\/www.lafresca.fm\/f-solosog\/2025\/04\/onil-basket-25425-768x576.jpg 768w, https:\/\/www.lafresca.fm\/f-solosog\/2025\/04\/onil-basket-25425.jpg 1440w\" sizes=\"(max-width: 1170px) 100vw, 1170px\" \/><\/figure>\n\n\n\n<p>Este ascenso supone un momento muy especial para el club, que <strong>no compet\u00eda en Nacional desde el a\u00f1o 2011<\/strong>, y representa el resultado de meses de esfuerzo, dedicaci\u00f3n y una gran cohesi\u00f3n de grupo dentro y fuera de la cancha. Con un <strong>balance de 19 partidos ganados y solo 6 perdidos<\/strong>, el equipo ha demostrado ser uno de los m\u00e1s s\u00f3lidos y constantes de la categor\u00eda.<\/p>\n\n\n\n<p>El \u00faltimo compromiso de la temporada ser\u00e1 frente al <strong>S.C.D. Carolinas B<\/strong>, este s\u00e1bado 26 de abril a las 18:00 horas, en el pabell\u00f3n de Onil, donde se espera un ambiente de celebraci\u00f3n y agradecimiento por parte de la afici\u00f3n, que ha acompa\u00f1ado al equipo en cada paso del camino.<\/p>\n<script>function PlayerjsAsync(){} if(window[\"Playerjs\"]){PlayerjsAsync();}<\/script>","protected":false},"excerpt":{"rendered":"<p>El equipo Senior A del C.D. Onil Basket ha conseguido una gesta hist\u00f3rica al asegurarse el ascenso a Primera Nacional, tras vencer por un ajustado 53-55 al Basket San Gabriel en un encuentro que mantuvo a todos con el coraz\u00f3n en un pu\u00f1o. El triunfo ante el conjunto alicantino, sumado ...<\/p>\n","protected":false},"author":2,"featured_media":15019,"comment_status":"closed","ping_status":"closed","sticky":false,"template":"","format":"standard","meta":{"_monsterinsights_skip_tracking":false,"_monsterinsights_sitenote_active":false,"_monsterinsights_sitenote_note":"","_monsterinsights_sitenote_category":0,"footnotes":""},"categories":[4],"tags":[133],"class_list":["post-15018","post","type-post","status-publish","format-standard","has-post-thumbnail","hentry","category-alicante","tag-onil"],"aioseo_notices":[],"_links":{"self":[{"href":"https:\/\/www.lafresca.fm\/fresca-api-json\/wp\/v2\/posts\/15018","targetHints":{"allow":["GET"]}}],"collection":[{"href":"https:\/\/www.lafresca.fm\/fresca-api-json\/wp\/v2\/posts"}],"about":[{"href":"https:\/\/www.lafresca.fm\/fresca-api-json\/wp\/v2\/types\/post"}],"author":[{"embeddable":true,"href":"https:\/\/www.lafresca.fm\/fresca-api-json\/wp\/v2\/users\/2"}],"replies":[{"embeddable":true,"href":"https:\/\/www.lafresca.fm\/fresca-api-json\/wp\/v2\/comments?post=15018"}],"version-history":[{"count":2,"href":"https:\/\/www.lafresca.fm\/fresca-api-json\/wp\/v2\/posts\/15018\/revisions"}],"predecessor-version":[{"id":15021,"href":"https:\/\/www.lafresca.fm\/fresca-api-json\/wp\/v2\/posts\/15018\/revisions\/15021"}],"wp:featuredmedia":[{"embeddable":true,"href":"https:\/\/www.lafresca.fm\/fresca-api-json\/wp\/v2\/media\/15019"}],"wp:attachment":[{"href":"https:\/\/www.lafresca.fm\/fresca-api-json\/wp\/v2\/media?parent=15018"}],"wp:term":[{"taxonomy":"category","embeddable":true,"href":"https:\/\/www.lafresca.fm\/fresca-api-json\/wp\/v2\/categories?post=15018"},{"taxonomy":"post_tag","embeddable":true,"href":"https:\/\/www.lafresca.fm\/fresca-api-json\/wp\/v2\/tags?post=15018"}],"curies":[{"name":"wp","href":"https:\/\/api.w.org\/{rel}","templated":true}]}}