{"id":15048,"date":"2025-04-30T15:16:51","date_gmt":"2025-04-30T13:16:51","guid":{"rendered":"https:\/\/www.lafresca.fm\/?p=15048"},"modified":"2025-05-02T08:52:19","modified_gmt":"2025-05-02T06:52:19","slug":"lespai-fester-asociacion-de-comparsas-virgen-de-la-salud-y-ayuntamiento-de-onil","status":"publish","type":"post","link":"https:\/\/www.lafresca.fm\/lespai-fester-asociacion-de-comparsas-virgen-de-la-salud-y-ayuntamiento-de-onil\/","title":{"rendered":"L\u2019Espai Fester:\u00a0Asociaci\u00f3n de Comparsas Virgen de la Salud y Ayuntamiento de Onil"},"content":{"rendered":"\n<figure class=\"wp-block-audio\"><audio controls src=\"https:\/\/www.lafresca.fm\/f-solosog\/2025\/04\/LESPAIFESTER_30425-Partidos-Asoc-Comparsas-y-Ayto.-Onil.mp3\"><\/audio><\/figure>\n\n\n\n<p>\u00daltimo programa de <strong>L\u2019 Espai Fester<\/strong>,&nbsp;presentado y dirigido por&nbsp;<strong>Rosana Guill<\/strong>. Un programa que iniciamos en el mes de marzo y que ha estado dedicado exclusivamente a hablar de las Fiestas de Moros y Cristianos de Onil. Por nuestros micr\u00f3fonos han pasado todas las personas y organismos protagonistas de las fiestas mayores de este a\u00f1o 2025<\/p>\n\n\n\n<figure class=\"wp-block-image size-full\"><img fetchpriority=\"high\" decoding=\"async\" width=\"1023\" height=\"593\" src=\"https:\/\/www.lafresca.fm\/f-solosog\/2025\/04\/1746012456256041.jpg\" alt=\"\" class=\"wp-image-15049\" srcset=\"https:\/\/www.lafresca.fm\/f-solosog\/2025\/04\/1746012456256041.jpg 1023w, https:\/\/www.lafresca.fm\/f-solosog\/2025\/04\/1746012456256041-770x446.jpg 770w, https:\/\/www.lafresca.fm\/f-solosog\/2025\/04\/1746012456256041-768x445.jpg 768w\" sizes=\"(max-width: 1023px) 100vw, 1023px\" \/><\/figure>\n\n\n\n<ul class=\"wp-block-list\">\n<li><strong>Onil da la bienvenida a sus incre\u00edbles fiestas con la tradicional Nit de l\u2019Olleta<\/strong><\/li>\n<\/ul>\n\n\n\n<p>Este mi\u00e9rcoles 30 de abril, L\u2019Espai Fester ha sido el escenario de la \u00faltima de las entrevistas especiales con motivo de las Fiestas de Moros y Cristianos de Onil, declaradas de Inter\u00e9s Tur\u00edstico Auton\u00f3mico de la Comunitat Valenciana.<\/p>\n\n\n\n<p>En la entrevista, algunas de las formaciones pol\u00edticas representadas en el ayuntamiento colivenc han querido felicitar las fiestas. Susana Ort\u00edz, concejal No Adscrita, Sumem Onil y PSPV\/PSOE, se han pasado por nuestros micr\u00f3fonos.<\/p>\n\n\n\n<p>Seguidamente, el presidente de la Asociaci\u00f3n de Comparsas Virgen de la Salud, Francisco Dur\u00e1, junto a V\u00edctor Berenguer y Andr\u00e9s Beneito, miembros de la directiva, han compartido los \u00faltimos detalles sobre la organizaci\u00f3n de las fiestas, que arrancan esta misma noche con la tradicional <strong>Nit de l\u2019Olleta<\/strong>.<\/p>\n\n\n\n<p>Para cerrar el ciclo de entrevistas festeras, hemos contado con la presencia del <strong>alcalde de Onil, Jaume Berenguer<\/strong>, y la <strong>concejal de Fiestas, Rosana Silvestre<\/strong>, quienes han aprovechado la ocasi\u00f3n para felicitar a todos los colivencos y colivencas e invitar tanto a locales como visitantes a disfrutar de unos d\u00edas \u00fanicos. Ambos han detallado los principales actos del programa, como las entradas, las embajadas, las dianas o los desfiles, que durante los pr\u00f3ximos d\u00edas llenar\u00e1n las calles de color, m\u00fasica y emoci\u00f3n.<\/p>\n<script>function PlayerjsAsync(){} if(window[\"Playerjs\"]){PlayerjsAsync();}<\/script>","protected":false},"excerpt":{"rendered":"<p>\u00daltimo programa de L\u2019 Espai Fester,&nbsp;presentado y dirigido por&nbsp;Rosana Guill. Un programa que iniciamos en el mes de marzo y que ha estado dedicado exclusivamente a hablar de las Fiestas de Moros y Cristianos de Onil. Por nuestros micr\u00f3fonos han pasado todas las personas y organismos protagonistas de las fiestas ...<\/p>\n","protected":false},"author":2,"featured_media":15049,"comment_status":"closed","ping_status":"closed","sticky":false,"template":"","format":"standard","meta":{"_monsterinsights_skip_tracking":false,"_monsterinsights_sitenote_active":false,"_monsterinsights_sitenote_note":"","_monsterinsights_sitenote_category":0,"footnotes":""},"categories":[4],"tags":[133],"class_list":["post-15048","post","type-post","status-publish","format-standard","has-post-thumbnail","hentry","category-alicante","tag-onil"],"aioseo_notices":[],"_links":{"self":[{"href":"https:\/\/www.lafresca.fm\/fresca-api-json\/wp\/v2\/posts\/15048","targetHints":{"allow":["GET"]}}],"collection":[{"href":"https:\/\/www.lafresca.fm\/fresca-api-json\/wp\/v2\/posts"}],"about":[{"href":"https:\/\/www.lafresca.fm\/fresca-api-json\/wp\/v2\/types\/post"}],"author":[{"embeddable":true,"href":"https:\/\/www.lafresca.fm\/fresca-api-json\/wp\/v2\/users\/2"}],"replies":[{"embeddable":true,"href":"https:\/\/www.lafresca.fm\/fresca-api-json\/wp\/v2\/comments?post=15048"}],"version-history":[{"count":5,"href":"https:\/\/www.lafresca.fm\/fresca-api-json\/wp\/v2\/posts\/15048\/revisions"}],"predecessor-version":[{"id":15066,"href":"https:\/\/www.lafresca.fm\/fresca-api-json\/wp\/v2\/posts\/15048\/revisions\/15066"}],"wp:featuredmedia":[{"embeddable":true,"href":"https:\/\/www.lafresca.fm\/fresca-api-json\/wp\/v2\/media\/15049"}],"wp:attachment":[{"href":"https:\/\/www.lafresca.fm\/fresca-api-json\/wp\/v2\/media?parent=15048"}],"wp:term":[{"taxonomy":"category","embeddable":true,"href":"https:\/\/www.lafresca.fm\/fresca-api-json\/wp\/v2\/categories?post=15048"},{"taxonomy":"post_tag","embeddable":true,"href":"https:\/\/www.lafresca.fm\/fresca-api-json\/wp\/v2\/tags?post=15048"}],"curies":[{"name":"wp","href":"https:\/\/api.w.org\/{rel}","templated":true}]}}