{"id":15073,"date":"2025-05-05T15:31:21","date_gmt":"2025-05-05T13:31:21","guid":{"rendered":"https:\/\/www.lafresca.fm\/?p=15073"},"modified":"2025-05-05T16:16:04","modified_gmt":"2025-05-05T14:16:04","slug":"onil-se-llena-hasta-la-bandera-en-unas-fiestas-2025-marcadas-por-el-buen-tiempo-y-la-devocion","status":"publish","type":"post","link":"https:\/\/www.lafresca.fm\/onil-se-llena-hasta-la-bandera-en-unas-fiestas-2025-marcadas-por-el-buen-tiempo-y-la-devocion\/","title":{"rendered":"Onil se ha llenado hasta la bandera en unas fiestas 2025 marcadas por el buen tiempo y la devoci\u00f3n"},"content":{"rendered":"\n<p>Las Fiestas en Honor a la Mare de D\u00e9u de la Salut de Onil han concluido este domingo 4 de mayo con un rotundo \u00e9xito de participaci\u00f3n y un ambiente inmejorable. El buen tiempo y el puente del 1 de mayo han sido claves para que este a\u00f1o se viviera una de las ediciones m\u00e1s multitudinarias y animadas de los \u00faltimos a\u00f1os.<\/p>\n\n\n\n<p>Sin rastro de lluvias y con unas temperaturas agradables durante todos los d\u00edas festivos, Onil ha podido disfrutar al completo de todos los actos programados. Desde las tradicionales entradas de Moros y Cristianos hasta las actividades religiosas, culturales y l\u00fadicas, todo se ha desarrollado sin contratiempos y con una destacada implicaci\u00f3n tanto de vecinos como de visitantes.<\/p>\n\n\n\n<figure class=\"wp-block-image size-large\"><img fetchpriority=\"high\" decoding=\"async\" width=\"1170\" height=\"878\" src=\"https:\/\/www.lafresca.fm\/f-solosog\/2025\/05\/eaa4c521-e98b-4b14-99ec-a59bceb4aa04-1170x878.jpg\" alt=\"\" class=\"wp-image-15074\" srcset=\"https:\/\/www.lafresca.fm\/f-solosog\/2025\/05\/eaa4c521-e98b-4b14-99ec-a59bceb4aa04-1170x878.jpg 1170w, https:\/\/www.lafresca.fm\/f-solosog\/2025\/05\/eaa4c521-e98b-4b14-99ec-a59bceb4aa04-770x578.jpg 770w, https:\/\/www.lafresca.fm\/f-solosog\/2025\/05\/eaa4c521-e98b-4b14-99ec-a59bceb4aa04-768x576.jpg 768w, https:\/\/www.lafresca.fm\/f-solosog\/2025\/05\/eaa4c521-e98b-4b14-99ec-a59bceb4aa04-1536x1152.jpg 1536w, https:\/\/www.lafresca.fm\/f-solosog\/2025\/05\/eaa4c521-e98b-4b14-99ec-a59bceb4aa04.jpg 2048w\" sizes=\"(max-width: 1170px) 100vw, 1170px\" \/><\/figure>\n\n\n\n<p>Ayer, domingo 4 de mayo, se puso el broche de oro a las celebraciones con uno de los momentos m\u00e1s esperados: la solemne procesi\u00f3n y la vuelta de la Mare de D\u00e9u a su ermita, un acto cargado de emoci\u00f3n, fe y tradici\u00f3n que congreg\u00f3 a una gran multitud en las calles del municipio. Como colof\u00f3n, un espectacular castillo de fuegos artificiales ilumin\u00f3 el cielo de Onil, poniendo fin a unos d\u00edas de alegr\u00eda, convivencia y devoci\u00f3n.<\/p>\n\n\n\n<p>Desde el Ayuntamiento y la asociaci\u00f3n de comparsas se ha querido agradecer el comportamiento ejemplar de todos los festeros y asistentes, as\u00ed como el trabajo de los organizadores y cuerpos de seguridad que han hecho posible que las fiestas transcurran con total normalidad.<\/p>\n<script>function PlayerjsAsync(){} if(window[\"Playerjs\"]){PlayerjsAsync();}<\/script>","protected":false},"excerpt":{"rendered":"<p>Las Fiestas en Honor a la Mare de D\u00e9u de la Salut de Onil han concluido este domingo 4 de mayo con un rotundo \u00e9xito de participaci\u00f3n y un ambiente inmejorable. El buen tiempo y el puente del 1 de mayo han sido claves para que este a\u00f1o se viviera ...<\/p>\n","protected":false},"author":2,"featured_media":15074,"comment_status":"closed","ping_status":"closed","sticky":false,"template":"","format":"standard","meta":{"_monsterinsights_skip_tracking":false,"_monsterinsights_sitenote_active":false,"_monsterinsights_sitenote_note":"","_monsterinsights_sitenote_category":0,"footnotes":""},"categories":[4],"tags":[133],"class_list":["post-15073","post","type-post","status-publish","format-standard","has-post-thumbnail","hentry","category-alicante","tag-onil"],"aioseo_notices":[],"_links":{"self":[{"href":"https:\/\/www.lafresca.fm\/fresca-api-json\/wp\/v2\/posts\/15073","targetHints":{"allow":["GET"]}}],"collection":[{"href":"https:\/\/www.lafresca.fm\/fresca-api-json\/wp\/v2\/posts"}],"about":[{"href":"https:\/\/www.lafresca.fm\/fresca-api-json\/wp\/v2\/types\/post"}],"author":[{"embeddable":true,"href":"https:\/\/www.lafresca.fm\/fresca-api-json\/wp\/v2\/users\/2"}],"replies":[{"embeddable":true,"href":"https:\/\/www.lafresca.fm\/fresca-api-json\/wp\/v2\/comments?post=15073"}],"version-history":[{"count":3,"href":"https:\/\/www.lafresca.fm\/fresca-api-json\/wp\/v2\/posts\/15073\/revisions"}],"predecessor-version":[{"id":15078,"href":"https:\/\/www.lafresca.fm\/fresca-api-json\/wp\/v2\/posts\/15073\/revisions\/15078"}],"wp:featuredmedia":[{"embeddable":true,"href":"https:\/\/www.lafresca.fm\/fresca-api-json\/wp\/v2\/media\/15074"}],"wp:attachment":[{"href":"https:\/\/www.lafresca.fm\/fresca-api-json\/wp\/v2\/media?parent=15073"}],"wp:term":[{"taxonomy":"category","embeddable":true,"href":"https:\/\/www.lafresca.fm\/fresca-api-json\/wp\/v2\/categories?post=15073"},{"taxonomy":"post_tag","embeddable":true,"href":"https:\/\/www.lafresca.fm\/fresca-api-json\/wp\/v2\/tags?post=15073"}],"curies":[{"name":"wp","href":"https:\/\/api.w.org\/{rel}","templated":true}]}}