{"id":15096,"date":"2025-05-07T16:34:38","date_gmt":"2025-05-07T14:34:38","guid":{"rendered":"https:\/\/www.lafresca.fm\/?p=15096"},"modified":"2025-05-07T16:34:40","modified_gmt":"2025-05-07T14:34:40","slug":"entrevista-lara-ayala-5-a-teniente-de-alcalde-de-cultura-comunicacion-y-bienestar-animal-en-el-ayuntamiento-de-ibi-2","status":"publish","type":"post","link":"https:\/\/www.lafresca.fm\/entrevista-lara-ayala-5-a-teniente-de-alcalde-de-cultura-comunicacion-y-bienestar-animal-en-el-ayuntamiento-de-ibi-2\/","title":{"rendered":"Entrevista: Lara Ayala, 5.\u00aa teniente\u00a0de\u00a0alcalde de cultura, comunicaci\u00f3n y bienestar animal en el ayuntamiento de Ibi"},"content":{"rendered":"\n<figure class=\"wp-block-audio\"><audio controls src=\"https:\/\/www.lafresca.fm\/f-solosog\/2025\/05\/Enrevista-Lara-Ayala-7525.mp3\"><\/audio><\/figure>\n\n\n\n<p>La 5\u00aa teniente de alcalde del Ayuntamiento de Ibi y responsable del \u00e1rea de Cultura, Comunicaci\u00f3n y Bienestar Animal, Lara Ayala, ha detallado en nuestros micr\u00f3fonos la variada programaci\u00f3n cultural que acoger\u00e1 el municipio en las pr\u00f3ximas semanas.<\/p>\n\n\n\n<p>Ayala ha destacado el compromiso del equipo de gobierno por ofrecer una agenda \u201cdin\u00e1mica, accesible y pensada para todos los p\u00fablicos\u201d, m\u00fasica, humor, literatura y cultura. El pistoletazo de salida ser\u00e1 este s\u00e1bado 10 de mayo con el tradicional <strong>Av\u00eds<\/strong>,  un d\u00eda muy especial para los festeros ibenses.<\/p>\n\n\n\n<figure class=\"wp-block-image size-large is-resized\"><img fetchpriority=\"high\" decoding=\"async\" width=\"1170\" height=\"814\" src=\"https:\/\/www.lafresca.fm\/f-solosog\/2025\/05\/lara-ayala-7524-1170x814.jpg\" alt=\"\" class=\"wp-image-15098\" style=\"width:707px;height:auto\" srcset=\"https:\/\/www.lafresca.fm\/f-solosog\/2025\/05\/lara-ayala-7524-1170x814.jpg 1170w, https:\/\/www.lafresca.fm\/f-solosog\/2025\/05\/lara-ayala-7524-770x536.jpg 770w, https:\/\/www.lafresca.fm\/f-solosog\/2025\/05\/lara-ayala-7524-768x534.jpg 768w, https:\/\/www.lafresca.fm\/f-solosog\/2025\/05\/lara-ayala-7524-1536x1068.jpg 1536w, https:\/\/www.lafresca.fm\/f-solosog\/2025\/05\/lara-ayala-7524.jpg 2000w\" sizes=\"(max-width: 1170px) 100vw, 1170px\" \/><\/figure>\n\n\n\n<p>Entre los actos m\u00e1s destacados se encuentran a finales de mayo los <strong>Actos de Orlas<\/strong>, que rinden homenaje a los estudiantes que finalizan ciclo, y una serie de <strong>cuentacuentos<\/strong> dirigidos al p\u00fablico infantil, que tendr\u00e1n lugar en la Biblioteca Municipal, fomentando la lectura desde edades tempranas.<\/p>\n\n\n\n<p>El humor tambi\u00e9n tendr\u00e1 su espacio con la actuaci\u00f3n del conocido c\u00f3mico <strong>Sergio Bezos<\/strong>, quien ofrecer\u00e1 su mon\u00f3logo el s\u00e1bado 17 de mayo en el Teatro R\u00edo, prometiendo una noche de risas y entretenimiento.<\/p>\n\n\n\n<p>Adem\u00e1s, el Ayuntamiento colabora con el <strong>Memorial Jos\u00e9 Manuel Zambrana Pleguezuelos<\/strong>, un acto que a\u00f1o tras a\u00f1o se convierte en una marea roja y que atrae a centenares de personas de muchos puntos de la comunidad valenciana. <\/p>\n<script>function PlayerjsAsync(){} if(window[\"Playerjs\"]){PlayerjsAsync();}<\/script>","protected":false},"excerpt":{"rendered":"<p>La 5\u00aa teniente de alcalde del Ayuntamiento de Ibi y responsable del \u00e1rea de Cultura, Comunicaci\u00f3n y Bienestar Animal, Lara Ayala, ha detallado en nuestros micr\u00f3fonos la variada programaci\u00f3n cultural que acoger\u00e1 el municipio en las pr\u00f3ximas semanas. Ayala ha destacado el compromiso del equipo de gobierno por ofrecer una ...<\/p>\n","protected":false},"author":2,"featured_media":15098,"comment_status":"closed","ping_status":"closed","sticky":false,"template":"","format":"standard","meta":{"_monsterinsights_skip_tracking":false,"_monsterinsights_sitenote_active":false,"_monsterinsights_sitenote_note":"","_monsterinsights_sitenote_category":0,"footnotes":""},"categories":[4],"tags":[128],"class_list":["post-15096","post","type-post","status-publish","format-standard","has-post-thumbnail","hentry","category-alicante","tag-ibi"],"aioseo_notices":[],"_links":{"self":[{"href":"https:\/\/www.lafresca.fm\/fresca-api-json\/wp\/v2\/posts\/15096","targetHints":{"allow":["GET"]}}],"collection":[{"href":"https:\/\/www.lafresca.fm\/fresca-api-json\/wp\/v2\/posts"}],"about":[{"href":"https:\/\/www.lafresca.fm\/fresca-api-json\/wp\/v2\/types\/post"}],"author":[{"embeddable":true,"href":"https:\/\/www.lafresca.fm\/fresca-api-json\/wp\/v2\/users\/2"}],"replies":[{"embeddable":true,"href":"https:\/\/www.lafresca.fm\/fresca-api-json\/wp\/v2\/comments?post=15096"}],"version-history":[{"count":1,"href":"https:\/\/www.lafresca.fm\/fresca-api-json\/wp\/v2\/posts\/15096\/revisions"}],"predecessor-version":[{"id":15099,"href":"https:\/\/www.lafresca.fm\/fresca-api-json\/wp\/v2\/posts\/15096\/revisions\/15099"}],"wp:featuredmedia":[{"embeddable":true,"href":"https:\/\/www.lafresca.fm\/fresca-api-json\/wp\/v2\/media\/15098"}],"wp:attachment":[{"href":"https:\/\/www.lafresca.fm\/fresca-api-json\/wp\/v2\/media?parent=15096"}],"wp:term":[{"taxonomy":"category","embeddable":true,"href":"https:\/\/www.lafresca.fm\/fresca-api-json\/wp\/v2\/categories?post=15096"},{"taxonomy":"post_tag","embeddable":true,"href":"https:\/\/www.lafresca.fm\/fresca-api-json\/wp\/v2\/tags?post=15096"}],"curies":[{"name":"wp","href":"https:\/\/api.w.org\/{rel}","templated":true}]}}