{"id":15113,"date":"2025-05-08T13:12:21","date_gmt":"2025-05-08T11:12:21","guid":{"rendered":"https:\/\/www.lafresca.fm\/?p=15113"},"modified":"2025-05-08T13:12:23","modified_gmt":"2025-05-08T11:12:23","slug":"aiju-reune-a-expertos-para-abordar-las-ultimas-tendencias-en-innovacion-circular-sostenibilidad-y-digitalizacion-en-productos-de-consumo","status":"publish","type":"post","link":"https:\/\/www.lafresca.fm\/aiju-reune-a-expertos-para-abordar-las-ultimas-tendencias-en-innovacion-circular-sostenibilidad-y-digitalizacion-en-productos-de-consumo\/","title":{"rendered":"AIJU re\u00fane a expertos para abordar las \u00faltimas tendencias en innovaci\u00f3n circular, sostenibilidad y digitalizaci\u00f3n en productos de consumo"},"content":{"rendered":"\n<ul class=\"wp-block-list\">\n<li>El evento, enmarcado dentro de los actos conmemorativos del 40 aniversario de AIJU, se ha planteado como un foro estrat\u00e9gico para actualizar conocimientos, compartir experiencias y establecer nuevas alianzas.<\/li>\n<\/ul>\n\n\n\n<ul class=\"wp-block-list\">\n<li>En la jornada se ha abordado tambi\u00e9n los desaf\u00edos del Pasaporte Digital de Producto cuyo objetivo es realizar un registro electr\u00f3nico \u00fanico que recopila informaci\u00f3n sobre conformidad, ecodise\u00f1o y sostenibilidad del juguete<\/li>\n<\/ul>\n\n\n\n<ul class=\"wp-block-list\">\n<li>El objetivo es fomentar la colaboraci\u00f3n entre agentes del sector y proporcionar una plataforma para la generaci\u00f3n de sinergias, en un momento crucial para la transformaci\u00f3n hacia una industria m\u00e1s responsable<\/li>\n\n\n\n<li><\/li>\n<\/ul>\n\n\n\n<p>El Instituto Tecnol\u00f3gico de Producto Infantil y de Ocio-AIJU ha reunido, esta ma\u00f1ana, a expertos en innovaci\u00f3n, sostenibilidad y digitalizaci\u00f3n en productos de consumo para abordar los grandes desaf\u00edos y las \u00faltimas tendencias que plantea la transici\u00f3n hacia un modelo de econom\u00eda circular en la industria de consumo.<\/p>\n\n\n\n<p>La jornada, dirigida a profesionales de toda la cadena de valor del sector del producto infantil y ocio; empresas de materia prima, fabricaci\u00f3n de productos, dise\u00f1o y gesti\u00f3n de productos o expertos en sostenibilidad, seguridad y tecnolog\u00edas emergentes, se ha planteado como un foro estrat\u00e9gico para actualizar conocimientos, compartir experiencias y establecer nuevas alianzas.<\/p>\n\n\n\n<p>El evento, enmarcado dentro de los actos conmemorativos del 40 aniversario de AIJU, ha contado con la intervenci\u00f3n de expertos del Instituto Tecnol\u00f3gico, as\u00ed como del Ministerio de Industria y Turismo; la Asociaci\u00f3n Valenciana de Empresas del Pl\u00e1stico (AVEP); del Instituto Universitario de Tecnolog\u00eda de Materiales de la UPV, as\u00ed como de empresas como Tapintoit o Consume con COCO, una iniciativa que re\u00fane ya a m\u00e1s de 500 marcas sostenibles.<\/p>\n\n\n\n<figure class=\"wp-block-image size-large\"><img fetchpriority=\"high\" decoding=\"async\" width=\"1170\" height=\"878\" src=\"https:\/\/www.lafresca.fm\/f-solosog\/2025\/05\/Jornada-Innovacion-Circular-2-1170x878.jpg\" alt=\"\" class=\"wp-image-15114\" srcset=\"https:\/\/www.lafresca.fm\/f-solosog\/2025\/05\/Jornada-Innovacion-Circular-2-1170x878.jpg 1170w, https:\/\/www.lafresca.fm\/f-solosog\/2025\/05\/Jornada-Innovacion-Circular-2-770x578.jpg 770w, https:\/\/www.lafresca.fm\/f-solosog\/2025\/05\/Jornada-Innovacion-Circular-2-768x576.jpg 768w, https:\/\/www.lafresca.fm\/f-solosog\/2025\/05\/Jornada-Innovacion-Circular-2-1536x1152.jpg 1536w, https:\/\/www.lafresca.fm\/f-solosog\/2025\/05\/Jornada-Innovacion-Circular-2-2048x1536.jpg 2048w\" sizes=\"(max-width: 1170px) 100vw, 1170px\" \/><\/figure>\n\n\n\n<p>Durante el evento se ha llevado a cabo un an\u00e1lisis del contexto legislativo y normativo actual en materia de dise\u00f1o ecol\u00f3gico y seguridad de producto y se han abordado las \u00faltimas tendencias e innovaciones en materiales sostenibles, as\u00ed como la necesidad de impulsar pr\u00e1cticas de sostenibilidad a lo largo de toda la cadena de valor.<\/p>\n\n\n\n<p>Adem\u00e1s, abordar la trazabilidad y transparencia mediante herramientas como el pasaporte digital de productos, fomentar la colaboraci\u00f3n y el intercambio de conocimientos entre profesionales del sector y desarrollar el talento y la formaci\u00f3n en el \u00e1mbito de la econom\u00eda circular, a trav\u00e9s de iniciativas dirigidas a j\u00f3venes investigadores en \u00e1reas como la inteligencia artificial aplicada a la formulaci\u00f3n de pl\u00e1sticos y la biompresi\u00f3n, han sido otros de los temas tratados.<\/p>\n\n\n\n<p>En cuanto a las necesidades empresariales de personal cualificado, cabe destacar que, durante la jornada, se han presentado los resultados del proyecto CIRCVET, con el que se ha generado contenido formativo en Econom\u00eda Circular para el Sector del Pl\u00e1stico en \u00e1mbito europeo, validado por Universidades, Centros de FP(de Ibi y Almussafes) y empresas de toda Europa, 15 de ellas asociadas de AIJU.<\/p>\n\n\n\n<figure class=\"wp-block-image size-large\"><img decoding=\"async\" width=\"1170\" height=\"878\" src=\"https:\/\/www.lafresca.fm\/f-solosog\/2025\/05\/Jornada-Innovacion-Circular-1170x878.jpg\" alt=\"\" class=\"wp-image-15115\" srcset=\"https:\/\/www.lafresca.fm\/f-solosog\/2025\/05\/Jornada-Innovacion-Circular-1170x878.jpg 1170w, https:\/\/www.lafresca.fm\/f-solosog\/2025\/05\/Jornada-Innovacion-Circular-770x578.jpg 770w, https:\/\/www.lafresca.fm\/f-solosog\/2025\/05\/Jornada-Innovacion-Circular-768x576.jpg 768w, https:\/\/www.lafresca.fm\/f-solosog\/2025\/05\/Jornada-Innovacion-Circular-1536x1152.jpg 1536w, https:\/\/www.lafresca.fm\/f-solosog\/2025\/05\/Jornada-Innovacion-Circular-2048x1536.jpg 2048w\" sizes=\"(max-width: 1170px) 100vw, 1170px\" \/><\/figure>\n\n\n\n<p>Pasaporte digital de producto y su impacto en la trazabilidad y sostenibilidad<\/p>\n\n\n\n<p>Durante la jornada ha tenido lugar tambi\u00e9n una mesa redonda en las que se han abordado los diferentes desaf\u00edos sociales y tecnol\u00f3gicos que presenta el Pasaporte Digital de Producto (DPP), cuyo objetivo es garantizar la trazabilidad y transparencia a lo largo de toda la cadena de valor del producto.<\/p>\n\n\n\n<p>El objetico del Pasaporte Digital de Producto es realizar un registro electr\u00f3nico \u00fanico que recopila informaci\u00f3n sobre conformidad, ecodise\u00f1o y sostenibilidad del juguete en cuesti\u00f3n, facilitando su trazabilidad, vigilancia de mercado y reciclaje.<\/p>\n\n\n\n<p>En ella, los expertos han tratado de dar respuesta a cuestiones fundamentales que tienes que afrontar las empresas del sector para asegurar la trazabilidad del producto, la informaci\u00f3n que debe contener para convertir este requerimiento legislativo en oportunidades para las empresas, la comunicaci\u00f3n de sostenibilidad, ciclo de vida y fin de vida del producto y otros requisitos de seguridad y sostenibilidad espec\u00edficos del sector.<\/p>\n\n\n\n<p>Como ha explicado Asunci\u00f3n Mart\u00ednez, responsable del \u00e1rea de Materiales de AIJU, tecnolog\u00edas y fabricaci\u00f3n aditiva, \u201cel objetivo de la jornada es servir de espacio clave la adaptaci\u00f3n a los nuevos requisitos legislativos y normativos a trav\u00e9s de la innovaci\u00f3n en pr\u00e1cticas sostenibles\u201d.<\/p>\n\n\n\n<p>\u201cCon estos encuentros profesionales queremos inspirar y motivar a las empresas a liderar el cambio hacia la sostenibilidad, a trav\u00e9s de la presentaci\u00f3n de casos de \u00e9xito en la implementaci\u00f3n de pr\u00e1cticas innovadoras y la reflexi\u00f3n sobre el activismo empresarial como motor de transformaci\u00f3n\u201d, ha subrayado Asunci\u00f3n Mart\u00ednez.<\/p>\n\n\n\n<p>Adem\u00e1s, durante la ma\u00f1ana se han expuesto casos de \u00e9xito y buenas pr\u00e1cticas que demuestran c\u00f3mo las empresas pueden liderar el cambio mediante la innovaci\u00f3n sostenible, as\u00ed como iniciativas de formaci\u00f3n y desarrollo de talento<\/p>\n\n\n\n<p>en \u00e1reas de vanguardia como la inteligencia artificial aplicada a materiales o la biompresi\u00f3n.<\/p>\n\n\n\n<p>\u201cEste evento pretende fomentar la colaboraci\u00f3n entre agentes del sector y proporcionar una plataforma para la generaci\u00f3n de sinergias, en un momento crucial para la transformaci\u00f3n hacia una industria m\u00e1s responsable, competitiva y alineada con los objetivos de sostenibilidad\u201d, ha concluido responsable del \u00e1rea de Materiales de AIJU.<\/p>\n<script>function PlayerjsAsync(){} if(window[\"Playerjs\"]){PlayerjsAsync();}<\/script>","protected":false},"excerpt":{"rendered":"<p>El Instituto Tecnol\u00f3gico de Producto Infantil y de Ocio-AIJU ha reunido, esta ma\u00f1ana, a expertos en innovaci\u00f3n, sostenibilidad y digitalizaci\u00f3n en productos de consumo para abordar los grandes desaf\u00edos y las \u00faltimas tendencias que plantea la transici\u00f3n hacia un modelo de econom\u00eda circular en la industria de consumo. La jornada, ...<\/p>\n","protected":false},"author":2,"featured_media":15114,"comment_status":"closed","ping_status":"closed","sticky":false,"template":"","format":"standard","meta":{"_monsterinsights_skip_tracking":false,"_monsterinsights_sitenote_active":false,"_monsterinsights_sitenote_note":"","_monsterinsights_sitenote_category":0,"footnotes":""},"categories":[4],"tags":[200],"class_list":["post-15113","post","type-post","status-publish","format-standard","has-post-thumbnail","hentry","category-alicante","tag-aiju"],"aioseo_notices":[],"_links":{"self":[{"href":"https:\/\/www.lafresca.fm\/fresca-api-json\/wp\/v2\/posts\/15113","targetHints":{"allow":["GET"]}}],"collection":[{"href":"https:\/\/www.lafresca.fm\/fresca-api-json\/wp\/v2\/posts"}],"about":[{"href":"https:\/\/www.lafresca.fm\/fresca-api-json\/wp\/v2\/types\/post"}],"author":[{"embeddable":true,"href":"https:\/\/www.lafresca.fm\/fresca-api-json\/wp\/v2\/users\/2"}],"replies":[{"embeddable":true,"href":"https:\/\/www.lafresca.fm\/fresca-api-json\/wp\/v2\/comments?post=15113"}],"version-history":[{"count":1,"href":"https:\/\/www.lafresca.fm\/fresca-api-json\/wp\/v2\/posts\/15113\/revisions"}],"predecessor-version":[{"id":15116,"href":"https:\/\/www.lafresca.fm\/fresca-api-json\/wp\/v2\/posts\/15113\/revisions\/15116"}],"wp:featuredmedia":[{"embeddable":true,"href":"https:\/\/www.lafresca.fm\/fresca-api-json\/wp\/v2\/media\/15114"}],"wp:attachment":[{"href":"https:\/\/www.lafresca.fm\/fresca-api-json\/wp\/v2\/media?parent=15113"}],"wp:term":[{"taxonomy":"category","embeddable":true,"href":"https:\/\/www.lafresca.fm\/fresca-api-json\/wp\/v2\/categories?post=15113"},{"taxonomy":"post_tag","embeddable":true,"href":"https:\/\/www.lafresca.fm\/fresca-api-json\/wp\/v2\/tags?post=15113"}],"curies":[{"name":"wp","href":"https:\/\/api.w.org\/{rel}","templated":true}]}}