{"id":15245,"date":"2025-05-23T11:25:04","date_gmt":"2025-05-23T09:25:04","guid":{"rendered":"https:\/\/www.lafresca.fm\/?p=15245"},"modified":"2025-05-23T11:25:06","modified_gmt":"2025-05-23T09:25:06","slug":"castalla-celebra-la-feria-de-san-isidro-con-record-de-expositores-y-un-gran-mercado-medieval","status":"publish","type":"post","link":"https:\/\/www.lafresca.fm\/castalla-celebra-la-feria-de-san-isidro-con-record-de-expositores-y-un-gran-mercado-medieval\/","title":{"rendered":"Castalla celebra la Feria de San Isidro con r\u00e9cord de expositores y un gran mercado medieval"},"content":{"rendered":"\n<ul class=\"wp-block-list\">\n<li>La ciudad se llena de vida este fin de semana con m\u00e1s de 100 actividades, 268 expositores, espect\u00e1culos y m\u00fasica en directo<\/li>\n<\/ul>\n\n\n\n<p><br>Castalla se prepara para acoger a miles de visitantes en la XXXI edici\u00f3n de su Feria de San Isidro, que arranca hoy viernes 23 de mayo hasta el domingo. Con m\u00e1s de un centenar de actividades previstas, el municipio se convierte durante tres d\u00edas en un punto de referencia del interior de la provincia.<\/p>\n\n\n\n<p>La feria abrir\u00e1 a las 18:00 horas de esta tarde con talleres infantiles, actividades juveniles con tirolina, roc\u00f3dromo y pista americana, adem\u00e1s de espect\u00e1culos callejeros. Durante los tres d\u00edas, como viene siendo tradici\u00f3n, contar\u00e1 con una gran exposici\u00f3n de autom\u00f3viles. A las 24:00, se pondr\u00e1 el broche a la jornada con la actuaci\u00f3n de la Orquesta Montecarlo en la<br>calle del Convento.<\/p>\n\n\n\n<figure class=\"wp-block-image size-large\"><img fetchpriority=\"high\" decoding=\"async\" width=\"1170\" height=\"780\" src=\"https:\/\/www.lafresca.fm\/f-solosog\/2025\/05\/DSC_1308-scaled-1-1170x780.jpg\" alt=\"\" class=\"wp-image-15246\" srcset=\"https:\/\/www.lafresca.fm\/f-solosog\/2025\/05\/DSC_1308-scaled-1-1170x780.jpg 1170w, https:\/\/www.lafresca.fm\/f-solosog\/2025\/05\/DSC_1308-scaled-1-770x513.jpg 770w, https:\/\/www.lafresca.fm\/f-solosog\/2025\/05\/DSC_1308-scaled-1-768x512.jpg 768w, https:\/\/www.lafresca.fm\/f-solosog\/2025\/05\/DSC_1308-scaled-1-1536x1024.jpg 1536w, https:\/\/www.lafresca.fm\/f-solosog\/2025\/05\/DSC_1308-scaled-1-2048x1366.jpg 2048w\" sizes=\"(max-width: 1170px) 100vw, 1170px\" \/><\/figure>\n\n\n\n<p><br>Este a\u00f1o se instalar\u00e1n un total de 268 expositores, frente a los 199 del a\u00f1o pasado, lo que confirma el crecimiento del evento. La feria comercial, de ocio y atracciones ocupar\u00e1 39.000 m\u00b2, mientras que el mercado medieval contar\u00e1 con 6.000 m\u00b2 adicionales, repletos de artesan\u00eda, gastronom\u00eda, actividades infantiles, charlas y exhibiciones de oficios tradicionales como la forja, la carpinter\u00eda o el vidrio soplado.<br>La oferta cultural es extensa: pasacalles, t\u00edteres, cuentacuentos, circo, teatro de calle y recreaciones hist\u00f3ricas se suceder\u00e1n durante todo el fin de semana.<\/p>\n\n\n\n<p>Tambi\u00e9n habr\u00e1 espacio para el arte con exposiciones como \u201cCastalla Art\u201d, pintura mural en directo y un rinc\u00f3n dedicado a la igualdad.<\/p>\n\n\n\n<figure class=\"wp-block-image size-large\"><img decoding=\"async\" width=\"1170\" height=\"780\" src=\"https:\/\/www.lafresca.fm\/f-solosog\/2025\/05\/WhatsApp-Image-2025-05-23-at-11.09.45-1170x780.jpeg\" alt=\"\" class=\"wp-image-15247\" srcset=\"https:\/\/www.lafresca.fm\/f-solosog\/2025\/05\/WhatsApp-Image-2025-05-23-at-11.09.45-1170x780.jpeg 1170w, https:\/\/www.lafresca.fm\/f-solosog\/2025\/05\/WhatsApp-Image-2025-05-23-at-11.09.45-770x513.jpeg 770w, https:\/\/www.lafresca.fm\/f-solosog\/2025\/05\/WhatsApp-Image-2025-05-23-at-11.09.45-768x512.jpeg 768w, https:\/\/www.lafresca.fm\/f-solosog\/2025\/05\/WhatsApp-Image-2025-05-23-at-11.09.45-1536x1023.jpeg 1536w, https:\/\/www.lafresca.fm\/f-solosog\/2025\/05\/WhatsApp-Image-2025-05-23-at-11.09.45.jpeg 1600w\" sizes=\"(max-width: 1170px) 100vw, 1170px\" \/><\/figure>\n\n\n\n<p>La m\u00fasica ser\u00e1 otro de los grandes reclamos. \u00d3scar Ballester, Gente Nocturna, El \u00daltimo Asalto, Malditeria, Ubangi, Emjoy, Stoned Wizards y N-340 llenar\u00e1n de ritmo la carpa del parque municipal. Adem\u00e1s, los pubs y cafeter\u00edas del municipio acoger\u00e1n tardeos y sesiones DJ.<\/p>\n\n\n\n<p>El programa se completa con exhibiciones ecuestres, danza tradicional, torneo de ajedrez, visitas al castillo, concentraci\u00f3n motera, pole-dance, belly dance, y actividades deportivas en la avenida de la Constituci\u00f3n. Para los visitantes, se habilitar\u00e1n 12.000 m\u00b2 de aparcamiento en cuatro parcelas distribuidas por la ciudad.<\/p>\n\n\n\n<p>Con una propuesta diversa, ambiciosa y pensada para todos los p\u00fablicos, la Feria de San Isidro de Castalla se reafirma como uno de los grandes eventos festivos del calendario provincial.<\/p>\n<script>function PlayerjsAsync(){} if(window[\"Playerjs\"]){PlayerjsAsync();}<\/script>","protected":false},"excerpt":{"rendered":"<p>Castalla se prepara para acoger a miles de visitantes en la XXXI edici\u00f3n de su Feria de San Isidro, que arranca hoy viernes 23 de mayo hasta el domingo. Con m\u00e1s de un centenar de actividades previstas, el municipio se convierte durante tres d\u00edas en un punto de referencia del ...<\/p>\n","protected":false},"author":2,"featured_media":15246,"comment_status":"closed","ping_status":"closed","sticky":false,"template":"","format":"standard","meta":{"_monsterinsights_skip_tracking":false,"_monsterinsights_sitenote_active":false,"_monsterinsights_sitenote_note":"","_monsterinsights_sitenote_category":0,"footnotes":""},"categories":[4],"tags":[144,364],"class_list":["post-15245","post","type-post","status-publish","format-standard","has-post-thumbnail","hentry","category-alicante","tag-castalla","tag-feria-de-san-isidro"],"aioseo_notices":[],"_links":{"self":[{"href":"https:\/\/www.lafresca.fm\/fresca-api-json\/wp\/v2\/posts\/15245","targetHints":{"allow":["GET"]}}],"collection":[{"href":"https:\/\/www.lafresca.fm\/fresca-api-json\/wp\/v2\/posts"}],"about":[{"href":"https:\/\/www.lafresca.fm\/fresca-api-json\/wp\/v2\/types\/post"}],"author":[{"embeddable":true,"href":"https:\/\/www.lafresca.fm\/fresca-api-json\/wp\/v2\/users\/2"}],"replies":[{"embeddable":true,"href":"https:\/\/www.lafresca.fm\/fresca-api-json\/wp\/v2\/comments?post=15245"}],"version-history":[{"count":1,"href":"https:\/\/www.lafresca.fm\/fresca-api-json\/wp\/v2\/posts\/15245\/revisions"}],"predecessor-version":[{"id":15248,"href":"https:\/\/www.lafresca.fm\/fresca-api-json\/wp\/v2\/posts\/15245\/revisions\/15248"}],"wp:featuredmedia":[{"embeddable":true,"href":"https:\/\/www.lafresca.fm\/fresca-api-json\/wp\/v2\/media\/15246"}],"wp:attachment":[{"href":"https:\/\/www.lafresca.fm\/fresca-api-json\/wp\/v2\/media?parent=15245"}],"wp:term":[{"taxonomy":"category","embeddable":true,"href":"https:\/\/www.lafresca.fm\/fresca-api-json\/wp\/v2\/categories?post=15245"},{"taxonomy":"post_tag","embeddable":true,"href":"https:\/\/www.lafresca.fm\/fresca-api-json\/wp\/v2\/tags?post=15245"}],"curies":[{"name":"wp","href":"https:\/\/api.w.org\/{rel}","templated":true}]}}