{"id":15271,"date":"2025-05-27T15:23:40","date_gmt":"2025-05-27T13:23:40","guid":{"rendered":"https:\/\/www.lafresca.fm\/?p=15271"},"modified":"2025-05-27T15:23:42","modified_gmt":"2025-05-27T13:23:42","slug":"demuestra-tu-talento-en-onil-talent-2025-el-5-de-julio-inscribete-antes-del-15-de-junio","status":"publish","type":"post","link":"https:\/\/www.lafresca.fm\/demuestra-tu-talento-en-onil-talent-2025-el-5-de-julio-inscribete-antes-del-15-de-junio\/","title":{"rendered":"\u00a1Demuestra tu talento en Onil Talent 2025 el 5 de julio! Inscr\u00edbete antes del 15 de junio"},"content":{"rendered":"\n<p>El pr\u00f3ximo <strong>5 de julio<\/strong>, el municipio de <strong>Onil<\/strong> se vestir\u00e1 de gala para celebrar <strong>Onil Talent 2025<\/strong>, un evento que busca descubrir y premiar a los talentos m\u00e1s brillantes.<\/p>\n\n\n\n<p>Si tienes una habilidad especial \u2014ya sea en canto, baile, magia, teatro, acrobacias o cualquier otra expresi\u00f3n art\u00edstica\u2014 esta es tu oportunidad para mostrarla ante el p\u00fablico y un jurado especializado.<\/p>\n\n\n\n<h3 class=\"wp-block-heading\">Inscripciones Abiertas<\/h3>\n\n\n\n<p>Las inscripciones estar\u00e1n disponibles <strong>hasta el 15 de junio a las 23:59 h<\/strong>.<br>Para participar, solo tienes que enviar un correo electr\u00f3nico a <strong><a>joventut@onil.es<\/a><\/strong> con los siguientes datos:<\/p>\n\n\n\n<ul class=\"wp-block-list\">\n<li>Nombre y apellidos<\/li>\n\n\n\n<li>Edad<\/li>\n\n\n\n<li>Tel\u00e9fono de contacto<\/li>\n\n\n\n<li>Localidad de residencia<\/li>\n\n\n\n<li>Nombre art\u00edstico<\/li>\n<\/ul>\n\n\n\n<h3 class=\"wp-block-heading\">Participaci\u00f3n Abierta<\/h3>\n\n\n\n<p>La gala est\u00e1 abierta tanto a <strong>actuaciones individuales como en grupo<\/strong>, y <strong>no es necesario residir en Onil<\/strong> para participar. <\/p>\n\n\n\n<h3 class=\"wp-block-heading\">Premios<\/h3>\n\n\n\n<p>El certamen repartir\u00e1 <strong>1.000 \u20ac en premios<\/strong> distribuidos en diferentes categor\u00edas, reconociendo el esfuerzo, la creatividad y la originalidad de los participantes.<\/p>\n\n\n\n<p>Prep\u00e1rate para una noche llena de arte, emoci\u00f3n y sorpresas.<br><strong>\u00bfTienes lo que se necesita para brillar en el escenario?<\/strong> \u00a1Inscr\u00edbete y forma parte de <em>Onil Talent 2025<\/em>!<\/p>\n\n\n\n<figure class=\"wp-block-image size-large\"><img fetchpriority=\"high\" decoding=\"async\" width=\"936\" height=\"1170\" src=\"https:\/\/www.lafresca.fm\/f-solosog\/2025\/05\/Onil-T-alent-2025-936x1170.jpg\" alt=\"\" class=\"wp-image-15272\" srcset=\"https:\/\/www.lafresca.fm\/f-solosog\/2025\/05\/Onil-T-alent-2025-936x1170.jpg 936w, https:\/\/www.lafresca.fm\/f-solosog\/2025\/05\/Onil-T-alent-2025-616x770.jpg 616w, https:\/\/www.lafresca.fm\/f-solosog\/2025\/05\/Onil-T-alent-2025-768x960.jpg 768w, https:\/\/www.lafresca.fm\/f-solosog\/2025\/05\/Onil-T-alent-2025-1229x1536.jpg 1229w, https:\/\/www.lafresca.fm\/f-solosog\/2025\/05\/Onil-T-alent-2025.jpg 1414w\" sizes=\"(max-width: 936px) 100vw, 936px\" \/><\/figure>\n<script>function PlayerjsAsync(){} if(window[\"Playerjs\"]){PlayerjsAsync();}<\/script>","protected":false},"excerpt":{"rendered":"<p>El pr\u00f3ximo 5 de julio, el municipio de Onil se vestir\u00e1 de gala para celebrar Onil Talent 2025, un evento que busca descubrir y premiar a los talentos m\u00e1s brillantes. Si tienes una habilidad especial \u2014ya sea en canto, baile, magia, teatro, acrobacias o cualquier otra expresi\u00f3n art\u00edstica\u2014 esta es ...<\/p>\n","protected":false},"author":2,"featured_media":15272,"comment_status":"closed","ping_status":"closed","sticky":false,"template":"","format":"standard","meta":{"_monsterinsights_skip_tracking":false,"_monsterinsights_sitenote_active":false,"_monsterinsights_sitenote_note":"","_monsterinsights_sitenote_category":0,"footnotes":""},"categories":[4],"tags":[133,838],"class_list":["post-15271","post","type-post","status-publish","format-standard","has-post-thumbnail","hentry","category-alicante","tag-onil","tag-onil-talent"],"aioseo_notices":[],"_links":{"self":[{"href":"https:\/\/www.lafresca.fm\/fresca-api-json\/wp\/v2\/posts\/15271","targetHints":{"allow":["GET"]}}],"collection":[{"href":"https:\/\/www.lafresca.fm\/fresca-api-json\/wp\/v2\/posts"}],"about":[{"href":"https:\/\/www.lafresca.fm\/fresca-api-json\/wp\/v2\/types\/post"}],"author":[{"embeddable":true,"href":"https:\/\/www.lafresca.fm\/fresca-api-json\/wp\/v2\/users\/2"}],"replies":[{"embeddable":true,"href":"https:\/\/www.lafresca.fm\/fresca-api-json\/wp\/v2\/comments?post=15271"}],"version-history":[{"count":1,"href":"https:\/\/www.lafresca.fm\/fresca-api-json\/wp\/v2\/posts\/15271\/revisions"}],"predecessor-version":[{"id":15273,"href":"https:\/\/www.lafresca.fm\/fresca-api-json\/wp\/v2\/posts\/15271\/revisions\/15273"}],"wp:featuredmedia":[{"embeddable":true,"href":"https:\/\/www.lafresca.fm\/fresca-api-json\/wp\/v2\/media\/15272"}],"wp:attachment":[{"href":"https:\/\/www.lafresca.fm\/fresca-api-json\/wp\/v2\/media?parent=15271"}],"wp:term":[{"taxonomy":"category","embeddable":true,"href":"https:\/\/www.lafresca.fm\/fresca-api-json\/wp\/v2\/categories?post=15271"},{"taxonomy":"post_tag","embeddable":true,"href":"https:\/\/www.lafresca.fm\/fresca-api-json\/wp\/v2\/tags?post=15271"}],"curies":[{"name":"wp","href":"https:\/\/api.w.org\/{rel}","templated":true}]}}