{"id":15306,"date":"2025-05-29T11:17:18","date_gmt":"2025-05-29T09:17:18","guid":{"rendered":"https:\/\/www.lafresca.fm\/?p=15306"},"modified":"2025-05-29T11:17:20","modified_gmt":"2025-05-29T09:17:20","slug":"aiju-impulsa-soluciones-con-ia-para-transformar-el-sector-del-producto-infantil-la-sanidad-el-turismo-o-la-educacion","status":"publish","type":"post","link":"https:\/\/www.lafresca.fm\/aiju-impulsa-soluciones-con-ia-para-transformar-el-sector-del-producto-infantil-la-sanidad-el-turismo-o-la-educacion\/","title":{"rendered":"AIJU impulsa soluciones con IA para transformar el sector del producto infantil, la sanidad, el turismo o la educaci\u00f3n"},"content":{"rendered":"\n<ul class=\"wp-block-list\">\n<li>Con la implementaci\u00f3n de la IA, AIJU pretende alcanzar la automatizaci\u00f3n de tareas repetitivas, la toma de decisiones m\u00e1s informadas o la adaptaci\u00f3n a las tendencias de los mercados y las demandas de los consumidores, entre otros<\/li>\n<\/ul>\n\n\n\n<ul class=\"wp-block-list\">\n<li>Entre las aplicaciones m\u00e1s destacadas de la IA en AIJU se encuentran sistemas de visi\u00f3n artificial para la industria, plataformas educativas, sistemas de recomendaci\u00f3n tur\u00edstica personalizados o algoritmos avanzados de diagn\u00f3stico m\u00e9dico<\/li>\n<\/ul>\n\n\n\n<ul class=\"wp-block-list\">\n<li>AIJU ha establecido alianzas estrat\u00e9gicas para aplicaci\u00f3n de la IA con instituciones l\u00edderes como VALGRAI, VRAIN, la Universidad de Alicante y otras universidades y centros de investigaci\u00f3n<\/li>\n<\/ul>\n\n\n\n<p><br>El Instituto Tecnol\u00f3gico de Producto Infantil y de Ocio-AIJU da un paso al frente con el fortalecimiento de sus capacidades en Inteligencia Artificial y se posiciona como referente nacional en innovaci\u00f3n y transformaci\u00f3n digital para sectores clave como el producto infantil, la industria auxiliar, la sanidad, el turismo o la educaci\u00f3n.<\/p>\n\n\n\n<p>En este sentido, durante 2024, el Instituto Tecnol\u00f3gico puso en marcha un comit\u00e9 de trabajo espec\u00edfico para la implementaci\u00f3n de la IA, con el objetivo de integrar esta tecnolog\u00eda de forma transversal en sus distintas \u00e1reas de actividad. Como resultado de este proceso, AIJU ha publicado el Plan Estrat\u00e9gico para la Implementaci\u00f3n de la IA Generativa en AIJU.<\/p>\n\n\n\n<p>Adem\u00e1s, todo el personal de AIJU ha recibido formaci\u00f3n especializada en IA, y actualmente participa en talleres pr\u00e1cticos dise\u00f1ados para acelerar la ejecuci\u00f3n de los planes t\u00e1cticos de cada unidad y equipo de trabajo.<\/p>\n\n\n\n<p>Por otro lado, y con el fin de fortalecer y dar a conocer este compromiso, AIJU ha elaborado una publicaci\u00f3n que recoge, entre otros temas, el impacto cultural de la IA, los riesgos y puntos \u00e9ticos, su impacto, beneficios y la estrategia que ha seguido AIJU para su implementaci\u00f3n.<\/p>\n\n\n\n<figure class=\"wp-block-image size-large\"><img fetchpriority=\"high\" decoding=\"async\" width=\"1170\" height=\"780\" src=\"https:\/\/www.lafresca.fm\/f-solosog\/2025\/05\/WhatsApp-Image-2025-05-29-at-11.14.53-1170x780.jpeg\" alt=\"\" class=\"wp-image-15307\" srcset=\"https:\/\/www.lafresca.fm\/f-solosog\/2025\/05\/WhatsApp-Image-2025-05-29-at-11.14.53-1170x780.jpeg 1170w, https:\/\/www.lafresca.fm\/f-solosog\/2025\/05\/WhatsApp-Image-2025-05-29-at-11.14.53-770x513.jpeg 770w, https:\/\/www.lafresca.fm\/f-solosog\/2025\/05\/WhatsApp-Image-2025-05-29-at-11.14.53-768x512.jpeg 768w, https:\/\/www.lafresca.fm\/f-solosog\/2025\/05\/WhatsApp-Image-2025-05-29-at-11.14.53-1536x1024.jpeg 1536w, https:\/\/www.lafresca.fm\/f-solosog\/2025\/05\/WhatsApp-Image-2025-05-29-at-11.14.53.jpeg 2048w\" sizes=\"(max-width: 1170px) 100vw, 1170px\" \/><\/figure>\n\n\n\n<p>Esta publicaci\u00f3n refleja la capacidad del Instituto para ofrecer soluciones basadas en tecnolog\u00edas emergentes como Computaci\u00f3n Espacial, Visi\u00f3n Artificial, Big Data o Blockchain, que est\u00e1n transformando sectores clave mediante respuestas eficientes y personalizadas.<\/p>\n\n\n\n<p>Entre las aplicaciones de IA m\u00e1s destacadas que desarrolla AIJU se encuentran sistemas de visi\u00f3n artificial para el control de calidad en procesos industriales, plataformas educativas adaptativas basadas en IA, sistemas de recomendaci\u00f3n personalizados para el sector tur\u00edstico o algoritmos avanzados de diagn\u00f3stico m\u00e9dico mediante procesamiento de im\u00e1genes; unas capacidades que sit\u00faan a AIJU como un actor clave para afrontar los retos tecnol\u00f3gicos de sectores estrat\u00e9gicos.<\/p>\n\n\n\n<p>La IA como oportunidad sectorial<\/p>\n\n\n\n<p>La Inteligencia Artificial Generativa es una herramienta estrat\u00e9gica esencial para mejorar la eficiencia, la capacidad de adaptaci\u00f3n y la calidad de los servicios en sectores clave.<\/p>\n\n\n\n<p>Por ello, con la implementaci\u00f3n de la IA, AIJU pretende alcanzar objetivos como la automatizaci\u00f3n de tareas repetitivas, la toma de decisiones m\u00e1s informadas, la adaptaci\u00f3n a las tendencias de los mercados y las demandas de los consumidores, as\u00ed como la creaci\u00f3n de entornos de trabajo m\u00e1s satisfactorios.<\/p>\n\n\n\n<p>Para el desarrollo de estas capacidades, AIJU se centra en una estrategia basada en la implementaci\u00f3n responsable de la IA, siempre con supervisi\u00f3n humana, y atendiendo a los criterios de protecci\u00f3n de datos y respeto por los derechos digitales.<\/p>\n\n\n\n<p>As\u00ed, con el fin de este posicionamiento, AIJU ha establecido alianzas estrat\u00e9gicas con instituciones l\u00edderes como VALGRAI, VRAIN, la Universidad de Alicante y otras universidades y centros de investigaci\u00f3n, que le permiten integrar conocimientos avanzados en proyectos de IA y fomentar la transferencia tecnol\u00f3gica.<\/p>\n\n\n\n<p>Cabe destacar que, entre los proyectos de AIJU en materia de Inteligencia Artificial, destacan algunos como el proyecto AI4TOYS sobre Inteligencia Artificial para el desarrollo de juguetes innovadores; el proyecto GLIO-IA, basado en el desarrollo de una plataforma integral e inteligente para la medicina de precisi\u00f3n aplicada a tumores cerebrales o el proyecto SMARTTUR+ECO que usa la Arquitectura de Inteligencia Artificial y la Realidad Virtual para generar experiencias tur\u00edsticas personalizadas y sostenibles.<\/p>\n\n\n\n<p>Adem\u00e1s, el proyecto AI4VET basado en la Inteligencia Artificial aplicada a la dom\u00f3tica, la automoci\u00f3n y el mantenimiento industrial; o el proyecto CONECTA que ha desarrollado una Plataforma inteligente de conexi\u00f3n social gamificada para la promoci\u00f3n de la capacitaci\u00f3n y el empoderamiento de las personas mayores en soledad no deseada, son otros de los proyectos destacados.<\/p>\n<script>function PlayerjsAsync(){} if(window[\"Playerjs\"]){PlayerjsAsync();}<\/script>","protected":false},"excerpt":{"rendered":"<p>El Instituto Tecnol\u00f3gico de Producto Infantil y de Ocio-AIJU da un paso al frente con el fortalecimiento de sus capacidades en Inteligencia Artificial y se posiciona como referente nacional en innovaci\u00f3n y transformaci\u00f3n digital para sectores clave como el producto infantil, la industria auxiliar, la sanidad, el turismo o la ...<\/p>\n","protected":false},"author":2,"featured_media":15307,"comment_status":"closed","ping_status":"closed","sticky":false,"template":"","format":"standard","meta":{"_monsterinsights_skip_tracking":false,"_monsterinsights_sitenote_active":false,"_monsterinsights_sitenote_note":"","_monsterinsights_sitenote_category":0,"footnotes":""},"categories":[4],"tags":[200],"class_list":["post-15306","post","type-post","status-publish","format-standard","has-post-thumbnail","hentry","category-alicante","tag-aiju"],"aioseo_notices":[],"_links":{"self":[{"href":"https:\/\/www.lafresca.fm\/fresca-api-json\/wp\/v2\/posts\/15306","targetHints":{"allow":["GET"]}}],"collection":[{"href":"https:\/\/www.lafresca.fm\/fresca-api-json\/wp\/v2\/posts"}],"about":[{"href":"https:\/\/www.lafresca.fm\/fresca-api-json\/wp\/v2\/types\/post"}],"author":[{"embeddable":true,"href":"https:\/\/www.lafresca.fm\/fresca-api-json\/wp\/v2\/users\/2"}],"replies":[{"embeddable":true,"href":"https:\/\/www.lafresca.fm\/fresca-api-json\/wp\/v2\/comments?post=15306"}],"version-history":[{"count":1,"href":"https:\/\/www.lafresca.fm\/fresca-api-json\/wp\/v2\/posts\/15306\/revisions"}],"predecessor-version":[{"id":15308,"href":"https:\/\/www.lafresca.fm\/fresca-api-json\/wp\/v2\/posts\/15306\/revisions\/15308"}],"wp:featuredmedia":[{"embeddable":true,"href":"https:\/\/www.lafresca.fm\/fresca-api-json\/wp\/v2\/media\/15307"}],"wp:attachment":[{"href":"https:\/\/www.lafresca.fm\/fresca-api-json\/wp\/v2\/media?parent=15306"}],"wp:term":[{"taxonomy":"category","embeddable":true,"href":"https:\/\/www.lafresca.fm\/fresca-api-json\/wp\/v2\/categories?post=15306"},{"taxonomy":"post_tag","embeddable":true,"href":"https:\/\/www.lafresca.fm\/fresca-api-json\/wp\/v2\/tags?post=15306"}],"curies":[{"name":"wp","href":"https:\/\/api.w.org\/{rel}","templated":true}]}}