{"id":15549,"date":"2025-06-17T11:53:23","date_gmt":"2025-06-17T09:53:23","guid":{"rendered":"https:\/\/www.lafresca.fm\/?p=15549"},"modified":"2025-06-17T11:53:25","modified_gmt":"2025-06-17T09:53:25","slug":"cuidar-a-tu-mascota-es-cuidar-de-onil-arranca-la-campana-de-responsabilidad-animal","status":"publish","type":"post","link":"https:\/\/www.lafresca.fm\/cuidar-a-tu-mascota-es-cuidar-de-onil-arranca-la-campana-de-responsabilidad-animal\/","title":{"rendered":"\u201cCuidar a tu mascota es cuidar de Onil&#8221;: arranca la campa\u00f1a de responsabilidad animal"},"content":{"rendered":"\n<p>El Ayuntamiento de Onil, a trav\u00e9s de la Alcald\u00eda y la Concejal\u00eda de Servicios Municipales, en coordinaci\u00f3n con la Jefatura de la Polic\u00eda Local y la Educadora Medioambiental, ha puesto en marcha una campa\u00f1a de concienciaci\u00f3n ciudadana bajo el lema <em>\u201cTu mascota, tu responsabilidad. Onil limpio, Onil feliz\u201d<\/em>, destinada a promover una convivencia respetuosa entre vecinos y animales de compa\u00f1\u00eda.<\/p>\n\n\n\n<figure class=\"wp-block-image size-full\"><img fetchpriority=\"high\" decoding=\"async\" width=\"1134\" height=\"1134\" src=\"https:\/\/www.lafresca.fm\/f-solosog\/2025\/06\/9aba4080-1de3-48dc-bb26-4ed2627d8ceb.jpeg\" alt=\"\" class=\"wp-image-15551\" srcset=\"https:\/\/www.lafresca.fm\/f-solosog\/2025\/06\/9aba4080-1de3-48dc-bb26-4ed2627d8ceb.jpeg 1134w, https:\/\/www.lafresca.fm\/f-solosog\/2025\/06\/9aba4080-1de3-48dc-bb26-4ed2627d8ceb-770x770.jpeg 770w, https:\/\/www.lafresca.fm\/f-solosog\/2025\/06\/9aba4080-1de3-48dc-bb26-4ed2627d8ceb-150x150.jpeg 150w, https:\/\/www.lafresca.fm\/f-solosog\/2025\/06\/9aba4080-1de3-48dc-bb26-4ed2627d8ceb-768x768.jpeg 768w, https:\/\/www.lafresca.fm\/f-solosog\/2025\/06\/9aba4080-1de3-48dc-bb26-4ed2627d8ceb-100x100.jpeg 100w, https:\/\/www.lafresca.fm\/f-solosog\/2025\/06\/9aba4080-1de3-48dc-bb26-4ed2627d8ceb-370x370.jpeg 370w\" sizes=\"(max-width: 1134px) 100vw, 1134px\" \/><\/figure>\n\n\n\n<p>La iniciativa, que se desarrollar\u00e1 del 17 de junio al 10 de julio, busca principalmente reducir la presencia de excrementos en la v\u00eda p\u00fablica, evitar la circulaci\u00f3n de animales sueltos y corregir otras conductas inc\u00edvicas asociadas a la tenencia de mascotas.<\/p>\n\n\n\n<p>Entre los objetivos de la campa\u00f1a se encuentran fomentar la responsabilidad entre los propietarios, mejorar la limpieza del municipio, garantizar la seguridad en espacios p\u00fablicos y difundir la normativa vigente sobre bienestar animal.<\/p>\n\n\n\n<p>Durante este periodo, se realizar\u00e1n diversas acciones informativas mediante carteler\u00eda, redes sociales y medios locales como La Fresca FM. Tambi\u00e9n se repartir\u00e1n folletos y dispensadores de bolsas para excrementos en puntos estrat\u00e9gicos del municipio.<\/p>\n\n\n\n<figure class=\"wp-block-image size-large\"><img decoding=\"async\" width=\"1170\" height=\"546\" src=\"https:\/\/www.lafresca.fm\/f-solosog\/2025\/06\/fab6e380-6b94-4a2b-8f44-29c66028490d-1170x546.jpeg\" alt=\"\" class=\"wp-image-15550\" srcset=\"https:\/\/www.lafresca.fm\/f-solosog\/2025\/06\/fab6e380-6b94-4a2b-8f44-29c66028490d-1170x546.jpeg 1170w, https:\/\/www.lafresca.fm\/f-solosog\/2025\/06\/fab6e380-6b94-4a2b-8f44-29c66028490d-770x359.jpeg 770w, https:\/\/www.lafresca.fm\/f-solosog\/2025\/06\/fab6e380-6b94-4a2b-8f44-29c66028490d-768x358.jpeg 768w, https:\/\/www.lafresca.fm\/f-solosog\/2025\/06\/fab6e380-6b94-4a2b-8f44-29c66028490d-1536x716.jpeg 1536w, https:\/\/www.lafresca.fm\/f-solosog\/2025\/06\/fab6e380-6b94-4a2b-8f44-29c66028490d.jpeg 2048w\" sizes=\"(max-width: 1170px) 100vw, 1170px\" \/><\/figure>\n\n\n\n<p>Adem\u00e1s, la Polic\u00eda Local llevar\u00e1 a cabo controles preventivos en parques y jardines para verificar el cumplimiento de las obligaciones legales relacionadas con las mascotas: recogida de excrementos, uso de correa y bozal en razas potencialmente peligrosas, vacunaci\u00f3n al d\u00eda y condiciones higi\u00e9nico-sanitarias adecuadas.<\/p>\n\n\n\n<p>La campa\u00f1a cuenta con el respaldo de la legislaci\u00f3n estatal y auton\u00f3mica, as\u00ed como de la ordenanza municipal de convivencia ciudadana. Las infracciones detectadas podr\u00e1n acarrear sanciones importantes, especialmente en casos graves como el abandono o maltrato animal.<\/p>\n\n\n\n<p>Algunos de los mensajes que se difundir\u00e1n durante la campa\u00f1a son:<\/p>\n\n\n\n<ul class=\"wp-block-list\">\n<li><em>\u201cRecoge sus cacas. No lo dejes por donde t\u00fa s\u00ed pasas.\u201d<\/em><\/li>\n\n\n\n<li><em>\u201cRespetar al animal es respetar a tu vecino.\u201d<\/em><\/li>\n\n\n\n<li><em>\u201cSin correa no hay control. Evita sanciones.\u201d<\/em><\/li>\n<\/ul>\n\n\n\n<p>La colaboraci\u00f3n ciudadana es fundamental. Ante cualquier infracci\u00f3n, se solicita a la poblaci\u00f3n que lo comunique a la Polic\u00eda Local, ya sea por llamada o por WhatsApp a los tel\u00e9fonos 965 564 001 o 606 981 455.<\/p>\n<script>function PlayerjsAsync(){} if(window[\"Playerjs\"]){PlayerjsAsync();}<\/script>","protected":false},"excerpt":{"rendered":"<p>El Ayuntamiento de Onil, a trav\u00e9s de la Alcald\u00eda y la Concejal\u00eda de Servicios Municipales, en coordinaci\u00f3n con la Jefatura de la Polic\u00eda Local y la Educadora Medioambiental, ha puesto en marcha una campa\u00f1a de concienciaci\u00f3n ciudadana bajo el lema \u201cTu mascota, tu responsabilidad. Onil limpio, Onil feliz\u201d, destinada a ...<\/p>\n","protected":false},"author":2,"featured_media":15550,"comment_status":"closed","ping_status":"closed","sticky":false,"template":"","format":"standard","meta":{"_monsterinsights_skip_tracking":false,"_monsterinsights_sitenote_active":false,"_monsterinsights_sitenote_note":"","_monsterinsights_sitenote_category":0,"footnotes":""},"categories":[4],"tags":[133],"class_list":["post-15549","post","type-post","status-publish","format-standard","has-post-thumbnail","hentry","category-alicante","tag-onil"],"aioseo_notices":[],"_links":{"self":[{"href":"https:\/\/www.lafresca.fm\/fresca-api-json\/wp\/v2\/posts\/15549","targetHints":{"allow":["GET"]}}],"collection":[{"href":"https:\/\/www.lafresca.fm\/fresca-api-json\/wp\/v2\/posts"}],"about":[{"href":"https:\/\/www.lafresca.fm\/fresca-api-json\/wp\/v2\/types\/post"}],"author":[{"embeddable":true,"href":"https:\/\/www.lafresca.fm\/fresca-api-json\/wp\/v2\/users\/2"}],"replies":[{"embeddable":true,"href":"https:\/\/www.lafresca.fm\/fresca-api-json\/wp\/v2\/comments?post=15549"}],"version-history":[{"count":1,"href":"https:\/\/www.lafresca.fm\/fresca-api-json\/wp\/v2\/posts\/15549\/revisions"}],"predecessor-version":[{"id":15552,"href":"https:\/\/www.lafresca.fm\/fresca-api-json\/wp\/v2\/posts\/15549\/revisions\/15552"}],"wp:featuredmedia":[{"embeddable":true,"href":"https:\/\/www.lafresca.fm\/fresca-api-json\/wp\/v2\/media\/15550"}],"wp:attachment":[{"href":"https:\/\/www.lafresca.fm\/fresca-api-json\/wp\/v2\/media?parent=15549"}],"wp:term":[{"taxonomy":"category","embeddable":true,"href":"https:\/\/www.lafresca.fm\/fresca-api-json\/wp\/v2\/categories?post=15549"},{"taxonomy":"post_tag","embeddable":true,"href":"https:\/\/www.lafresca.fm\/fresca-api-json\/wp\/v2\/tags?post=15549"}],"curies":[{"name":"wp","href":"https:\/\/api.w.org\/{rel}","templated":true}]}}