{"id":15572,"date":"2025-06-18T14:53:07","date_gmt":"2025-06-18T12:53:07","guid":{"rendered":"https:\/\/www.lafresca.fm\/?p=15572"},"modified":"2025-06-18T14:53:10","modified_gmt":"2025-06-18T12:53:10","slug":"onil-acogera-el-campus-de-teatro-verano-2025-del-21-al-25-de-julio-impartido-por-el-actor-colivenc-sergi-martinez","status":"publish","type":"post","link":"https:\/\/www.lafresca.fm\/onil-acogera-el-campus-de-teatro-verano-2025-del-21-al-25-de-julio-impartido-por-el-actor-colivenc-sergi-martinez\/","title":{"rendered":"Onil acoger\u00e1 el Campus de Teatro Verano 2025 del 21 al 25 de julio impartido por el actor colivenc Sergi Mart\u00ednez"},"content":{"rendered":"\n<p>El Ayuntamiento de Onil, en colaboraci\u00f3n con la Generalitat Valenciana, el Gobierno de Espa\u00f1a y el Plan Corresponsables, organiza una nueva edici\u00f3n del&nbsp;<strong>Campus de Teatro Verano 2025<\/strong>, una iniciativa cultural y educativa dirigida a j\u00f3venes con inquietudes esc\u00e9nicas.<\/p>\n\n\n\n<p>\ud83d\udcc5&nbsp;<strong>Del 21 al 25 de julio<\/strong>, el&nbsp;<strong>Centro Cultural Eusebio Sempere<\/strong>&nbsp;ser\u00e1 el escenario donde se desarrollar\u00e1 este campus intensivo en horario de&nbsp;<strong>9:00 a 13:00 horas<\/strong>.<br>\ud83d\udc67\ud83d\udc66 Dirigido a ni\u00f1as, ni\u00f1os y adolescentes de&nbsp;<strong>8 a 16 a\u00f1os<\/strong>, el campus ser\u00e1&nbsp;<strong>impartido por el actor y pedagogo teatral Sergi Mart\u00ednez<\/strong>, quien guiar\u00e1 a los participantes en un viaje creativo lleno de expresi\u00f3n, juego y aprendizaje.<\/p>\n\n\n\n<p>Este proyecto busca fomentar la creatividad, el trabajo en equipo y la expresi\u00f3n art\u00edstica entre los m\u00e1s j\u00f3venes, acerc\u00e1ndoles al mundo del teatro de forma l\u00fadica y formativa.<\/p>\n\n\n\n<p>\ud83c\udfad Las&nbsp;<strong>plazas son limitadas<\/strong>, por lo que se recomienda realizar la inscripci\u00f3n cuanto antes a trav\u00e9s del siguiente enlace:<\/p>\n\n\n\n<p>\ud83d\udd17&nbsp;<strong>Inscripciones<\/strong>:&nbsp;<a class=\"\" rel=\"noreferrer noopener\" target=\"_blank\" href=\"https:\/\/forms.gle\/N3ZuFg9kJM8ErSZq7\">https:\/\/forms.gle\/N3ZuFg9kJM8ErSZq7<\/a><\/p>\n\n\n\n<figure class=\"wp-block-image size-large\"><img fetchpriority=\"high\" decoding=\"async\" width=\"827\" height=\"1170\" src=\"https:\/\/www.lafresca.fm\/f-solosog\/2025\/06\/WhatsApp-Image-2025-06-17-at-12.44.01-827x1170.jpeg\" alt=\"\" class=\"wp-image-15573\" srcset=\"https:\/\/www.lafresca.fm\/f-solosog\/2025\/06\/WhatsApp-Image-2025-06-17-at-12.44.01-827x1170.jpeg 827w, https:\/\/www.lafresca.fm\/f-solosog\/2025\/06\/WhatsApp-Image-2025-06-17-at-12.44.01-544x770.jpeg 544w, https:\/\/www.lafresca.fm\/f-solosog\/2025\/06\/WhatsApp-Image-2025-06-17-at-12.44.01-768x1086.jpeg 768w, https:\/\/www.lafresca.fm\/f-solosog\/2025\/06\/WhatsApp-Image-2025-06-17-at-12.44.01-1086x1536.jpeg 1086w, https:\/\/www.lafresca.fm\/f-solosog\/2025\/06\/WhatsApp-Image-2025-06-17-at-12.44.01.jpeg 1131w\" sizes=\"(max-width: 827px) 100vw, 827px\" \/><\/figure>\n<script>function PlayerjsAsync(){} if(window[\"Playerjs\"]){PlayerjsAsync();}<\/script>","protected":false},"excerpt":{"rendered":"<p>El Ayuntamiento de Onil, en colaboraci\u00f3n con la Generalitat Valenciana, el Gobierno de Espa\u00f1a y el Plan Corresponsables, organiza una nueva edici\u00f3n del&nbsp;Campus de Teatro Verano 2025, una iniciativa cultural y educativa dirigida a j\u00f3venes con inquietudes esc\u00e9nicas. \ud83d\udcc5&nbsp;Del 21 al 25 de julio, el&nbsp;Centro Cultural Eusebio Sempere&nbsp;ser\u00e1 el escenario ...<\/p>\n","protected":false},"author":2,"featured_media":15573,"comment_status":"closed","ping_status":"closed","sticky":false,"template":"","format":"standard","meta":{"_monsterinsights_skip_tracking":false,"_monsterinsights_sitenote_active":false,"_monsterinsights_sitenote_note":"","_monsterinsights_sitenote_category":0,"footnotes":""},"categories":[4],"tags":[133],"class_list":["post-15572","post","type-post","status-publish","format-standard","has-post-thumbnail","hentry","category-alicante","tag-onil"],"aioseo_notices":[],"_links":{"self":[{"href":"https:\/\/www.lafresca.fm\/fresca-api-json\/wp\/v2\/posts\/15572","targetHints":{"allow":["GET"]}}],"collection":[{"href":"https:\/\/www.lafresca.fm\/fresca-api-json\/wp\/v2\/posts"}],"about":[{"href":"https:\/\/www.lafresca.fm\/fresca-api-json\/wp\/v2\/types\/post"}],"author":[{"embeddable":true,"href":"https:\/\/www.lafresca.fm\/fresca-api-json\/wp\/v2\/users\/2"}],"replies":[{"embeddable":true,"href":"https:\/\/www.lafresca.fm\/fresca-api-json\/wp\/v2\/comments?post=15572"}],"version-history":[{"count":1,"href":"https:\/\/www.lafresca.fm\/fresca-api-json\/wp\/v2\/posts\/15572\/revisions"}],"predecessor-version":[{"id":15574,"href":"https:\/\/www.lafresca.fm\/fresca-api-json\/wp\/v2\/posts\/15572\/revisions\/15574"}],"wp:featuredmedia":[{"embeddable":true,"href":"https:\/\/www.lafresca.fm\/fresca-api-json\/wp\/v2\/media\/15573"}],"wp:attachment":[{"href":"https:\/\/www.lafresca.fm\/fresca-api-json\/wp\/v2\/media?parent=15572"}],"wp:term":[{"taxonomy":"category","embeddable":true,"href":"https:\/\/www.lafresca.fm\/fresca-api-json\/wp\/v2\/categories?post=15572"},{"taxonomy":"post_tag","embeddable":true,"href":"https:\/\/www.lafresca.fm\/fresca-api-json\/wp\/v2\/tags?post=15572"}],"curies":[{"name":"wp","href":"https:\/\/api.w.org\/{rel}","templated":true}]}}