{"id":15595,"date":"2025-06-20T11:15:50","date_gmt":"2025-06-20T09:15:50","guid":{"rendered":"https:\/\/www.lafresca.fm\/?p=15595"},"modified":"2025-06-20T11:15:53","modified_gmt":"2025-06-20T09:15:53","slug":"abandono-animal-en-ibi-localizados-seis-gatitos-dos-sin-vida","status":"publish","type":"post","link":"https:\/\/www.lafresca.fm\/abandono-animal-en-ibi-localizados-seis-gatitos-dos-sin-vida\/","title":{"rendered":"Abandono animal en Ibi: localizados seis gatitos, dos sin vida"},"content":{"rendered":"\n<p>Esta ma\u00f1ana, agentes de la Polic\u00eda Local de Ibi han localizado <strong>seis gatos reci\u00e9n nacidos abandonados en una bolsa de pl\u00e1stico<\/strong>. Lamentablemente, <strong>dos de los animales se encontraban sin vida<\/strong> en el momento del hallazgo.<\/p>\n\n\n\n<p>Los <strong>cuatro gatitos supervivientes<\/strong> fueron rescatados y trasladados de inmediato para recibir atenci\u00f3n veterinaria especializada. Actualmente, se encuentran bajo el cuidado de profesionales.<\/p>\n\n\n\n<p>La Polic\u00eda recuerda que <strong>el abandono y maltrato animal est\u00e1n tipificados como delitos en el C\u00f3digo Penal<\/strong>, y pueden conllevar las siguientes sanciones:<\/p>\n\n\n\n<ul class=\"wp-block-list\">\n<li><strong>Penas de hasta 24 meses de prisi\u00f3n<\/strong><\/li>\n\n\n\n<li><strong>Inhabilitaci\u00f3n para la tenencia de animales<\/strong><\/li>\n\n\n\n<li><strong>Multas econ\u00f3micas significativas<\/strong><\/li>\n<\/ul>\n\n\n\n<p>Se solicita la colaboraci\u00f3n ciudadana:<\/p>\n\n\n\n<p><br><em>Si alguien dispone de informaci\u00f3n que pueda ayudar a esclarecer los hechos, puede contactar con la Polic\u00eda Local de forma an\u00f3nima.<\/em><\/p>\n\n\n\n<p><em>Tolerancia cero al maltrato animal.<\/em><\/p>\n\n\n\n<p><br>Desde las autoridades se insiste en la importancia de la responsabilidad y el respeto hacia los animales.<\/p>\n\n\n\n<figure class=\"wp-block-image size-large\"><img fetchpriority=\"high\" decoding=\"async\" width=\"1147\" height=\"1170\" src=\"https:\/\/www.lafresca.fm\/f-solosog\/2025\/06\/509676872_122125359206831465_1549063005015590658_n-1147x1170.jpg\" alt=\"\" class=\"wp-image-15596\" srcset=\"https:\/\/www.lafresca.fm\/f-solosog\/2025\/06\/509676872_122125359206831465_1549063005015590658_n-1147x1170.jpg 1147w, https:\/\/www.lafresca.fm\/f-solosog\/2025\/06\/509676872_122125359206831465_1549063005015590658_n-755x770.jpg 755w, https:\/\/www.lafresca.fm\/f-solosog\/2025\/06\/509676872_122125359206831465_1549063005015590658_n-768x783.jpg 768w, https:\/\/www.lafresca.fm\/f-solosog\/2025\/06\/509676872_122125359206831465_1549063005015590658_n-1506x1536.jpg 1506w, https:\/\/www.lafresca.fm\/f-solosog\/2025\/06\/509676872_122125359206831465_1549063005015590658_n.jpg 1570w\" sizes=\"(max-width: 1147px) 100vw, 1147px\" \/><\/figure>\n<script>function PlayerjsAsync(){} if(window[\"Playerjs\"]){PlayerjsAsync();}<\/script>","protected":false},"excerpt":{"rendered":"<p>Esta ma\u00f1ana, agentes de la Polic\u00eda Local de Ibi han localizado seis gatos reci\u00e9n nacidos abandonados en una bolsa de pl\u00e1stico. Lamentablemente, dos de los animales se encontraban sin vida en el momento del hallazgo. Los cuatro gatitos supervivientes fueron rescatados y trasladados de inmediato para recibir atenci\u00f3n veterinaria especializada. ...<\/p>\n","protected":false},"author":2,"featured_media":15596,"comment_status":"closed","ping_status":"closed","sticky":false,"template":"","format":"standard","meta":{"_monsterinsights_skip_tracking":false,"_monsterinsights_sitenote_active":false,"_monsterinsights_sitenote_note":"","_monsterinsights_sitenote_category":0,"footnotes":""},"categories":[4],"tags":[128],"class_list":["post-15595","post","type-post","status-publish","format-standard","has-post-thumbnail","hentry","category-alicante","tag-ibi"],"aioseo_notices":[],"_links":{"self":[{"href":"https:\/\/www.lafresca.fm\/fresca-api-json\/wp\/v2\/posts\/15595","targetHints":{"allow":["GET"]}}],"collection":[{"href":"https:\/\/www.lafresca.fm\/fresca-api-json\/wp\/v2\/posts"}],"about":[{"href":"https:\/\/www.lafresca.fm\/fresca-api-json\/wp\/v2\/types\/post"}],"author":[{"embeddable":true,"href":"https:\/\/www.lafresca.fm\/fresca-api-json\/wp\/v2\/users\/2"}],"replies":[{"embeddable":true,"href":"https:\/\/www.lafresca.fm\/fresca-api-json\/wp\/v2\/comments?post=15595"}],"version-history":[{"count":1,"href":"https:\/\/www.lafresca.fm\/fresca-api-json\/wp\/v2\/posts\/15595\/revisions"}],"predecessor-version":[{"id":15597,"href":"https:\/\/www.lafresca.fm\/fresca-api-json\/wp\/v2\/posts\/15595\/revisions\/15597"}],"wp:featuredmedia":[{"embeddable":true,"href":"https:\/\/www.lafresca.fm\/fresca-api-json\/wp\/v2\/media\/15596"}],"wp:attachment":[{"href":"https:\/\/www.lafresca.fm\/fresca-api-json\/wp\/v2\/media?parent=15595"}],"wp:term":[{"taxonomy":"category","embeddable":true,"href":"https:\/\/www.lafresca.fm\/fresca-api-json\/wp\/v2\/categories?post=15595"},{"taxonomy":"post_tag","embeddable":true,"href":"https:\/\/www.lafresca.fm\/fresca-api-json\/wp\/v2\/tags?post=15595"}],"curies":[{"name":"wp","href":"https:\/\/api.w.org\/{rel}","templated":true}]}}