{"id":15598,"date":"2025-06-21T07:19:00","date_gmt":"2025-06-21T05:19:00","guid":{"rendered":"https:\/\/www.lafresca.fm\/?p=15598"},"modified":"2025-06-20T14:43:52","modified_gmt":"2025-06-20T12:43:52","slug":"cultura-presenta-el-proyecto-paraules-pintades-muestra-de-pintura-en-los-balcones-de-ibi","status":"publish","type":"post","link":"https:\/\/www.lafresca.fm\/cultura-presenta-el-proyecto-paraules-pintades-muestra-de-pintura-en-los-balcones-de-ibi\/","title":{"rendered":"Cultura presenta el proyecto \u2018Paraules Pintades\u2019, muestra de pintura en los balcones de Ibi"},"content":{"rendered":"\n<ul class=\"wp-block-list\">\n<li>Se trata de obras ligadas a fragmentos literarios de 32 artistas, que se reproducir\u00e1n mediante lonas impresas colgadas de los balcones del casco antiguo de Ibi.<\/li>\n<\/ul>\n\n\n\n<p>Este pasado jueves 19 de junio ten\u00eda lugar en el sal\u00f3n de Plenos del Ayuntamiento de Ibi la presentaci\u00f3n del Proyecto \u201cParaules Pintades\u201d. Una iniciativa impulsada por la Asociaci\u00f3n Cultural ArtNostre y Asociaci\u00f3n Art-92 de Bocairente, a la que est\u00e1n inscritas ocho localidades pr\u00f3ximas: Alfafara, l\u2019Alqueria d\u2019Asnar, Atzeneta, Banyeres de Mariola, Beneixama, Bocairent, Muro y, por primera vez, Ibi.<\/p>\n\n\n\n<p>En este primer a\u00f1o han sido cuatro los artistas locales participantes: Javier Jim\u00e9nez, Francisca Arranz, Beatriz Mart\u00edn (L\u2019Escoleta d\u2019Art) y Anna Jord\u00e1, que han estado presentes en el acto, junto al alcalde de Ibi, Sergio Carrasco; la teniente de alcalde de Cultura, Lara Ayala y la concejal de Participaci\u00f3n Ciudadana, Agn\u00e9s Guillem.<\/p>\n\n\n\n<figure class=\"wp-block-image size-large\"><img fetchpriority=\"high\" decoding=\"async\" width=\"1170\" height=\"878\" src=\"https:\/\/www.lafresca.fm\/f-solosog\/2025\/06\/Presentacion_ParaulesPintades-1170x878.jpeg\" alt=\"\" class=\"wp-image-15599\" srcset=\"https:\/\/www.lafresca.fm\/f-solosog\/2025\/06\/Presentacion_ParaulesPintades-1170x878.jpeg 1170w, https:\/\/www.lafresca.fm\/f-solosog\/2025\/06\/Presentacion_ParaulesPintades-770x578.jpeg 770w, https:\/\/www.lafresca.fm\/f-solosog\/2025\/06\/Presentacion_ParaulesPintades-768x576.jpeg 768w, https:\/\/www.lafresca.fm\/f-solosog\/2025\/06\/Presentacion_ParaulesPintades-1536x1152.jpeg 1536w, https:\/\/www.lafresca.fm\/f-solosog\/2025\/06\/Presentacion_ParaulesPintades.jpeg 1600w\" sizes=\"(max-width: 1170px) 100vw, 1170px\" \/><\/figure>\n\n\n\n<p>La iniciativa, que tiene car\u00e1cter itinerante y que se hizo p\u00fablica por parte del Ayuntamiento de Ibi para invitar a los artistas locales a participar, implica la selecci\u00f3n de un fragmento literario por parte de cada artista, con el objetivo de hacer una interpretaci\u00f3n propia y reflejarla en la obra. Cada artista participante ha creado la obra sobre un lienzo de 100&#215;80 cm para, posteriormente, reproducirse la imagen de este lienzo mediante la impresi\u00f3n de una lona y poder colgarla as\u00ed de los balcones, en el caso de Ibi, del casco antiguo, a partir de la semana pr\u00f3xima.<\/p>\n\n\n\n<p>Igualmente, las 32 obras participantes permanecer\u00e1n expuestas en lienzo en la Sala de Exposiciones del Centre Cultural Salvador Mir\u00f3, a partir del 27 de junio. La inauguraci\u00f3n ser\u00e1 ese mismo d\u00eda a las 18:30 y se invita a la ciudadan\u00eda a poder disfrutar de im\u00e1genes inspiradas por la poes\u00eda.<\/p>\n\n\n\n<p>Tras hacer la presentaci\u00f3n de las obras y leer los fragmentos de poes\u00eda en los que han sido inspiradas, Lara Ayala expresaba que \u201cvamos a poder disfrutar de una galer\u00eda de arte urbana, de que aquellos espacios que est\u00e1n reservados normalmente a la intimidad, como son los balcones de las casas, est\u00e9n abiertos a mostrar arte. Se trata de una manera distinta de habitar las calles con creatividad y poes\u00eda, de que llegue a la ciudadan\u00eda de una forma diferente, en un espacio sin l\u00edmite de horario\u201d. Adem\u00e1s, la concejal ha mostrado el agradecimiento tanto a los participantes como a la presidenta de la AVV del Casco Antiguo, \u00c1ngela Matamoros, y a los vecinos del barrio por mostrar un gran inter\u00e9s en la propuesta y prestar sus balcones para que sirvan de escaparate.<\/p>\n\n\n\n<p>A su vez, Sergio Carrasco invitaba a la ciudadan\u00eda a disfrutar del gran privilegio que supone llevar la cultura a la calle de esta manera, trasladando lo que com\u00fanmente est\u00e1 entre cuatro paredes a las casas y balcones del casco antiguo. \u201cEsta ser\u00e1 la primera edici\u00f3n en la que participamos de las muchas que vendr\u00e1n, ojal\u00e1 poder duplicar el n\u00famero de obras el pr\u00f3ximo a\u00f1o, que los artistas locales la vean este a\u00f1o y se hagan eco para participar el pr\u00f3ximo. Es una maravilla poder disfrutar de arte en la calle y agradecemos mucho la predisposici\u00f3n de los vecinos del casco antiguo para que se pueda llevar a cabo\u201d. Las obras estar\u00e1n expuestas en calles del casco antiguo de Ibi hasta el 10 de julio.<\/p>\n<script>function PlayerjsAsync(){} if(window[\"Playerjs\"]){PlayerjsAsync();}<\/script>","protected":false},"excerpt":{"rendered":"<p>Este pasado jueves 19 de junio ten\u00eda lugar en el sal\u00f3n de Plenos del Ayuntamiento de Ibi la presentaci\u00f3n del Proyecto \u201cParaules Pintades\u201d. Una iniciativa impulsada por la Asociaci\u00f3n Cultural ArtNostre y Asociaci\u00f3n Art-92 de Bocairente, a la que est\u00e1n inscritas ocho localidades pr\u00f3ximas: Alfafara, l\u2019Alqueria d\u2019Asnar, Atzeneta, Banyeres de ...<\/p>\n","protected":false},"author":2,"featured_media":15599,"comment_status":"closed","ping_status":"closed","sticky":false,"template":"","format":"standard","meta":{"_monsterinsights_skip_tracking":false,"_monsterinsights_sitenote_active":false,"_monsterinsights_sitenote_note":"","_monsterinsights_sitenote_category":0,"footnotes":""},"categories":[4],"tags":[128],"class_list":["post-15598","post","type-post","status-publish","format-standard","has-post-thumbnail","hentry","category-alicante","tag-ibi"],"aioseo_notices":[],"_links":{"self":[{"href":"https:\/\/www.lafresca.fm\/fresca-api-json\/wp\/v2\/posts\/15598","targetHints":{"allow":["GET"]}}],"collection":[{"href":"https:\/\/www.lafresca.fm\/fresca-api-json\/wp\/v2\/posts"}],"about":[{"href":"https:\/\/www.lafresca.fm\/fresca-api-json\/wp\/v2\/types\/post"}],"author":[{"embeddable":true,"href":"https:\/\/www.lafresca.fm\/fresca-api-json\/wp\/v2\/users\/2"}],"replies":[{"embeddable":true,"href":"https:\/\/www.lafresca.fm\/fresca-api-json\/wp\/v2\/comments?post=15598"}],"version-history":[{"count":2,"href":"https:\/\/www.lafresca.fm\/fresca-api-json\/wp\/v2\/posts\/15598\/revisions"}],"predecessor-version":[{"id":15601,"href":"https:\/\/www.lafresca.fm\/fresca-api-json\/wp\/v2\/posts\/15598\/revisions\/15601"}],"wp:featuredmedia":[{"embeddable":true,"href":"https:\/\/www.lafresca.fm\/fresca-api-json\/wp\/v2\/media\/15599"}],"wp:attachment":[{"href":"https:\/\/www.lafresca.fm\/fresca-api-json\/wp\/v2\/media?parent=15598"}],"wp:term":[{"taxonomy":"category","embeddable":true,"href":"https:\/\/www.lafresca.fm\/fresca-api-json\/wp\/v2\/categories?post=15598"},{"taxonomy":"post_tag","embeddable":true,"href":"https:\/\/www.lafresca.fm\/fresca-api-json\/wp\/v2\/tags?post=15598"}],"curies":[{"name":"wp","href":"https:\/\/api.w.org\/{rel}","templated":true}]}}