{"id":15607,"date":"2025-06-23T08:40:23","date_gmt":"2025-06-23T06:40:23","guid":{"rendered":"https:\/\/www.lafresca.fm\/?p=15607"},"modified":"2025-06-23T08:40:25","modified_gmt":"2025-06-23T06:40:25","slug":"la-fallera-mayor-de-onil-esther-collado-participa-en-la-ofrenda-floral-de-las-hogueras-de-alicante","status":"publish","type":"post","link":"https:\/\/www.lafresca.fm\/la-fallera-mayor-de-onil-esther-collado-participa-en-la-ofrenda-floral-de-las-hogueras-de-alicante\/","title":{"rendered":"La fallera mayor de Onil, Esther Collado, participa en la ofrenda floral de las Hogueras de Alicante"},"content":{"rendered":"\n<p>En la jornada de este domingo 22 de junio la fallera mayor de Onil, junto a miembros de la <a href=\"https:\/\/www.facebook.com\/groups\/161684457185043\/?__cft__[0]=AZXJ0rjg9ETFkiXX19miwFijcm4KJ-P-Cvgy1dPfUdvX6fMUB-EgcZJT-DukNZZYhznxlpfj-f6IAJUXWApxcebCTo9xYqowYQqIYQlyiN43mtyqGK5NWFimiXPz3xZjmYrWhH5G7bG4lTbOKX1-NAI9zvRpm33jPAaJ6o9INYNH1w&amp;__tn__=-UK-R\">Colla colivenca Falla de Sant Jaume<\/a>, han participado en la tradicional ofrenda floral de las Hogueras de Alicante. Este acto emblem\u00e1tico, que se celebra los d\u00edas 21 y 22 de junio, consiste en que las comisiones falleras, vestidas con trajes t\u00edpicos, desfilan por las calles de la ciudad hasta la Concatedral de San Nicol\u00e1s para depositar ramos de flores en honor a la Virgen del Remedio, patrona de Alicante. Las flores se colocan formando un tapiz floral en la fachada del templo, creando un espect\u00e1culo visual y devocional considerado el m\u00e1s antiguo de Espa\u00f1a en su modalidad<\/p>\n\n\n\n<p>*Pr\u00f3ximas Fallas de Onil 2025*<\/p>\n\n\n\n<p>La Fallas de Onil 2025 se celebrar\u00e1n los d\u00edas 25, 26 y 27 de julio con actos como la crem\u00e0, desfiles y verbena en la Calle de Sant Jaume.<\/p>\n\n\n\n<figure class=\"wp-block-image size-large\"><img fetchpriority=\"high\" decoding=\"async\" width=\"1170\" height=\"881\" src=\"https:\/\/www.lafresca.fm\/f-solosog\/2025\/06\/499153719_24901913686064891_2947701134116218965_n-1170x881.jpg\" alt=\"\" class=\"wp-image-15608\" srcset=\"https:\/\/www.lafresca.fm\/f-solosog\/2025\/06\/499153719_24901913686064891_2947701134116218965_n-1170x881.jpg 1170w, https:\/\/www.lafresca.fm\/f-solosog\/2025\/06\/499153719_24901913686064891_2947701134116218965_n-770x580.jpg 770w, https:\/\/www.lafresca.fm\/f-solosog\/2025\/06\/499153719_24901913686064891_2947701134116218965_n-768x578.jpg 768w, https:\/\/www.lafresca.fm\/f-solosog\/2025\/06\/499153719_24901913686064891_2947701134116218965_n-1536x1157.jpg 1536w, https:\/\/www.lafresca.fm\/f-solosog\/2025\/06\/499153719_24901913686064891_2947701134116218965_n.jpg 2040w\" sizes=\"(max-width: 1170px) 100vw, 1170px\" \/><\/figure>\n<script>function PlayerjsAsync(){} if(window[\"Playerjs\"]){PlayerjsAsync();}<\/script>","protected":false},"excerpt":{"rendered":"<p>En la jornada de este domingo 22 de junio la fallera mayor de Onil, junto a miembros de la Colla colivenca Falla de Sant Jaume, han participado en la tradicional ofrenda floral de las Hogueras de Alicante. Este acto emblem\u00e1tico, que se celebra los d\u00edas 21 y 22 de junio, ...<\/p>\n","protected":false},"author":2,"featured_media":15608,"comment_status":"closed","ping_status":"closed","sticky":false,"template":"","format":"standard","meta":{"_monsterinsights_skip_tracking":false,"_monsterinsights_sitenote_active":false,"_monsterinsights_sitenote_note":"","_monsterinsights_sitenote_category":0,"footnotes":""},"categories":[4],"tags":[133],"class_list":["post-15607","post","type-post","status-publish","format-standard","has-post-thumbnail","hentry","category-alicante","tag-onil"],"aioseo_notices":[],"_links":{"self":[{"href":"https:\/\/www.lafresca.fm\/fresca-api-json\/wp\/v2\/posts\/15607","targetHints":{"allow":["GET"]}}],"collection":[{"href":"https:\/\/www.lafresca.fm\/fresca-api-json\/wp\/v2\/posts"}],"about":[{"href":"https:\/\/www.lafresca.fm\/fresca-api-json\/wp\/v2\/types\/post"}],"author":[{"embeddable":true,"href":"https:\/\/www.lafresca.fm\/fresca-api-json\/wp\/v2\/users\/2"}],"replies":[{"embeddable":true,"href":"https:\/\/www.lafresca.fm\/fresca-api-json\/wp\/v2\/comments?post=15607"}],"version-history":[{"count":1,"href":"https:\/\/www.lafresca.fm\/fresca-api-json\/wp\/v2\/posts\/15607\/revisions"}],"predecessor-version":[{"id":15609,"href":"https:\/\/www.lafresca.fm\/fresca-api-json\/wp\/v2\/posts\/15607\/revisions\/15609"}],"wp:featuredmedia":[{"embeddable":true,"href":"https:\/\/www.lafresca.fm\/fresca-api-json\/wp\/v2\/media\/15608"}],"wp:attachment":[{"href":"https:\/\/www.lafresca.fm\/fresca-api-json\/wp\/v2\/media?parent=15607"}],"wp:term":[{"taxonomy":"category","embeddable":true,"href":"https:\/\/www.lafresca.fm\/fresca-api-json\/wp\/v2\/categories?post=15607"},{"taxonomy":"post_tag","embeddable":true,"href":"https:\/\/www.lafresca.fm\/fresca-api-json\/wp\/v2\/tags?post=15607"}],"curies":[{"name":"wp","href":"https:\/\/api.w.org\/{rel}","templated":true}]}}