{"id":15614,"date":"2025-06-25T08:42:23","date_gmt":"2025-06-25T06:42:23","guid":{"rendered":"https:\/\/www.lafresca.fm\/?p=15614"},"modified":"2025-06-25T08:42:25","modified_gmt":"2025-06-25T06:42:25","slug":"los-pilotaris-carles-de-castalla-y-marc-de-onil-protagonistas-del-exito-autonomico-de-petrer-en-raspall","status":"publish","type":"post","link":"https:\/\/www.lafresca.fm\/los-pilotaris-carles-de-castalla-y-marc-de-onil-protagonistas-del-exito-autonomico-de-petrer-en-raspall\/","title":{"rendered":"Los pilotaris, Carles de Castalla y Marc de Onil, protagonistas del \u00e9xito auton\u00f3mico de Petrer en raspall"},"content":{"rendered":"\n<p>La Escola de Pilota de Petrer ha vuelto a demostrar su buen hacer en el panorama auton\u00f3mico escolar tras lograr dos subcampeonatos en la modalidad de raspall, tanto en categor\u00eda infantil como cadete, en las finales disputadas el pasado fin de semana en el trinquete de Canals.<\/p>\n\n\n\n<p>En categor\u00eda infantil, uno de los nombres destacados fue Carles de Castalla, quien junto a sus compa\u00f1eros Gonzalo y Mario, ofreci\u00f3 una actuaci\u00f3n valiente ante el potente equipo de Alc\u00e1ntera-C\u00e0rcer A. Pese a la derrota final por 25-10, el equipo de Petrer firm\u00f3 un gran inicio de partida, llegando a dominar 5-10 gracias a un juego s\u00f3lido y entregado. Carles, pieza clave en la defensa y el juego en equipo, luch\u00f3 hasta el \u00faltimo tanto, aunque el calor y el desgaste f\u00edsico acabaron decantando el encuentro para los rivales.<\/p>\n\n\n\n<figure class=\"wp-block-image size-large\"><img fetchpriority=\"high\" decoding=\"async\" width=\"1170\" height=\"878\" src=\"https:\/\/www.lafresca.fm\/f-solosog\/2025\/06\/509265885_1244459671024066_7304547622264783109_n-1170x878.jpg\" alt=\"\" class=\"wp-image-15615\" srcset=\"https:\/\/www.lafresca.fm\/f-solosog\/2025\/06\/509265885_1244459671024066_7304547622264783109_n-1170x878.jpg 1170w, https:\/\/www.lafresca.fm\/f-solosog\/2025\/06\/509265885_1244459671024066_7304547622264783109_n-770x578.jpg 770w, https:\/\/www.lafresca.fm\/f-solosog\/2025\/06\/509265885_1244459671024066_7304547622264783109_n-768x576.jpg 768w, https:\/\/www.lafresca.fm\/f-solosog\/2025\/06\/509265885_1244459671024066_7304547622264783109_n-1536x1152.jpg 1536w, https:\/\/www.lafresca.fm\/f-solosog\/2025\/06\/509265885_1244459671024066_7304547622264783109_n.jpg 2048w\" sizes=\"(max-width: 1170px) 100vw, 1170px\" \/><\/figure>\n\n\n\n<p>Por su parte, en la categor\u00eda cadete, Marc de Onil fue uno de los protagonistas del equipo petrerense junto a Mauro de Mon\u00f2ver y Cristian de Petrer. En una final muy exigente frente a Oliva A, el conjunto no pudo superar la superioridad del adversario, que se impuso por 25-0. A pesar del resultado, la presencia de Marc en esta final auton\u00f3mica subraya su proyecci\u00f3n dentro de la pilota valenciana, siendo un jugador comprometido y en constante evoluci\u00f3n.<\/p>\n\n\n\n<p>Estos dos subcampeonatos suponen un gran logro para la Escola de Pilota de Petrer, que contin\u00faa formando j\u00f3venes promesas y fomentando el esp\u00edritu deportivo en la Comunitat Valenciana.<\/p>\n<script>function PlayerjsAsync(){} if(window[\"Playerjs\"]){PlayerjsAsync();}<\/script>","protected":false},"excerpt":{"rendered":"<p>La Escola de Pilota de Petrer ha vuelto a demostrar su buen hacer en el panorama auton\u00f3mico escolar tras lograr dos subcampeonatos en la modalidad de raspall, tanto en categor\u00eda infantil como cadete, en las finales disputadas el pasado fin de semana en el trinquete de Canals. En categor\u00eda infantil, ...<\/p>\n","protected":false},"author":2,"featured_media":15615,"comment_status":"closed","ping_status":"closed","sticky":false,"template":"","format":"standard","meta":{"_monsterinsights_skip_tracking":false,"_monsterinsights_sitenote_active":false,"_monsterinsights_sitenote_note":"","_monsterinsights_sitenote_category":0,"footnotes":""},"categories":[4],"tags":[],"class_list":["post-15614","post","type-post","status-publish","format-standard","has-post-thumbnail","hentry","category-alicante"],"aioseo_notices":[],"_links":{"self":[{"href":"https:\/\/www.lafresca.fm\/fresca-api-json\/wp\/v2\/posts\/15614","targetHints":{"allow":["GET"]}}],"collection":[{"href":"https:\/\/www.lafresca.fm\/fresca-api-json\/wp\/v2\/posts"}],"about":[{"href":"https:\/\/www.lafresca.fm\/fresca-api-json\/wp\/v2\/types\/post"}],"author":[{"embeddable":true,"href":"https:\/\/www.lafresca.fm\/fresca-api-json\/wp\/v2\/users\/2"}],"replies":[{"embeddable":true,"href":"https:\/\/www.lafresca.fm\/fresca-api-json\/wp\/v2\/comments?post=15614"}],"version-history":[{"count":1,"href":"https:\/\/www.lafresca.fm\/fresca-api-json\/wp\/v2\/posts\/15614\/revisions"}],"predecessor-version":[{"id":15616,"href":"https:\/\/www.lafresca.fm\/fresca-api-json\/wp\/v2\/posts\/15614\/revisions\/15616"}],"wp:featuredmedia":[{"embeddable":true,"href":"https:\/\/www.lafresca.fm\/fresca-api-json\/wp\/v2\/media\/15615"}],"wp:attachment":[{"href":"https:\/\/www.lafresca.fm\/fresca-api-json\/wp\/v2\/media?parent=15614"}],"wp:term":[{"taxonomy":"category","embeddable":true,"href":"https:\/\/www.lafresca.fm\/fresca-api-json\/wp\/v2\/categories?post=15614"},{"taxonomy":"post_tag","embeddable":true,"href":"https:\/\/www.lafresca.fm\/fresca-api-json\/wp\/v2\/tags?post=15614"}],"curies":[{"name":"wp","href":"https:\/\/api.w.org\/{rel}","templated":true}]}}