{"id":15617,"date":"2025-06-25T11:32:13","date_gmt":"2025-06-25T09:32:13","guid":{"rendered":"https:\/\/www.lafresca.fm\/?p=15617"},"modified":"2025-06-25T11:36:29","modified_gmt":"2025-06-25T09:36:29","slug":"onil-organiza-la-fiesta-de-la-avenida-de-la-paz-el-proximo-4-de-julio","status":"publish","type":"post","link":"https:\/\/www.lafresca.fm\/onil-organiza-la-fiesta-de-la-avenida-de-la-paz-el-proximo-4-de-julio\/","title":{"rendered":"Onil organiza la Fiesta de la Avenida de la Paz el pr\u00f3ximo 4 de julio"},"content":{"rendered":"\n<p>El Ayuntamiento de Onil organiza una nueva edici\u00f3n de la\u00a0<strong>Fiesta de la Avenida de la Paz<\/strong>, que se celebrar\u00e1 el pr\u00f3ximo\u00a0 viernes\u00a0<strong>4 de julio<\/strong>\u00a0a partir de las\u00a0<strong>22:00 horas<\/strong>, enmarcada dentro del programa estival\u00a0<strong>\u201cEstiu al Carrer\u201d<\/strong>.<\/p>\n\n\n\n<p>Esta iniciativa pretende <strong>dinamizar la vida social y cultural del municipio durante los meses de verano<\/strong>, fomentando el uso de los espacios p\u00fablicos como punto de encuentro entre vecinos y visitantes. El objetivo principal es\u00a0<strong>revitalizar las calles de Onil<\/strong>, promoviendo actividades accesibles y gratuitas para todos los p\u00fablicos.<\/p>\n\n\n\n<p>La programaci\u00f3n de la velada incluye una atractiva combinaci\u00f3n de espect\u00e1culos de danza, m\u00fasica en directo y actuaciones de primer nivel:<\/p>\n\n\n\n<ul class=\"wp-block-list\">\n<li><strong>22:00 h \u2013 Danza Urbana:<\/strong>\u00a0El grupo\u00a0<strong>Urban Dance<\/strong>, bajo la direcci\u00f3n de\u00a0<strong>Cecilia Morente<\/strong>, abrir\u00e1 la noche con una potente coreograf\u00eda de estilo urbano que har\u00e1 vibrar al p\u00fablico con su energ\u00eda y ritmo.<\/li>\n\n\n\n<li><strong>22:45 h \u2013 Bachata:<\/strong>\u00a0La fiesta continuar\u00e1 con una espectacular actuaci\u00f3n de\u00a0<strong>bachata<\/strong>\u00a0a cargo de\u00a0<strong>Juanma Condes Rico<\/strong>, quien cuenta con el prestigioso reconocimiento de\u00a0<strong>3\u00ba del mundo en esta modalidad de baile<\/strong>, brindando a Onil una actuaci\u00f3n de nivel internacional.<\/li>\n\n\n\n<li><strong>23:00 h \u2013 Concierto de Enjoy Band:<\/strong>\u00a0El cierre de la jornada lo pondr\u00e1 el grupo\u00a0<strong>Enjoy Band<\/strong>, con un concierto en vivo cargado de ritmo y buen ambiente para disfrutar en familia o con amigos.<\/li>\n<\/ul>\n\n\n\n<figure class=\"wp-block-image size-large\"><img fetchpriority=\"high\" decoding=\"async\" width=\"936\" height=\"1170\" src=\"https:\/\/www.lafresca.fm\/f-solosog\/2025\/06\/estiu-al-carrer-Post-de-Instagram-45-936x1170.png\" alt=\"\" class=\"wp-image-15618\" srcset=\"https:\/\/www.lafresca.fm\/f-solosog\/2025\/06\/estiu-al-carrer-Post-de-Instagram-45-936x1170.png 936w, https:\/\/www.lafresca.fm\/f-solosog\/2025\/06\/estiu-al-carrer-Post-de-Instagram-45-616x770.png 616w, https:\/\/www.lafresca.fm\/f-solosog\/2025\/06\/estiu-al-carrer-Post-de-Instagram-45-768x960.png 768w, https:\/\/www.lafresca.fm\/f-solosog\/2025\/06\/estiu-al-carrer-Post-de-Instagram-45.png 1080w\" sizes=\"(max-width: 936px) 100vw, 936px\" \/><\/figure>\n<script>function PlayerjsAsync(){} if(window[\"Playerjs\"]){PlayerjsAsync();}<\/script>","protected":false},"excerpt":{"rendered":"<p>El Ayuntamiento de Onil organiza una nueva edici\u00f3n de la\u00a0Fiesta de la Avenida de la Paz, que se celebrar\u00e1 el pr\u00f3ximo\u00a0 viernes\u00a04 de julio\u00a0a partir de las\u00a022:00 horas, enmarcada dentro del programa estival\u00a0\u201cEstiu al Carrer\u201d. Esta iniciativa pretende dinamizar la vida social y cultural del municipio durante los meses de ...<\/p>\n","protected":false},"author":2,"featured_media":15618,"comment_status":"closed","ping_status":"closed","sticky":false,"template":"","format":"standard","meta":{"_monsterinsights_skip_tracking":false,"_monsterinsights_sitenote_active":false,"_monsterinsights_sitenote_note":"","_monsterinsights_sitenote_category":0,"footnotes":""},"categories":[4],"tags":[133],"class_list":["post-15617","post","type-post","status-publish","format-standard","has-post-thumbnail","hentry","category-alicante","tag-onil"],"aioseo_notices":[],"_links":{"self":[{"href":"https:\/\/www.lafresca.fm\/fresca-api-json\/wp\/v2\/posts\/15617","targetHints":{"allow":["GET"]}}],"collection":[{"href":"https:\/\/www.lafresca.fm\/fresca-api-json\/wp\/v2\/posts"}],"about":[{"href":"https:\/\/www.lafresca.fm\/fresca-api-json\/wp\/v2\/types\/post"}],"author":[{"embeddable":true,"href":"https:\/\/www.lafresca.fm\/fresca-api-json\/wp\/v2\/users\/2"}],"replies":[{"embeddable":true,"href":"https:\/\/www.lafresca.fm\/fresca-api-json\/wp\/v2\/comments?post=15617"}],"version-history":[{"count":2,"href":"https:\/\/www.lafresca.fm\/fresca-api-json\/wp\/v2\/posts\/15617\/revisions"}],"predecessor-version":[{"id":15621,"href":"https:\/\/www.lafresca.fm\/fresca-api-json\/wp\/v2\/posts\/15617\/revisions\/15621"}],"wp:featuredmedia":[{"embeddable":true,"href":"https:\/\/www.lafresca.fm\/fresca-api-json\/wp\/v2\/media\/15618"}],"wp:attachment":[{"href":"https:\/\/www.lafresca.fm\/fresca-api-json\/wp\/v2\/media?parent=15617"}],"wp:term":[{"taxonomy":"category","embeddable":true,"href":"https:\/\/www.lafresca.fm\/fresca-api-json\/wp\/v2\/categories?post=15617"},{"taxonomy":"post_tag","embeddable":true,"href":"https:\/\/www.lafresca.fm\/fresca-api-json\/wp\/v2\/tags?post=15617"}],"curies":[{"name":"wp","href":"https:\/\/api.w.org\/{rel}","templated":true}]}}