{"id":15622,"date":"2025-06-25T18:00:36","date_gmt":"2025-06-25T16:00:36","guid":{"rendered":"https:\/\/www.lafresca.fm\/?p=15622"},"modified":"2025-06-25T18:00:38","modified_gmt":"2025-06-25T16:00:38","slug":"vuelve-el-cine-de-verano-al-centro-historico-de-onil-este-viernes-27-de-junio","status":"publish","type":"post","link":"https:\/\/www.lafresca.fm\/vuelve-el-cine-de-verano-al-centro-historico-de-onil-este-viernes-27-de-junio\/","title":{"rendered":"Vuelve el Cine de Verano al Centro Hist\u00f3rico de Onil este viernes 27 de junio"},"content":{"rendered":"\n<p>Este viernes 27 de junio, a las 22:00 horas, la Plaza de la Malva se convertir\u00e1 en una sala de cine al aire libre con la proyecci\u00f3n de la divertida comedia espa\u00f1ola <strong>\u201c\u00a1Vaya vacaciones!\u201d<\/strong>, una pel\u00edcula familiar ideal para todas las edades.<\/p>\n\n\n\n<p>El <strong>Ayuntamiento de Onil<\/strong> impulsa esta iniciativa como parte de su programa de dinamizaci\u00f3n del <strong>Centro Hist\u00f3rico<\/strong>, con el objetivo de revitalizar sus espacios p\u00fablicos, fomentar el uso ciudadano y promover el encuentro vecinal en los barrios m\u00e1s emblem\u00e1ticos del municipio.<\/p>\n\n\n\n<p>El <strong>Cine de Verano<\/strong> es una actividad <strong>gratuita y abierta a todo el p\u00fablico<\/strong>, pensada para disfrutar del cine bajo las estrellas y en un entorno tan especial como el casco antiguo de la localidad. Una oportunidad perfecta para compartir una noche diferente entre vecinos, vecinas y visitantes, con entretenimiento sano y al aire libre.<\/p>\n\n\n\n<figure class=\"wp-block-image size-full\"><img fetchpriority=\"high\" decoding=\"async\" width=\"1080\" height=\"1080\" src=\"https:\/\/www.lafresca.fm\/f-solosog\/2025\/06\/noche-de-cine-en-el-centro-historico-1.png\" alt=\"\" class=\"wp-image-15623\" srcset=\"https:\/\/www.lafresca.fm\/f-solosog\/2025\/06\/noche-de-cine-en-el-centro-historico-1.png 1080w, https:\/\/www.lafresca.fm\/f-solosog\/2025\/06\/noche-de-cine-en-el-centro-historico-1-770x770.png 770w, https:\/\/www.lafresca.fm\/f-solosog\/2025\/06\/noche-de-cine-en-el-centro-historico-1-150x150.png 150w, https:\/\/www.lafresca.fm\/f-solosog\/2025\/06\/noche-de-cine-en-el-centro-historico-1-768x768.png 768w, https:\/\/www.lafresca.fm\/f-solosog\/2025\/06\/noche-de-cine-en-el-centro-historico-1-100x100.png 100w, https:\/\/www.lafresca.fm\/f-solosog\/2025\/06\/noche-de-cine-en-el-centro-historico-1-370x370.png 370w\" sizes=\"(max-width: 1080px) 100vw, 1080px\" \/><\/figure>\n<script>function PlayerjsAsync(){} if(window[\"Playerjs\"]){PlayerjsAsync();}<\/script>","protected":false},"excerpt":{"rendered":"<p>Este viernes 27 de junio, a las 22:00 horas, la Plaza de la Malva se convertir\u00e1 en una sala de cine al aire libre con la proyecci\u00f3n de la divertida comedia espa\u00f1ola \u201c\u00a1Vaya vacaciones!\u201d, una pel\u00edcula familiar ideal para todas las edades. El Ayuntamiento de Onil impulsa esta iniciativa como ...<\/p>\n","protected":false},"author":2,"featured_media":15624,"comment_status":"closed","ping_status":"closed","sticky":false,"template":"","format":"standard","meta":{"_monsterinsights_skip_tracking":false,"_monsterinsights_sitenote_active":false,"_monsterinsights_sitenote_note":"","_monsterinsights_sitenote_category":0,"footnotes":""},"categories":[4],"tags":[133],"class_list":["post-15622","post","type-post","status-publish","format-standard","has-post-thumbnail","hentry","category-alicante","tag-onil"],"aioseo_notices":[],"_links":{"self":[{"href":"https:\/\/www.lafresca.fm\/fresca-api-json\/wp\/v2\/posts\/15622","targetHints":{"allow":["GET"]}}],"collection":[{"href":"https:\/\/www.lafresca.fm\/fresca-api-json\/wp\/v2\/posts"}],"about":[{"href":"https:\/\/www.lafresca.fm\/fresca-api-json\/wp\/v2\/types\/post"}],"author":[{"embeddable":true,"href":"https:\/\/www.lafresca.fm\/fresca-api-json\/wp\/v2\/users\/2"}],"replies":[{"embeddable":true,"href":"https:\/\/www.lafresca.fm\/fresca-api-json\/wp\/v2\/comments?post=15622"}],"version-history":[{"count":1,"href":"https:\/\/www.lafresca.fm\/fresca-api-json\/wp\/v2\/posts\/15622\/revisions"}],"predecessor-version":[{"id":15625,"href":"https:\/\/www.lafresca.fm\/fresca-api-json\/wp\/v2\/posts\/15622\/revisions\/15625"}],"wp:featuredmedia":[{"embeddable":true,"href":"https:\/\/www.lafresca.fm\/fresca-api-json\/wp\/v2\/media\/15624"}],"wp:attachment":[{"href":"https:\/\/www.lafresca.fm\/fresca-api-json\/wp\/v2\/media?parent=15622"}],"wp:term":[{"taxonomy":"category","embeddable":true,"href":"https:\/\/www.lafresca.fm\/fresca-api-json\/wp\/v2\/categories?post=15622"},{"taxonomy":"post_tag","embeddable":true,"href":"https:\/\/www.lafresca.fm\/fresca-api-json\/wp\/v2\/tags?post=15622"}],"curies":[{"name":"wp","href":"https:\/\/api.w.org\/{rel}","templated":true}]}}