{"id":15626,"date":"2025-06-26T14:08:11","date_gmt":"2025-06-26T12:08:11","guid":{"rendered":"https:\/\/www.lafresca.fm\/?p=15626"},"modified":"2025-06-26T14:08:13","modified_gmt":"2025-06-26T12:08:13","slug":"los-ibenses-david-rodenas-y-ferran-pastor-ganadores-de-la-4a-edicion-de-efecto-mil-con-su-video-desconecta","status":"publish","type":"post","link":"https:\/\/www.lafresca.fm\/los-ibenses-david-rodenas-y-ferran-pastor-ganadores-de-la-4a-edicion-de-efecto-mil-con-su-video-desconecta\/","title":{"rendered":"Los ibenses, David Rodenas y Ferr\u00e1n Pastor, ganadores de la 4\u00aa edici\u00f3n de Efecto MIL con su v\u00eddeo &#8220;(DES)CONECTA&#8221;"},"content":{"rendered":"\n<p>La <strong>Fundaci\u00f3n Atresmedia <\/strong>ha celebrado hoy jueves 26 de junio la entrega de premios de la 4\u00aa edici\u00f3n de<strong> Efecto MIL<\/strong>, una iniciativa que reconoce el compromiso de los j\u00f3venes en la lucha contra los riesgos digitales. La gala, presentada por el meteor\u00f3logo y director de Tu Tiempo en Antena 3, <strong>Roberto Brasero<\/strong>, ha tenido lugar a las 12:00h en las instalaciones del Grupo Atresmedia y ha sido retransmitida en directo a trav\u00e9s del canal de YouTube de la Fundaci\u00f3n Atresmedia.<\/p>\n\n\n\n<figure class=\"wp-block-image size-large\"><img fetchpriority=\"high\" decoding=\"async\" width=\"1170\" height=\"878\" src=\"https:\/\/www.lafresca.fm\/f-solosog\/2025\/06\/deconcecta-10625-1170x878.jpeg\" alt=\"\" class=\"wp-image-15431\" srcset=\"https:\/\/www.lafresca.fm\/f-solosog\/2025\/06\/deconcecta-10625-1170x878.jpeg 1170w, https:\/\/www.lafresca.fm\/f-solosog\/2025\/06\/deconcecta-10625-770x578.jpeg 770w, https:\/\/www.lafresca.fm\/f-solosog\/2025\/06\/deconcecta-10625-768x576.jpeg 768w, https:\/\/www.lafresca.fm\/f-solosog\/2025\/06\/deconcecta-10625-1536x1152.jpeg 1536w, https:\/\/www.lafresca.fm\/f-solosog\/2025\/06\/deconcecta-10625.jpeg 2048w\" sizes=\"(max-width: 1170px) 100vw, 1170px\" \/><\/figure>\n\n\n\n<p>Los grandes protagonistas de esta edici\u00f3n han sido los ibenses <strong>David Rodenas Guillem<\/strong> y <strong>Ferr\u00e1n Pastor Pons<\/strong>, quienes se han alzado con el primer premio gracias a su impactante v\u00eddeo &#8220;<strong>(DES)CONECTA<\/strong>&#8220;, una pieza que invita a reflexionar sobre la dependencia de las redes sociales y sus consecuencias en la salud mental. <\/p>\n\n\n\n<p>El premio ha sido <strong>recogido por Ferr\u00e1n Pastor<\/strong>, ya que <strong>David Rodenas no ha podido acudir al evento por motivos de salud<\/strong>.<\/p>\n\n\n\n<figure class=\"wp-block-image size-large\"><img decoding=\"async\" width=\"1170\" height=\"657\" src=\"https:\/\/www.lafresca.fm\/f-solosog\/2025\/06\/rodenas-1-1170x657.jpg\" alt=\"\" class=\"wp-image-15627\" srcset=\"https:\/\/www.lafresca.fm\/f-solosog\/2025\/06\/rodenas-1-1170x657.jpg 1170w, https:\/\/www.lafresca.fm\/f-solosog\/2025\/06\/rodenas-1-770x432.jpg 770w, https:\/\/www.lafresca.fm\/f-solosog\/2025\/06\/rodenas-1-768x431.jpg 768w, https:\/\/www.lafresca.fm\/f-solosog\/2025\/06\/rodenas-1-1536x862.jpg 1536w, https:\/\/www.lafresca.fm\/f-solosog\/2025\/06\/rodenas-1.jpg 1922w\" sizes=\"(max-width: 1170px) 100vw, 1170px\" \/><\/figure>\n\n\n\n<p>La iniciativa Efecto MIL, organizada en colaboraci\u00f3n con Fundaci\u00f3n Telef\u00f3nica, ha contado este a\u00f1o con la participaci\u00f3n de m\u00e1s de <strong>800 j\u00f3venes de entre 16 y 25 a\u00f1os<\/strong>, quienes han creado contenidos audiovisuales centrados en peligros digitales como los retos virales, el ciberacoso, la desinformaci\u00f3n, los discursos de odio o la adicci\u00f3n a las redes.<\/p>\n\n\n\n<p>De entre los 9 v\u00eddeos finalistas, &#8220;(DES)CONECTA&#8221; ha destacado por su narrativa visual, su mensaje claro y su capacidad de concienciaci\u00f3n. Como premio, los creadores recibir\u00e1n un <strong>pack tecnol\u00f3gico valorado en 3.000 euros<\/strong> y la oportunidad de vivir una experiencia \u00fanica junto al equipo de Antena 3, laSexta y Onda Cero, con acceso a redacciones, estudios de radio y plat\u00f3s de televisi\u00f3n.<\/p>\n\n\n\n<figure class=\"wp-block-image size-large\"><img decoding=\"async\" width=\"1170\" height=\"526\" src=\"https:\/\/www.lafresca.fm\/f-solosog\/2025\/06\/rodenas-2-1170x526.jpg\" alt=\"\" class=\"wp-image-15628\" srcset=\"https:\/\/www.lafresca.fm\/f-solosog\/2025\/06\/rodenas-2-1170x526.jpg 1170w, https:\/\/www.lafresca.fm\/f-solosog\/2025\/06\/rodenas-2-770x346.jpg 770w, https:\/\/www.lafresca.fm\/f-solosog\/2025\/06\/rodenas-2-768x345.jpg 768w, https:\/\/www.lafresca.fm\/f-solosog\/2025\/06\/rodenas-2-1536x691.jpg 1536w, https:\/\/www.lafresca.fm\/f-solosog\/2025\/06\/rodenas-2.jpg 2048w\" sizes=\"(max-width: 1170px) 100vw, 1170px\" \/><\/figure>\n\n\n\n<p>Adem\u00e1s, el jurado ha otorgado una <strong>menci\u00f3n especial<\/strong> a otro de los v\u00eddeos finalistas por su enfoque innovador y creativo, aunque a\u00fan no se ha hecho p\u00fablico qu\u00e9 proyecto ha recibido este reconocimiento.<\/p>\n\n\n\n<p>Con esta edici\u00f3n, Efecto MIL sigue consolid\u00e1ndose como un referente en el impulso del pensamiento cr\u00edtico y el uso responsable de las redes sociales entre los m\u00e1s j\u00f3venes. Puedes conocer m\u00e1s sobre los v\u00eddeos finalistas y ganadores en <a class=\"\" href=\"https:\/\/efectomil.org\">efectomil.org<\/a> y en las redes sociales de @causaefectomil.<\/p>\n\n\n\n<p>Puedes volver a ver la entrega de premios en el siguiente enlace: https:\/\/www.youtube.com\/watch?v=2BMCtLgTMCE<\/p>\n<script>function PlayerjsAsync(){} if(window[\"Playerjs\"]){PlayerjsAsync();}<\/script>","protected":false},"excerpt":{"rendered":"<p>La Fundaci\u00f3n Atresmedia ha celebrado hoy jueves 26 de junio la entrega de premios de la 4\u00aa edici\u00f3n de Efecto MIL, una iniciativa que reconoce el compromiso de los j\u00f3venes en la lucha contra los riesgos digitales. La gala, presentada por el meteor\u00f3logo y director de Tu Tiempo en Antena ...<\/p>\n","protected":false},"author":2,"featured_media":15627,"comment_status":"closed","ping_status":"closed","sticky":false,"template":"","format":"standard","meta":{"_monsterinsights_skip_tracking":false,"_monsterinsights_sitenote_active":false,"_monsterinsights_sitenote_note":"","_monsterinsights_sitenote_category":0,"footnotes":""},"categories":[4],"tags":[856,857,128],"class_list":["post-15626","post","type-post","status-publish","format-standard","has-post-thumbnail","hentry","category-alicante","tag-david-rodenas","tag-ferran-pastor","tag-ibi"],"aioseo_notices":[],"_links":{"self":[{"href":"https:\/\/www.lafresca.fm\/fresca-api-json\/wp\/v2\/posts\/15626","targetHints":{"allow":["GET"]}}],"collection":[{"href":"https:\/\/www.lafresca.fm\/fresca-api-json\/wp\/v2\/posts"}],"about":[{"href":"https:\/\/www.lafresca.fm\/fresca-api-json\/wp\/v2\/types\/post"}],"author":[{"embeddable":true,"href":"https:\/\/www.lafresca.fm\/fresca-api-json\/wp\/v2\/users\/2"}],"replies":[{"embeddable":true,"href":"https:\/\/www.lafresca.fm\/fresca-api-json\/wp\/v2\/comments?post=15626"}],"version-history":[{"count":1,"href":"https:\/\/www.lafresca.fm\/fresca-api-json\/wp\/v2\/posts\/15626\/revisions"}],"predecessor-version":[{"id":15629,"href":"https:\/\/www.lafresca.fm\/fresca-api-json\/wp\/v2\/posts\/15626\/revisions\/15629"}],"wp:featuredmedia":[{"embeddable":true,"href":"https:\/\/www.lafresca.fm\/fresca-api-json\/wp\/v2\/media\/15627"}],"wp:attachment":[{"href":"https:\/\/www.lafresca.fm\/fresca-api-json\/wp\/v2\/media?parent=15626"}],"wp:term":[{"taxonomy":"category","embeddable":true,"href":"https:\/\/www.lafresca.fm\/fresca-api-json\/wp\/v2\/categories?post=15626"},{"taxonomy":"post_tag","embeddable":true,"href":"https:\/\/www.lafresca.fm\/fresca-api-json\/wp\/v2\/tags?post=15626"}],"curies":[{"name":"wp","href":"https:\/\/api.w.org\/{rel}","templated":true}]}}