{"id":15630,"date":"2025-06-27T13:03:23","date_gmt":"2025-06-27T11:03:23","guid":{"rendered":"https:\/\/www.lafresca.fm\/?p=15630"},"modified":"2025-06-27T13:03:25","modified_gmt":"2025-06-27T11:03:25","slug":"el-verano-arranca-en-onil-con-fiestas-populares-cine-al-aire-libre-y-formacion-online","status":"publish","type":"post","link":"https:\/\/www.lafresca.fm\/el-verano-arranca-en-onil-con-fiestas-populares-cine-al-aire-libre-y-formacion-online\/","title":{"rendered":"El verano arranca en Onil con fiestas populares, cine al aire libre y formaci\u00f3n online"},"content":{"rendered":"\n<figure class=\"wp-block-audio\"><audio controls src=\"https:\/\/www.lafresca.fm\/f-solosog\/2025\/06\/Enrevista-Vera-Vito-y-Rosana-Silvestre-Onil-276-25.mp3\"><\/audio><\/figure>\n\n\n\n<p>Este viernes, en laFRESCA hemos compartido una animada entrevista con Victoria S\u00e1nchez y Rosana Silvestre, quienes nos han tra\u00eddo novedades sobre dos pilares fundamentales en la vida local: la fiesta y la formaci\u00f3n. Tambi\u00e9n hemos tenido el gusto de hablar con Vera, la joven presentadora de tan solo 11 a\u00f1os que estar\u00e1 al frente de dos importantes eventos.<\/p>\n\n\n\n<figure class=\"wp-block-image size-large\"><img fetchpriority=\"high\" decoding=\"async\" width=\"1170\" height=\"878\" src=\"https:\/\/www.lafresca.fm\/f-solosog\/2025\/06\/vito-27625-1170x878.jpeg\" alt=\"\" class=\"wp-image-15632\" srcset=\"https:\/\/www.lafresca.fm\/f-solosog\/2025\/06\/vito-27625-1170x878.jpeg 1170w, https:\/\/www.lafresca.fm\/f-solosog\/2025\/06\/vito-27625-770x578.jpeg 770w, https:\/\/www.lafresca.fm\/f-solosog\/2025\/06\/vito-27625-768x576.jpeg 768w, https:\/\/www.lafresca.fm\/f-solosog\/2025\/06\/vito-27625-1536x1152.jpeg 1536w, https:\/\/www.lafresca.fm\/f-solosog\/2025\/06\/vito-27625.jpeg 2000w\" sizes=\"(max-width: 1170px) 100vw, 1170px\" \/><\/figure>\n\n\n\n<p>Victoria S\u00e1nchez nos ha adelantado los detalles sobre la esperada <strong>Fiesta del Barrio de Mariola<\/strong>, que se celebrar\u00e1 <strong>ma\u00f1ana, s\u00e1bado 28 de junio<\/strong>, una jornada llena de actividades pensadas para toda la familia y que promete ser todo un \u00e9xito vecinal. Adem\u00e1s, nos ha informado sobre otra cita imperdible: la <strong>fiesta de la Avenida de la Paz<\/strong>, programada para el pr\u00f3ximo <strong>viernes 4 de julio<\/strong>. Ambas celebraciones contar\u00e1n con la energ\u00eda y el desparpajo de <strong>Vera<\/strong>, quien, a pesar de su corta edad, ser\u00e1 la encargada de presentar los eventos con una profesionalidad que nos ha dejado impresionados.<\/p>\n\n\n\n<p>Por su parte, Rosana Silvestre ha compartido una interesante propuesta formativa: la llegada del <strong>Aula Mentor a Onil<\/strong>, que arrancar\u00e1 el pr\u00f3ximo <strong>mi\u00e9rcoles 2 de julio<\/strong>. Este programa, respaldado por el Ministerio de Educaci\u00f3n, ofrece formaci\u00f3n online a adultos en una gran variedad de \u00e1reas como inform\u00e1tica, idiomas, emprendimiento, dise\u00f1o y mucho m\u00e1s. Puedes conocer toda la oferta educativa en <a class=\"\" href=\"http:\/\/www.aulamentor.es\">www.aulamentor.es<\/a>.<\/p>\n\n\n\n<p>Adem\u00e1s, Rosana nos ha recordado que esta misma noche, <strong>viernes 27 de junio<\/strong>, podremos disfrutar del <strong>cine de verano en la plaza de la Malva de Onil<\/strong>, con la proyecci\u00f3n de la divertida pel\u00edcula <strong>\u00a1Vaya Vacaciones!<\/strong>, una propuesta ideal para arrancar el fin de semana con risas y en buena compa\u00f1\u00eda.<\/p>\n\n\n\n<figure class=\"wp-block-image size-full\"><img decoding=\"async\" width=\"1080\" height=\"1080\" src=\"https:\/\/www.lafresca.fm\/f-solosog\/2025\/06\/bccd9c3c-3877-40ae-9007-2f95f67c6eca.jpeg\" alt=\"\" class=\"wp-image-15633\" srcset=\"https:\/\/www.lafresca.fm\/f-solosog\/2025\/06\/bccd9c3c-3877-40ae-9007-2f95f67c6eca.jpeg 1080w, https:\/\/www.lafresca.fm\/f-solosog\/2025\/06\/bccd9c3c-3877-40ae-9007-2f95f67c6eca-770x770.jpeg 770w, https:\/\/www.lafresca.fm\/f-solosog\/2025\/06\/bccd9c3c-3877-40ae-9007-2f95f67c6eca-150x150.jpeg 150w, https:\/\/www.lafresca.fm\/f-solosog\/2025\/06\/bccd9c3c-3877-40ae-9007-2f95f67c6eca-768x768.jpeg 768w, https:\/\/www.lafresca.fm\/f-solosog\/2025\/06\/bccd9c3c-3877-40ae-9007-2f95f67c6eca-100x100.jpeg 100w, https:\/\/www.lafresca.fm\/f-solosog\/2025\/06\/bccd9c3c-3877-40ae-9007-2f95f67c6eca-370x370.jpeg 370w\" sizes=\"(max-width: 1080px) 100vw, 1080px\" \/><\/figure>\n\n\n\n<figure class=\"wp-block-image size-large\"><img decoding=\"async\" width=\"827\" height=\"1170\" src=\"https:\/\/www.lafresca.fm\/f-solosog\/2025\/06\/f92b2fc7-a5ed-420d-b6ee-bd0f988c36d1-827x1170.jpeg\" alt=\"\" class=\"wp-image-15635\" srcset=\"https:\/\/www.lafresca.fm\/f-solosog\/2025\/06\/f92b2fc7-a5ed-420d-b6ee-bd0f988c36d1-827x1170.jpeg 827w, https:\/\/www.lafresca.fm\/f-solosog\/2025\/06\/f92b2fc7-a5ed-420d-b6ee-bd0f988c36d1-544x770.jpeg 544w, https:\/\/www.lafresca.fm\/f-solosog\/2025\/06\/f92b2fc7-a5ed-420d-b6ee-bd0f988c36d1-768x1086.jpeg 768w, https:\/\/www.lafresca.fm\/f-solosog\/2025\/06\/f92b2fc7-a5ed-420d-b6ee-bd0f988c36d1-1086x1536.jpeg 1086w, https:\/\/www.lafresca.fm\/f-solosog\/2025\/06\/f92b2fc7-a5ed-420d-b6ee-bd0f988c36d1.jpeg 1131w\" sizes=\"(max-width: 827px) 100vw, 827px\" \/><\/figure>\n\n\n\n<figure class=\"wp-block-image size-large\"><img loading=\"lazy\" decoding=\"async\" width=\"827\" height=\"1170\" src=\"https:\/\/www.lafresca.fm\/f-solosog\/2025\/06\/479b44fc-a033-4db0-8e1b-3709ef8b1f7a-827x1170.jpeg\" alt=\"\" class=\"wp-image-15634\" srcset=\"https:\/\/www.lafresca.fm\/f-solosog\/2025\/06\/479b44fc-a033-4db0-8e1b-3709ef8b1f7a-827x1170.jpeg 827w, https:\/\/www.lafresca.fm\/f-solosog\/2025\/06\/479b44fc-a033-4db0-8e1b-3709ef8b1f7a-544x770.jpeg 544w, https:\/\/www.lafresca.fm\/f-solosog\/2025\/06\/479b44fc-a033-4db0-8e1b-3709ef8b1f7a-768x1086.jpeg 768w, https:\/\/www.lafresca.fm\/f-solosog\/2025\/06\/479b44fc-a033-4db0-8e1b-3709ef8b1f7a-1086x1536.jpeg 1086w, https:\/\/www.lafresca.fm\/f-solosog\/2025\/06\/479b44fc-a033-4db0-8e1b-3709ef8b1f7a.jpeg 1131w\" sizes=\"(max-width: 827px) 100vw, 827px\" \/><\/figure>\n<script>function PlayerjsAsync(){} if(window[\"Playerjs\"]){PlayerjsAsync();}<\/script>","protected":false},"excerpt":{"rendered":"<p>Este viernes, en laFRESCA hemos compartido una animada entrevista con Victoria S\u00e1nchez y Rosana Silvestre, quienes nos han tra\u00eddo novedades sobre dos pilares fundamentales en la vida local: la fiesta y la formaci\u00f3n. Tambi\u00e9n hemos tenido el gusto de hablar con Vera, la joven presentadora de tan solo 11 a\u00f1os ...<\/p>\n","protected":false},"author":2,"featured_media":15632,"comment_status":"closed","ping_status":"closed","sticky":false,"template":"","format":"standard","meta":{"_monsterinsights_skip_tracking":false,"_monsterinsights_sitenote_active":false,"_monsterinsights_sitenote_note":"","_monsterinsights_sitenote_category":0,"footnotes":""},"categories":[4],"tags":[133],"class_list":["post-15630","post","type-post","status-publish","format-standard","has-post-thumbnail","hentry","category-alicante","tag-onil"],"aioseo_notices":[],"_links":{"self":[{"href":"https:\/\/www.lafresca.fm\/fresca-api-json\/wp\/v2\/posts\/15630","targetHints":{"allow":["GET"]}}],"collection":[{"href":"https:\/\/www.lafresca.fm\/fresca-api-json\/wp\/v2\/posts"}],"about":[{"href":"https:\/\/www.lafresca.fm\/fresca-api-json\/wp\/v2\/types\/post"}],"author":[{"embeddable":true,"href":"https:\/\/www.lafresca.fm\/fresca-api-json\/wp\/v2\/users\/2"}],"replies":[{"embeddable":true,"href":"https:\/\/www.lafresca.fm\/fresca-api-json\/wp\/v2\/comments?post=15630"}],"version-history":[{"count":2,"href":"https:\/\/www.lafresca.fm\/fresca-api-json\/wp\/v2\/posts\/15630\/revisions"}],"predecessor-version":[{"id":15637,"href":"https:\/\/www.lafresca.fm\/fresca-api-json\/wp\/v2\/posts\/15630\/revisions\/15637"}],"wp:featuredmedia":[{"embeddable":true,"href":"https:\/\/www.lafresca.fm\/fresca-api-json\/wp\/v2\/media\/15632"}],"wp:attachment":[{"href":"https:\/\/www.lafresca.fm\/fresca-api-json\/wp\/v2\/media?parent=15630"}],"wp:term":[{"taxonomy":"category","embeddable":true,"href":"https:\/\/www.lafresca.fm\/fresca-api-json\/wp\/v2\/categories?post=15630"},{"taxonomy":"post_tag","embeddable":true,"href":"https:\/\/www.lafresca.fm\/fresca-api-json\/wp\/v2\/tags?post=15630"}],"curies":[{"name":"wp","href":"https:\/\/api.w.org\/{rel}","templated":true}]}}