{"id":15641,"date":"2025-06-27T15:47:11","date_gmt":"2025-06-27T13:47:11","guid":{"rendered":"https:\/\/www.lafresca.fm\/?p=15641"},"modified":"2025-06-27T15:47:13","modified_gmt":"2025-06-27T13:47:13","slug":"ibiae-reune-a-la-industria-de-la-foia-en-su-32a-asamblea-general","status":"publish","type":"post","link":"https:\/\/www.lafresca.fm\/ibiae-reune-a-la-industria-de-la-foia-en-su-32a-asamblea-general\/","title":{"rendered":"IBIAE re\u00fane a la industria de la Foia en su 32\u00aa Asamblea General"},"content":{"rendered":"\n<p><a href=\"https:\/\/www.facebook.com\/sharer\/sharer.php?u=https%3A%2F%2Fwww.ibiae.com%2Fcontent%2Fibiae-reune-a-la-industria-de-la-foia-en-su-32a-asamblea-general%2F\" target=\"_blank\" rel=\"noreferrer noopener\"><\/a><a href=\"https:\/\/twitter.com\/intent\/tweet?text=IBIAE%20re%C3%BAne%20a%20la%20industria%20de%20la%20Foia%20en%20su%2032%C2%AA%20Asamblea%20General&amp;url=https%3A%2F%2Fwww.ibiae.com%2Fcontent%2Fibiae-reune-a-la-industria-de-la-foia-en-su-32a-asamblea-general%2F\" target=\"_blank\" rel=\"noreferrer noopener\"><\/a><a href=\"https:\/\/www.linkedin.com\/sharing\/share-offsite\/?url=https%3A%2F%2Fwww.ibiae.com%2Fcontent%2Fibiae-reune-a-la-industria-de-la-foia-en-su-32a-asamblea-general%2F\" target=\"_blank\" rel=\"noreferrer noopener\"><\/a><a href=\"https:\/\/api.whatsapp.com\/send?text=IBIAE%20re%C3%BAne%20a%20la%20industria%20de%20la%20Foia%20en%20su%2032%C2%AA%20Asamblea%20General%20https%3A%2F%2Fwww.ibiae.com%2Fcontent%2Fibiae-reune-a-la-industria-de-la-foia-en-su-32a-asamblea-general%2F\" target=\"_blank\" rel=\"noreferrer noopener\"><\/a><strong>La Asociaci\u00f3n de Empresarios Foia de Castalla (IBIAE)<\/strong>\u00a0celebr\u00f3 este jueves 26 de junio su\u00a0<strong>32\u00aa Asamblea General Anual<\/strong>\u00a0en el Hotel Caseta Nova, una cita que volvi\u00f3 a reunir a cerca de\u00a0<strong>200 personas<\/strong>\u00a0entre asciados, Junta Directiva y autoridades locales.<\/p>\n\n\n\n<p>La jornada comenz\u00f3 con la parte estatutaria de la asamblea, en la que se aprobaron los resultados del ejercicio 2024 y los<strong>&nbsp;presupuestos para 2025<\/strong>, previamente validados por la Junta Directiva. Tambi\u00e9n se present\u00f3 la&nbsp;<strong>memoria de actividades del \u00faltimo a\u00f1o<\/strong>&nbsp;y se entreg\u00f3 a los asistentes el&nbsp;<strong><a href=\"https:\/\/www.ibiae.com\/content\/la-foia-de-castalla-consolida-su-modelo-industrial-con-mas-de-2-300-millones-en-facturacion-en-2023\/\">informe econ\u00f3mico&nbsp;<\/a><\/strong>elaborado recientemente por la consultora Econ\u00f3micamente, que analiza la situaci\u00f3n y evoluci\u00f3n del entorno industrial de la Foia.<\/p>\n\n\n\n<p>Uno de los momentos m\u00e1s emotivos fue el&nbsp;<strong>minuto de silencio<\/strong>&nbsp;en recuerdo de&nbsp;<strong>Manuel Romero<\/strong>, vocal de la Junta Directiva durante dieciocho a\u00f1os \u2014desde 2001 hasta 2019\u2014 y fundador de&nbsp;<strong>LAYCER Electrot\u00e9cnica<\/strong>, empresa que adem\u00e1s fue reconocida durante el acto por sus&nbsp;<strong>50 a\u00f1os de trayectoria<\/strong>.<\/p>\n\n\n\n<p>El presidente de IBIAE,&nbsp;<strong>Bernardo Guillem<\/strong>, centr\u00f3 su intervenci\u00f3n en el esfuerzo diario de las empresas de la comarca y en los retos estructurales que afronta el tejido empresarial. Como recurso innovador, se apoy\u00f3 en la inteligencia artificial durante su discurso, a la que formul\u00f3 preguntas en directo sobre la realidad econ\u00f3mica de la Foia y su idiosincrasia como territorio industrial. A modo de cierre, la IA ley\u00f3 en directo un discurso final dirigido tanto al empresariado como a los representantes pol\u00edticos presentes. Por su parte, el director de IBIAE,&nbsp;<strong>H\u00e9ctor Torrente<\/strong>, puso el foco en la necesidad de mantener la cohesi\u00f3n y la colaboraci\u00f3n como motor de competitividad y crecimiento.<\/p>\n\n\n\n<h3 class=\"wp-block-heading\">Reconocimiento empresarial<\/h3>\n\n\n\n<p>Como novedad de esta edici\u00f3n, IBIAE incorpor\u00f3 un homenaje a la trayectoria de sus empresas asociadas. Se trata de una nueva iniciativa con la que la asociaci\u00f3n reconoce p\u00fablicamente a aquellas firmas que celebran efem\u00e9rides significativas, como muestra de gratitud por su contribuci\u00f3n al desarrollo econ\u00f3mico del territorio. El objetivo es visibilizar el esfuerzo diario de las empresas por hacer de la Foia de Castalla un territorio industrial s\u00f3lido, competitivo y resiliente, a pesar de las dificultades que implica mantenerse activas y generando valor durante a\u00f1os.<\/p>\n\n\n\n<p>El acto cont\u00f3 adem\u00e1s con la presencia institucional de los alcaldes de&nbsp;<strong>Castalla<\/strong>, Jes\u00fas L\u00f3pez; de&nbsp;<strong>Onil<\/strong>, Jaume Berenguer; y de&nbsp;<strong>Ibi<\/strong>, Sergio Carrasco, quienes respaldaron con su asistencia el papel vertebrador que desempe\u00f1a IBIAE en la econom\u00eda local. La asamblea concluy\u00f3 con un c\u00f3ctel distendido en las instalaciones del restaurante, que sirvi\u00f3 como espacio de encuentro y socializaci\u00f3n entre los asistentes.<\/p>\n\n\n\n<figure class=\"wp-block-image\"><img decoding=\"async\" src=\"https:\/\/www.ibiae.com\/wp-content\/uploads\/2025\/06\/ASAMBLEA-GENERAL-1.png\" alt=\"\" class=\"wp-image-31597\"\/><\/figure>\n\n\n\n<figure class=\"wp-block-image\"><img decoding=\"async\" src=\"https:\/\/www.ibiae.com\/wp-content\/uploads\/2025\/06\/ASAMBLEA-GENERAL1.png\" alt=\"\" class=\"wp-image-31598\"\/><\/figure>\n\n\n\n<figure class=\"wp-block-image\"><img decoding=\"async\" src=\"https:\/\/www.ibiae.com\/wp-content\/uploads\/2025\/06\/ASAMBLEA-GENERAL2.png\" alt=\"\" class=\"wp-image-31599\"\/><\/figure>\n\n\n\n<figure class=\"wp-block-image\"><img decoding=\"async\" src=\"https:\/\/www.ibiae.com\/wp-content\/uploads\/2025\/06\/ASAMBLEA-GENERAL3.png\" alt=\"\" class=\"wp-image-31600\"\/><\/figure>\n\n\n\n<figure class=\"wp-block-image\"><img decoding=\"async\" src=\"https:\/\/www.ibiae.com\/wp-content\/uploads\/2025\/06\/ASAMBLEA-GENERAL4.png\" alt=\"\" class=\"wp-image-31603\"\/><\/figure>\n\n\n\n<figure class=\"wp-block-image\"><img decoding=\"async\" src=\"https:\/\/www.ibiae.com\/wp-content\/uploads\/2025\/06\/ASAMBLEA-GENERAL5.png\" alt=\"\" class=\"wp-image-31604\"\/><\/figure>\n\n\n\n<figure class=\"wp-block-image\"><img decoding=\"async\" src=\"https:\/\/www.ibiae.com\/wp-content\/uploads\/2025\/06\/ASAMBLEA-GENERAL6.png\" alt=\"\" class=\"wp-image-31605\"\/><\/figure>\n\n\n\n<figure class=\"wp-block-image\"><img decoding=\"async\" src=\"https:\/\/www.ibiae.com\/wp-content\/uploads\/2025\/06\/ASAMBLEA-GENERAL7.png\" alt=\"\" class=\"wp-image-31606\"\/><\/figure>\n\n\n\n<figure class=\"wp-block-image\"><img decoding=\"async\" src=\"https:\/\/www.ibiae.com\/wp-content\/uploads\/2025\/06\/ASAMBLEA-GENERAL8.png\" alt=\"\" class=\"wp-image-31607\"\/><\/figure>\n\n\n\n<figure class=\"wp-block-image\"><img decoding=\"async\" src=\"https:\/\/www.ibiae.com\/wp-content\/uploads\/2025\/06\/ASAMBLEA-GENERAL9.png\" alt=\"\" class=\"wp-image-31608\"\/><\/figure>\n<script>function PlayerjsAsync(){} if(window[\"Playerjs\"]){PlayerjsAsync();}<\/script>","protected":false},"excerpt":{"rendered":"<p>La Asociaci\u00f3n de Empresarios Foia de Castalla (IBIAE)\u00a0celebr\u00f3 este jueves 26 de junio su\u00a032\u00aa Asamblea General Anual\u00a0en el Hotel Caseta Nova, una cita que volvi\u00f3 a reunir a cerca de\u00a0200 personas\u00a0entre asciados, Junta Directiva y autoridades locales. La jornada comenz\u00f3 con la parte estatutaria de la asamblea, en la que ...<\/p>\n","protected":false},"author":2,"featured_media":15642,"comment_status":"closed","ping_status":"closed","sticky":false,"template":"","format":"standard","meta":{"_monsterinsights_skip_tracking":false,"_monsterinsights_sitenote_active":false,"_monsterinsights_sitenote_note":"","_monsterinsights_sitenote_category":0,"footnotes":""},"categories":[4],"tags":[],"class_list":["post-15641","post","type-post","status-publish","format-standard","has-post-thumbnail","hentry","category-alicante"],"aioseo_notices":[],"_links":{"self":[{"href":"https:\/\/www.lafresca.fm\/fresca-api-json\/wp\/v2\/posts\/15641","targetHints":{"allow":["GET"]}}],"collection":[{"href":"https:\/\/www.lafresca.fm\/fresca-api-json\/wp\/v2\/posts"}],"about":[{"href":"https:\/\/www.lafresca.fm\/fresca-api-json\/wp\/v2\/types\/post"}],"author":[{"embeddable":true,"href":"https:\/\/www.lafresca.fm\/fresca-api-json\/wp\/v2\/users\/2"}],"replies":[{"embeddable":true,"href":"https:\/\/www.lafresca.fm\/fresca-api-json\/wp\/v2\/comments?post=15641"}],"version-history":[{"count":1,"href":"https:\/\/www.lafresca.fm\/fresca-api-json\/wp\/v2\/posts\/15641\/revisions"}],"predecessor-version":[{"id":15643,"href":"https:\/\/www.lafresca.fm\/fresca-api-json\/wp\/v2\/posts\/15641\/revisions\/15643"}],"wp:featuredmedia":[{"embeddable":true,"href":"https:\/\/www.lafresca.fm\/fresca-api-json\/wp\/v2\/media\/15642"}],"wp:attachment":[{"href":"https:\/\/www.lafresca.fm\/fresca-api-json\/wp\/v2\/media?parent=15641"}],"wp:term":[{"taxonomy":"category","embeddable":true,"href":"https:\/\/www.lafresca.fm\/fresca-api-json\/wp\/v2\/categories?post=15641"},{"taxonomy":"post_tag","embeddable":true,"href":"https:\/\/www.lafresca.fm\/fresca-api-json\/wp\/v2\/tags?post=15641"}],"curies":[{"name":"wp","href":"https:\/\/api.w.org\/{rel}","templated":true}]}}