{"id":15644,"date":"2025-06-30T08:55:30","date_gmt":"2025-06-30T06:55:30","guid":{"rendered":"https:\/\/www.lafresca.fm\/?p=15644"},"modified":"2025-06-30T09:01:43","modified_gmt":"2025-06-30T07:01:43","slug":"itc-packaging-premiada-en-los-world-packaging-awards-por-su-innovacion-en-envases-alimentarios","status":"publish","type":"post","link":"https:\/\/www.lafresca.fm\/itc-packaging-premiada-en-los-world-packaging-awards-por-su-innovacion-en-envases-alimentarios\/","title":{"rendered":"La empresa ibense ITC PACKAGING, galardonada en los WORLD PACKAGING AWARDS por su innovaci\u00f3n en envases alimentarios"},"content":{"rendered":"\n<p>La empresa <strong>ITC PACKAGING<\/strong>, miembro destacado de <strong>IBIAE<\/strong> (Asociaci\u00f3n de Empresarios de Ibi y Comarca), ha sido reconocida con el premio al <strong>Mejor Envase en la categor\u00eda Food<\/strong> en los prestigiosos <strong>WORLD PACKAGING AWARDS<\/strong>, reafirmando su liderazgo en innovaci\u00f3n y sostenibilidad dentro del sector del packaging.<\/p>\n\n\n\n<p>La entrega de premios tuvo lugar el pasado <strong>30 de mayo<\/strong> en el <strong>Teatro Alcione de Mil\u00e1n<\/strong>, en el marco de la feria internacional <strong>Ipack-IMA<\/strong>, uno de los eventos m\u00e1s importantes del sector. La gala reuni\u00f3 a profesionales, empresas y entidades de todo el mundo, destacando la excelencia en dise\u00f1o, funcionalidad y sostenibilidad en soluciones de envasado.<\/p>\n\n\n\n<p>La <strong>Directora de Relaciones Institucionales de ITC PACKAGING, Beatriz Valls Gras<\/strong>, fue la encargada de recoger el galard\u00f3n en nombre de toda la compa\u00f1\u00eda. Durante su intervenci\u00f3n, subray\u00f3 el firme compromiso de ITC PACKAGING con el desarrollo de envases eficientes, sostenibles y adaptados a las necesidades reales de sus clientes.<\/p>\n\n\n\n<blockquote class=\"wp-block-quote is-layout-flow wp-block-quote-is-layout-flow\">\n<p>\u201cEste premio es el reflejo del esfuerzo conjunto de nuestros equipos t\u00e9cnico y comercial, que trabajan cada d\u00eda para ofrecer soluciones innovadoras y responsables\u201d, afirm\u00f3 Valls Gras.<\/p>\n<\/blockquote>\n\n\n\n<h3 class=\"wp-block-heading\"><strong>Comprometidos con la sostenibilidad<\/strong><\/h3>\n\n\n\n<p>ITC PACKAGING se ha posicionado como un referente en el dise\u00f1o y fabricaci\u00f3n de <strong>envases pl\u00e1sticos<\/strong> para sectores como la <strong>alimentaci\u00f3n, el cuidado personal y la limpieza del hogar<\/strong>. Su apuesta por tecnolog\u00edas como la <strong>inyecci\u00f3n de polipropileno (PP)<\/strong>, el <strong>soplado de PET<\/strong> y, m\u00e1s recientemente, el <strong>termoformado<\/strong>, les ha permitido desarrollar productos altamente funcionales y respetuosos con el medio ambiente.<\/p>\n\n\n\n<p>Dentro de su estrategia de sostenibilidad <strong>\u201cReduce, Reuse, Recycle y Rethink\u201d<\/strong>, la compa\u00f1\u00eda ha impulsado soluciones como <strong>Reduce Pack<\/strong>, <strong>Combicup<\/strong> o <strong>TwiPET<\/strong>, proyectos que combinan innovaci\u00f3n, funcionalidad y compromiso con la econom\u00eda circular.<\/p>\n\n\n\n<p>Este nuevo reconocimiento internacional consolida la trayectoria de ITC PACKAGING como una empresa pionera en el desarrollo de envases que marcan la diferencia, tanto en t\u00e9rminos de dise\u00f1o como de impacto ambiental.<\/p>\n\n\n\n<figure class=\"wp-block-gallery has-nested-images columns-default is-cropped wp-block-gallery-1 is-layout-flex wp-block-gallery-is-layout-flex\">\n<figure class=\"wp-block-image size-large\"><img fetchpriority=\"high\" decoding=\"async\" width=\"1000\" height=\"667\" data-id=\"15646\" src=\"https:\/\/www.lafresca.fm\/f-solosog\/2025\/06\/Diseno-sin-titulo4-2.png\" alt=\"\" class=\"wp-image-15646\" srcset=\"https:\/\/www.lafresca.fm\/f-solosog\/2025\/06\/Diseno-sin-titulo4-2.png 1000w, https:\/\/www.lafresca.fm\/f-solosog\/2025\/06\/Diseno-sin-titulo4-2-770x514.png 770w, https:\/\/www.lafresca.fm\/f-solosog\/2025\/06\/Diseno-sin-titulo4-2-768x512.png 768w\" sizes=\"(max-width: 1000px) 100vw, 1000px\" \/><\/figure>\n\n\n\n<figure class=\"wp-block-image size-large\"><img decoding=\"async\" width=\"1024\" height=\"768\" data-id=\"15645\" src=\"https:\/\/www.lafresca.fm\/f-solosog\/2025\/06\/1748938163892-1024x768-1.jpg\" alt=\"\" class=\"wp-image-15645\" srcset=\"https:\/\/www.lafresca.fm\/f-solosog\/2025\/06\/1748938163892-1024x768-1.jpg 1024w, https:\/\/www.lafresca.fm\/f-solosog\/2025\/06\/1748938163892-1024x768-1-770x578.jpg 770w, https:\/\/www.lafresca.fm\/f-solosog\/2025\/06\/1748938163892-1024x768-1-768x576.jpg 768w\" sizes=\"(max-width: 1024px) 100vw, 1024px\" \/><\/figure>\n<\/figure>\n<script>function PlayerjsAsync(){} if(window[\"Playerjs\"]){PlayerjsAsync();}<\/script>","protected":false},"excerpt":{"rendered":"<p>La empresa ITC PACKAGING, miembro destacado de IBIAE (Asociaci\u00f3n de Empresarios de Ibi y Comarca), ha sido reconocida con el premio al Mejor Envase en la categor\u00eda Food en los prestigiosos WORLD PACKAGING AWARDS, reafirmando su liderazgo en innovaci\u00f3n y sostenibilidad dentro del sector del packaging. La entrega de premios ...<\/p>\n","protected":false},"author":2,"featured_media":15645,"comment_status":"closed","ping_status":"closed","sticky":false,"template":"","format":"standard","meta":{"_monsterinsights_skip_tracking":false,"_monsterinsights_sitenote_active":false,"_monsterinsights_sitenote_note":"","_monsterinsights_sitenote_category":0,"footnotes":""},"categories":[4],"tags":[],"class_list":["post-15644","post","type-post","status-publish","format-standard","has-post-thumbnail","hentry","category-alicante"],"aioseo_notices":[],"_links":{"self":[{"href":"https:\/\/www.lafresca.fm\/fresca-api-json\/wp\/v2\/posts\/15644","targetHints":{"allow":["GET"]}}],"collection":[{"href":"https:\/\/www.lafresca.fm\/fresca-api-json\/wp\/v2\/posts"}],"about":[{"href":"https:\/\/www.lafresca.fm\/fresca-api-json\/wp\/v2\/types\/post"}],"author":[{"embeddable":true,"href":"https:\/\/www.lafresca.fm\/fresca-api-json\/wp\/v2\/users\/2"}],"replies":[{"embeddable":true,"href":"https:\/\/www.lafresca.fm\/fresca-api-json\/wp\/v2\/comments?post=15644"}],"version-history":[{"count":2,"href":"https:\/\/www.lafresca.fm\/fresca-api-json\/wp\/v2\/posts\/15644\/revisions"}],"predecessor-version":[{"id":15648,"href":"https:\/\/www.lafresca.fm\/fresca-api-json\/wp\/v2\/posts\/15644\/revisions\/15648"}],"wp:featuredmedia":[{"embeddable":true,"href":"https:\/\/www.lafresca.fm\/fresca-api-json\/wp\/v2\/media\/15645"}],"wp:attachment":[{"href":"https:\/\/www.lafresca.fm\/fresca-api-json\/wp\/v2\/media?parent=15644"}],"wp:term":[{"taxonomy":"category","embeddable":true,"href":"https:\/\/www.lafresca.fm\/fresca-api-json\/wp\/v2\/categories?post=15644"},{"taxonomy":"post_tag","embeddable":true,"href":"https:\/\/www.lafresca.fm\/fresca-api-json\/wp\/v2\/tags?post=15644"}],"curies":[{"name":"wp","href":"https:\/\/api.w.org\/{rel}","templated":true}]}}