{"id":15649,"date":"2025-07-01T09:12:45","date_gmt":"2025-07-01T07:12:45","guid":{"rendered":"https:\/\/www.lafresca.fm\/?p=15649"},"modified":"2025-07-01T09:12:47","modified_gmt":"2025-07-01T07:12:47","slug":"la-falla-de-sant-jaume-de-onil-2025-celebra-20-anos-de-historia-con-un-monumento-conmemorativo-de-artdefoc","status":"publish","type":"post","link":"https:\/\/www.lafresca.fm\/la-falla-de-sant-jaume-de-onil-2025-celebra-20-anos-de-historia-con-un-monumento-conmemorativo-de-artdefoc\/","title":{"rendered":"La Falla de Sant Jaume de Onil 2025 celebra 20 a\u00f1os de historia con un monumento conmemorativo de Artdefoc"},"content":{"rendered":"\n<p>La <a href=\"https:\/\/www.facebook.com\/groups\/161684457185043\/?__cft__[0]=AZV1DkVLew0Y0uhckBEEorz5F6dqlGHm6_YvtXMmBG5uJuYlUOfOiyZVX-7Og7azYJZWeVg5M9vVMTHwF7Gkbm3_hkYntqX0nZBm7eWVCyt8jcsgqYVWvxcenA9DJiBLAP_g-l9OFWyidm3HxEauX7silu1dy6n_-gBXHvtuOy50SIdpAhx9krJgwq4rHuhKWlq4l0XOFnrlhcfyBCMnPpVs&amp;__tn__=-UK-R\">Colla colivenca Falla de Sant Jaume<\/a> de Onil volver\u00e1 a iluminar las calles este pr\u00f3ximo mes de julio con un monumento muy especial bajo el nombre &#8217;20 anys de foc&#8217;: una creaci\u00f3n conmemorativa por los 20 a\u00f1os desde la recuperaci\u00f3n de la tradicional festividad. La obra correr\u00e1 a cargo del reconocido taller Art de Foc, que ha preparado un dise\u00f1o lleno de simbolismo, emoci\u00f3n y gui\u00f1os a dos d\u00e9cadas de arte ef\u00edmero en el coraz\u00f3n de la Foia.<\/p>\n\n\n\n<p>La falla, que se plantar\u00e1 durante los d\u00edas 25, 26 y 27 de julio, se inspira en los principales monumentos que han marcado la evoluci\u00f3n de la fiesta desde su renacimiento en 2005. No faltar\u00e1n referencias a aquellas fallas que homenajearon a la industria juguetera, a deportistas locales, al arte popular o a los personajes hist\u00f3ricos que han dado forma a la identidad cultural de Onil.<\/p>\n\n\n\n<p>La fallera 2025 ser\u00e1 Esther Collado, quien representar\u00e1 con orgullo el esp\u00edritu festivo de esta edici\u00f3n tan especial. \u201cEs un honor ser fallera en un a\u00f1o tan significativo para nuestro pueblo. Esta falla no solo celebra el presente, sino tambi\u00e9n el esfuerzo de quienes mantuvieron viva la llama durante 20 a\u00f1os\u201d, ha declarado.<\/p>\n\n\n\n<p>Desde la organizaci\u00f3n se espera que este aniversario marque un punto de inflexi\u00f3n para continuar consolidando la falla como una cita indispensable del calendario cultural estival. Adem\u00e1s del monumento principal, los actos festivos incluir\u00e1n pasacalles, m\u00fasica, gastronom\u00eda y la tradicional crem\u00e0, que este a\u00f1o promete ser especialmente emotiva.<\/p>\n\n\n\n<figure class=\"wp-block-gallery has-nested-images columns-default is-cropped wp-block-gallery-1 is-layout-flex wp-block-gallery-is-layout-flex\">\n<figure class=\"wp-block-image size-large\"><img fetchpriority=\"high\" decoding=\"async\" width=\"878\" height=\"1170\" data-id=\"15650\" src=\"https:\/\/www.lafresca.fm\/f-solosog\/2025\/07\/514400923_1031613835851223_2457776904488838367_n-878x1170.jpg\" alt=\"\" class=\"wp-image-15650\" srcset=\"https:\/\/www.lafresca.fm\/f-solosog\/2025\/07\/514400923_1031613835851223_2457776904488838367_n-878x1170.jpg 878w, https:\/\/www.lafresca.fm\/f-solosog\/2025\/07\/514400923_1031613835851223_2457776904488838367_n-578x770.jpg 578w, https:\/\/www.lafresca.fm\/f-solosog\/2025\/07\/514400923_1031613835851223_2457776904488838367_n-768x1024.jpg 768w, https:\/\/www.lafresca.fm\/f-solosog\/2025\/07\/514400923_1031613835851223_2457776904488838367_n.jpg 1080w\" sizes=\"(max-width: 878px) 100vw, 878px\" \/><\/figure>\n\n\n\n<figure class=\"wp-block-image size-large\"><img decoding=\"async\" width=\"1170\" height=\"881\" data-id=\"15654\" src=\"https:\/\/www.lafresca.fm\/f-solosog\/2025\/07\/514489266_1031614992517774_6080852587226820580_n-1170x881.jpg\" alt=\"\" class=\"wp-image-15654\" srcset=\"https:\/\/www.lafresca.fm\/f-solosog\/2025\/07\/514489266_1031614992517774_6080852587226820580_n-1170x881.jpg 1170w, https:\/\/www.lafresca.fm\/f-solosog\/2025\/07\/514489266_1031614992517774_6080852587226820580_n-770x580.jpg 770w, https:\/\/www.lafresca.fm\/f-solosog\/2025\/07\/514489266_1031614992517774_6080852587226820580_n-768x578.jpg 768w, https:\/\/www.lafresca.fm\/f-solosog\/2025\/07\/514489266_1031614992517774_6080852587226820580_n-1536x1157.jpg 1536w, https:\/\/www.lafresca.fm\/f-solosog\/2025\/07\/514489266_1031614992517774_6080852587226820580_n.jpg 2040w\" sizes=\"(max-width: 1170px) 100vw, 1170px\" \/><\/figure>\n\n\n\n<figure class=\"wp-block-image size-large\"><img decoding=\"async\" width=\"878\" height=\"1170\" data-id=\"15653\" src=\"https:\/\/www.lafresca.fm\/f-solosog\/2025\/07\/514090103_1031614949184445_1089712801704270839_n-878x1170.jpg\" alt=\"\" class=\"wp-image-15653\" srcset=\"https:\/\/www.lafresca.fm\/f-solosog\/2025\/07\/514090103_1031614949184445_1089712801704270839_n-878x1170.jpg 878w, https:\/\/www.lafresca.fm\/f-solosog\/2025\/07\/514090103_1031614949184445_1089712801704270839_n-578x770.jpg 578w, https:\/\/www.lafresca.fm\/f-solosog\/2025\/07\/514090103_1031614949184445_1089712801704270839_n-768x1024.jpg 768w, https:\/\/www.lafresca.fm\/f-solosog\/2025\/07\/514090103_1031614949184445_1089712801704270839_n-1152x1536.jpg 1152w, https:\/\/www.lafresca.fm\/f-solosog\/2025\/07\/514090103_1031614949184445_1089712801704270839_n.jpg 1536w\" sizes=\"(max-width: 878px) 100vw, 878px\" \/><\/figure>\n\n\n\n<figure class=\"wp-block-image size-large\"><img loading=\"lazy\" decoding=\"async\" width=\"878\" height=\"1170\" data-id=\"15652\" src=\"https:\/\/www.lafresca.fm\/f-solosog\/2025\/07\/514720846_1031614749184465_6390384783677469986_n-878x1170.jpg\" alt=\"\" class=\"wp-image-15652\" srcset=\"https:\/\/www.lafresca.fm\/f-solosog\/2025\/07\/514720846_1031614749184465_6390384783677469986_n-878x1170.jpg 878w, https:\/\/www.lafresca.fm\/f-solosog\/2025\/07\/514720846_1031614749184465_6390384783677469986_n-578x770.jpg 578w, https:\/\/www.lafresca.fm\/f-solosog\/2025\/07\/514720846_1031614749184465_6390384783677469986_n-768x1024.jpg 768w, https:\/\/www.lafresca.fm\/f-solosog\/2025\/07\/514720846_1031614749184465_6390384783677469986_n-1152x1536.jpg 1152w, https:\/\/www.lafresca.fm\/f-solosog\/2025\/07\/514720846_1031614749184465_6390384783677469986_n.jpg 1536w\" sizes=\"(max-width: 878px) 100vw, 878px\" \/><\/figure>\n\n\n\n<figure class=\"wp-block-image size-large\"><img loading=\"lazy\" decoding=\"async\" width=\"1098\" height=\"1170\" data-id=\"15655\" src=\"https:\/\/www.lafresca.fm\/f-solosog\/2025\/07\/514397429_1031614319184508_899317353746531259_n-1098x1170.jpg\" alt=\"\" class=\"wp-image-15655\" srcset=\"https:\/\/www.lafresca.fm\/f-solosog\/2025\/07\/514397429_1031614319184508_899317353746531259_n-1098x1170.jpg 1098w, https:\/\/www.lafresca.fm\/f-solosog\/2025\/07\/514397429_1031614319184508_899317353746531259_n-723x770.jpg 723w, https:\/\/www.lafresca.fm\/f-solosog\/2025\/07\/514397429_1031614319184508_899317353746531259_n-768x818.jpg 768w, https:\/\/www.lafresca.fm\/f-solosog\/2025\/07\/514397429_1031614319184508_899317353746531259_n-1442x1536.jpg 1442w, https:\/\/www.lafresca.fm\/f-solosog\/2025\/07\/514397429_1031614319184508_899317353746531259_n.jpg 1922w\" sizes=\"(max-width: 1098px) 100vw, 1098px\" \/><\/figure>\n\n\n\n<figure class=\"wp-block-image size-large\"><img loading=\"lazy\" decoding=\"async\" width=\"780\" height=\"1170\" data-id=\"15651\" src=\"https:\/\/www.lafresca.fm\/f-solosog\/2025\/07\/514324872_1031613905851216_8362418807872640203_n-780x1170.jpg\" alt=\"\" class=\"wp-image-15651\" srcset=\"https:\/\/www.lafresca.fm\/f-solosog\/2025\/07\/514324872_1031613905851216_8362418807872640203_n-780x1170.jpg 780w, https:\/\/www.lafresca.fm\/f-solosog\/2025\/07\/514324872_1031613905851216_8362418807872640203_n-514x770.jpg 514w, https:\/\/www.lafresca.fm\/f-solosog\/2025\/07\/514324872_1031613905851216_8362418807872640203_n-768x1151.jpg 768w, https:\/\/www.lafresca.fm\/f-solosog\/2025\/07\/514324872_1031613905851216_8362418807872640203_n-1025x1536.jpg 1025w, https:\/\/www.lafresca.fm\/f-solosog\/2025\/07\/514324872_1031613905851216_8362418807872640203_n.jpg 1050w\" sizes=\"(max-width: 780px) 100vw, 780px\" \/><\/figure>\n<\/figure>\n<script>function PlayerjsAsync(){} if(window[\"Playerjs\"]){PlayerjsAsync();}<\/script>","protected":false},"excerpt":{"rendered":"<p>La Colla colivenca Falla de Sant Jaume de Onil volver\u00e1 a iluminar las calles este pr\u00f3ximo mes de julio con un monumento muy especial bajo el nombre &#8217;20 anys de foc&#8217;: una creaci\u00f3n conmemorativa por los 20 a\u00f1os desde la recuperaci\u00f3n de la tradicional festividad. La obra correr\u00e1 a cargo ...<\/p>\n","protected":false},"author":2,"featured_media":15651,"comment_status":"closed","ping_status":"closed","sticky":false,"template":"","format":"standard","meta":{"_monsterinsights_skip_tracking":false,"_monsterinsights_sitenote_active":false,"_monsterinsights_sitenote_note":"","_monsterinsights_sitenote_category":0,"footnotes":""},"categories":[4],"tags":[133],"class_list":["post-15649","post","type-post","status-publish","format-standard","has-post-thumbnail","hentry","category-alicante","tag-onil"],"aioseo_notices":[],"_links":{"self":[{"href":"https:\/\/www.lafresca.fm\/fresca-api-json\/wp\/v2\/posts\/15649","targetHints":{"allow":["GET"]}}],"collection":[{"href":"https:\/\/www.lafresca.fm\/fresca-api-json\/wp\/v2\/posts"}],"about":[{"href":"https:\/\/www.lafresca.fm\/fresca-api-json\/wp\/v2\/types\/post"}],"author":[{"embeddable":true,"href":"https:\/\/www.lafresca.fm\/fresca-api-json\/wp\/v2\/users\/2"}],"replies":[{"embeddable":true,"href":"https:\/\/www.lafresca.fm\/fresca-api-json\/wp\/v2\/comments?post=15649"}],"version-history":[{"count":1,"href":"https:\/\/www.lafresca.fm\/fresca-api-json\/wp\/v2\/posts\/15649\/revisions"}],"predecessor-version":[{"id":15656,"href":"https:\/\/www.lafresca.fm\/fresca-api-json\/wp\/v2\/posts\/15649\/revisions\/15656"}],"wp:featuredmedia":[{"embeddable":true,"href":"https:\/\/www.lafresca.fm\/fresca-api-json\/wp\/v2\/media\/15651"}],"wp:attachment":[{"href":"https:\/\/www.lafresca.fm\/fresca-api-json\/wp\/v2\/media?parent=15649"}],"wp:term":[{"taxonomy":"category","embeddable":true,"href":"https:\/\/www.lafresca.fm\/fresca-api-json\/wp\/v2\/categories?post=15649"},{"taxonomy":"post_tag","embeddable":true,"href":"https:\/\/www.lafresca.fm\/fresca-api-json\/wp\/v2\/tags?post=15649"}],"curies":[{"name":"wp","href":"https:\/\/api.w.org\/{rel}","templated":true}]}}