{"id":15657,"date":"2025-07-01T09:17:09","date_gmt":"2025-07-01T07:17:09","guid":{"rendered":"https:\/\/www.lafresca.fm\/?p=15657"},"modified":"2025-07-01T09:17:11","modified_gmt":"2025-07-01T07:17:11","slug":"onil-acoge-la-i-fira-ewe-un-encuentro-europeo-para-impulsar-la-movilidad-erasmus","status":"publish","type":"post","link":"https:\/\/www.lafresca.fm\/onil-acoge-la-i-fira-ewe-un-encuentro-europeo-para-impulsar-la-movilidad-erasmus\/","title":{"rendered":"Onil acoge la I Fira EWE, un encuentro europeo para impulsar la movilidad Erasmus."},"content":{"rendered":"\n<p><a><\/a>Los pasados d\u00edas 26, 27 y 28 de junio, el municipio de Onil ha sido sede de la I Fira EWE (European Way of Education), un evento pionero organizado por el IES La Creueta con el objetivo de crear sinergias entre centros educativos europeos y fortalecer los lazos del programa Erasmus+.<\/p>\n\n\n\n<p>Durante tres jornadas, representantes de institutos y centros formativos de diferentes pa\u00edses europeos se han reunido en Onil para compartir experiencias, establecer nuevas v\u00edas de colaboraci\u00f3n y mejorar la calidad de los intercambios estudiantiles y docentes. La feria ha servido como espacio de di\u00e1logo y cooperaci\u00f3n, con la mirada puesta en una movilidad Erasmus m\u00e1s enriquecedora, accesible y adaptada a los retos educativos actuales.<\/p>\n\n\n\n<figure class=\"wp-block-image size-large\"><img fetchpriority=\"high\" decoding=\"async\" width=\"878\" height=\"1170\" src=\"https:\/\/www.lafresca.fm\/f-solosog\/2025\/07\/514229860_1031675195845087_2839682589207424589_n-878x1170.jpg\" alt=\"\" class=\"wp-image-15658\" srcset=\"https:\/\/www.lafresca.fm\/f-solosog\/2025\/07\/514229860_1031675195845087_2839682589207424589_n-878x1170.jpg 878w, https:\/\/www.lafresca.fm\/f-solosog\/2025\/07\/514229860_1031675195845087_2839682589207424589_n-578x770.jpg 578w, https:\/\/www.lafresca.fm\/f-solosog\/2025\/07\/514229860_1031675195845087_2839682589207424589_n-768x1024.jpg 768w, https:\/\/www.lafresca.fm\/f-solosog\/2025\/07\/514229860_1031675195845087_2839682589207424589_n-1152x1536.jpg 1152w, https:\/\/www.lafresca.fm\/f-solosog\/2025\/07\/514229860_1031675195845087_2839682589207424589_n.jpg 1200w\" sizes=\"(max-width: 878px) 100vw, 878px\" \/><\/figure>\n\n\n\n<p>Una experiencia formativa y cultural<\/p>\n\n\n\n<p>El escenario elegido para el evento ha sido el Palacio Fortaleza del Marqu\u00e9s de Dos Aguas, donde se han llevado a cabo conferencias, talleres y mesas redondas centradas en buenas pr\u00e1cticas Erasmus y en la importancia de la internacionalizaci\u00f3n en la educaci\u00f3n. Paralelamente, los participantes han podido conocer la historia, la cultura y la gastronom\u00eda de Onil, con visitas guiadas a lugares emblem\u00e1ticos como el Museo de la Mu\u00f1eca y el Museo de las Fiestas de Moros y Cristianos.<\/p>\n\n\n\n<p>Erasmus: m\u00e1s all\u00e1 del aula<\/p>\n\n\n\n<p>El programa EWE promueve un modelo educativo que trasciende las aulas, ofreciendo a estudiantes y profesores mejoras en habilidades sociales, autonom\u00eda personal, competencias ling\u00fc\u00edsticas y una valiosa proyecci\u00f3n internacional. El IES La Creueta ha sido uno de los centros m\u00e1s comprometidos con esta iniciativa en la Comunidad Valenciana, consolid\u00e1ndose como referente en proyectos Erasmus.<\/p>\n\n\n\n<p>Esta primera edici\u00f3n de la Fira EWE ha logrado reunir a centenares de participantes con un balance altamente positivo, no solo por el intercambio acad\u00e9mico y profesional, sino tambi\u00e9n por la promoci\u00f3n de Onil como destino educativo y tur\u00edstico de referencia en el \u00e1mbito europeo.<\/p>\n\n\n\n<p><\/p>\n<script>function PlayerjsAsync(){} if(window[\"Playerjs\"]){PlayerjsAsync();}<\/script>","protected":false},"excerpt":{"rendered":"<p>Los pasados d\u00edas 26, 27 y 28 de junio, el municipio de Onil ha sido sede de la I Fira EWE (European Way of Education), un evento pionero organizado por el IES La Creueta con el objetivo de crear sinergias entre centros educativos europeos y fortalecer los lazos del programa ...<\/p>\n","protected":false},"author":2,"featured_media":15658,"comment_status":"closed","ping_status":"closed","sticky":false,"template":"","format":"standard","meta":{"_monsterinsights_skip_tracking":false,"_monsterinsights_sitenote_active":false,"_monsterinsights_sitenote_note":"","_monsterinsights_sitenote_category":0,"footnotes":""},"categories":[4],"tags":[133],"class_list":["post-15657","post","type-post","status-publish","format-standard","has-post-thumbnail","hentry","category-alicante","tag-onil"],"aioseo_notices":[],"_links":{"self":[{"href":"https:\/\/www.lafresca.fm\/fresca-api-json\/wp\/v2\/posts\/15657","targetHints":{"allow":["GET"]}}],"collection":[{"href":"https:\/\/www.lafresca.fm\/fresca-api-json\/wp\/v2\/posts"}],"about":[{"href":"https:\/\/www.lafresca.fm\/fresca-api-json\/wp\/v2\/types\/post"}],"author":[{"embeddable":true,"href":"https:\/\/www.lafresca.fm\/fresca-api-json\/wp\/v2\/users\/2"}],"replies":[{"embeddable":true,"href":"https:\/\/www.lafresca.fm\/fresca-api-json\/wp\/v2\/comments?post=15657"}],"version-history":[{"count":1,"href":"https:\/\/www.lafresca.fm\/fresca-api-json\/wp\/v2\/posts\/15657\/revisions"}],"predecessor-version":[{"id":15659,"href":"https:\/\/www.lafresca.fm\/fresca-api-json\/wp\/v2\/posts\/15657\/revisions\/15659"}],"wp:featuredmedia":[{"embeddable":true,"href":"https:\/\/www.lafresca.fm\/fresca-api-json\/wp\/v2\/media\/15658"}],"wp:attachment":[{"href":"https:\/\/www.lafresca.fm\/fresca-api-json\/wp\/v2\/media?parent=15657"}],"wp:term":[{"taxonomy":"category","embeddable":true,"href":"https:\/\/www.lafresca.fm\/fresca-api-json\/wp\/v2\/categories?post=15657"},{"taxonomy":"post_tag","embeddable":true,"href":"https:\/\/www.lafresca.fm\/fresca-api-json\/wp\/v2\/tags?post=15657"}],"curies":[{"name":"wp","href":"https:\/\/api.w.org\/{rel}","templated":true}]}}