{"id":15660,"date":"2025-07-01T10:08:14","date_gmt":"2025-07-01T08:08:14","guid":{"rendered":"https:\/\/www.lafresca.fm\/?p=15660"},"modified":"2025-07-01T10:08:16","modified_gmt":"2025-07-01T08:08:16","slug":"agatha-ruiz-de-la-prada-y-munecas-saica-de-onil-se-alian-para-lanzar-una-linea-infantil-de-juguetes-y-articulos-de-playa","status":"publish","type":"post","link":"https:\/\/www.lafresca.fm\/agatha-ruiz-de-la-prada-y-munecas-saica-de-onil-se-alian-para-lanzar-una-linea-infantil-de-juguetes-y-articulos-de-playa\/","title":{"rendered":"\u00c1gatha Ruiz de la Prada y Mu\u00f1ecas Saica de Onil se al\u00edan para lanzar una l\u00ednea infantil de juguetes y art\u00edculos de playa"},"content":{"rendered":"\n<p>La reconocida dise\u00f1adora espa\u00f1ola \u00c1gatha Ruiz de la Prada y la hist\u00f3rica firma juguetera Mu\u00f1ecas Saica, con sede en Onil y referente del sector desde 1979, han anunciado una colaboraci\u00f3n estrat\u00e9gica que dar\u00e1 vida a una nueva l\u00ednea de productos infantiles con licencia oficial. Esta alianza une el inconfundible universo visual de la dise\u00f1adora \u2014caracterizado por corazones, estrellas y flores\u2014 con la experiencia de Saica en la creaci\u00f3n de juguetes de alta calidad y seguridad.<\/p>\n\n\n\n<p>La nueva colecci\u00f3n se desplegar\u00e1 en dos fases diferenciadas. La primera tendr\u00e1 lugar durante la campa\u00f1a navide\u00f1a de 2025, con el lanzamiento de productos emblem\u00e1ticos pensados para estimular la creatividad infantil en la \u00e9poca clave del mercado juguetero. La segunda fase llegar\u00e1 en verano de 2026, con una l\u00ednea de art\u00edculos de playa que apostar\u00e1 por reinventar el ocio al aire libre con una propuesta colorista y de fantas\u00eda.<\/p>\n\n\n\n<figure class=\"wp-block-image size-full is-resized\"><img fetchpriority=\"high\" decoding=\"async\" width=\"455\" height=\"303\" src=\"https:\/\/www.lafresca.fm\/f-solosog\/2025\/07\/articulos-1624569.jpg\" alt=\"\" class=\"wp-image-15661\" style=\"width:559px;height:auto\"\/><\/figure>\n\n\n\n<p>La colecci\u00f3n incluir\u00e1 tanto juguetes como accesorios de playa, todos ellos decorados con los vibrantes y alegres dise\u00f1os de Ruiz de la Prada. Saica, por su parte, reafirma su compromiso con los m\u00e1s altos est\u00e1ndares de calidad y seguridad, fruto de m\u00e1s de cuatro d\u00e9cadas de experiencia en fabricaci\u00f3n avanzada.<\/p>\n\n\n\n<p>\u201cEsta colaboraci\u00f3n invita a explorar la imaginaci\u00f3n a trav\u00e9s del estilo y la alegr\u00eda. Nuestra visi\u00f3n es que los ni\u00f1os vivan un universo lleno de color todo el a\u00f1o\u201d, ha declarado \u00c1gatha Ruiz de la Prada.<\/p>\n\n\n\n<p>El acuerdo ha sido formalizado con el respaldo legal del despacho Devesa Abogados, que ha asesorado a ambas partes en la protecci\u00f3n jur\u00eddica de la alianza.<\/p>\n\n\n\n<p>En cuanto a la distribuci\u00f3n, la l\u00ednea se comercializar\u00e1 bajo un modelo omnicanal. Estar\u00e1 disponible tanto en tiendas f\u00edsicas como en plataformas digitales como Miravia, adem\u00e1s de en la cadena Don Dino \u2014l\u00edder en jugueter\u00eda en la provincia de Alicante\u2014 y en puntos de venta especializados a nivel nacional.<\/p>\n\n\n\n<p>Con esta uni\u00f3n, dise\u00f1o y tradici\u00f3n se dan la mano para ofrecer una experiencia \u00fanica y llena de color al p\u00fablico infantil, consolidando una apuesta innovadora en el sector juguetero espa\u00f1ol.<\/p>\n<script>function PlayerjsAsync(){} if(window[\"Playerjs\"]){PlayerjsAsync();}<\/script>","protected":false},"excerpt":{"rendered":"<p>La reconocida dise\u00f1adora espa\u00f1ola \u00c1gatha Ruiz de la Prada y la hist\u00f3rica firma juguetera Mu\u00f1ecas Saica, con sede en Onil y referente del sector desde 1979, han anunciado una colaboraci\u00f3n estrat\u00e9gica que dar\u00e1 vida a una nueva l\u00ednea de productos infantiles con licencia oficial. Esta alianza une el inconfundible universo ...<\/p>\n","protected":false},"author":2,"featured_media":15661,"comment_status":"closed","ping_status":"closed","sticky":false,"template":"","format":"standard","meta":{"_monsterinsights_skip_tracking":false,"_monsterinsights_sitenote_active":false,"_monsterinsights_sitenote_note":"","_monsterinsights_sitenote_category":0,"footnotes":""},"categories":[4],"tags":[133],"class_list":["post-15660","post","type-post","status-publish","format-standard","has-post-thumbnail","hentry","category-alicante","tag-onil"],"aioseo_notices":[],"_links":{"self":[{"href":"https:\/\/www.lafresca.fm\/fresca-api-json\/wp\/v2\/posts\/15660","targetHints":{"allow":["GET"]}}],"collection":[{"href":"https:\/\/www.lafresca.fm\/fresca-api-json\/wp\/v2\/posts"}],"about":[{"href":"https:\/\/www.lafresca.fm\/fresca-api-json\/wp\/v2\/types\/post"}],"author":[{"embeddable":true,"href":"https:\/\/www.lafresca.fm\/fresca-api-json\/wp\/v2\/users\/2"}],"replies":[{"embeddable":true,"href":"https:\/\/www.lafresca.fm\/fresca-api-json\/wp\/v2\/comments?post=15660"}],"version-history":[{"count":1,"href":"https:\/\/www.lafresca.fm\/fresca-api-json\/wp\/v2\/posts\/15660\/revisions"}],"predecessor-version":[{"id":15662,"href":"https:\/\/www.lafresca.fm\/fresca-api-json\/wp\/v2\/posts\/15660\/revisions\/15662"}],"wp:featuredmedia":[{"embeddable":true,"href":"https:\/\/www.lafresca.fm\/fresca-api-json\/wp\/v2\/media\/15661"}],"wp:attachment":[{"href":"https:\/\/www.lafresca.fm\/fresca-api-json\/wp\/v2\/media?parent=15660"}],"wp:term":[{"taxonomy":"category","embeddable":true,"href":"https:\/\/www.lafresca.fm\/fresca-api-json\/wp\/v2\/categories?post=15660"},{"taxonomy":"post_tag","embeddable":true,"href":"https:\/\/www.lafresca.fm\/fresca-api-json\/wp\/v2\/tags?post=15660"}],"curies":[{"name":"wp","href":"https:\/\/api.w.org\/{rel}","templated":true}]}}