{"id":15668,"date":"2025-07-02T13:04:06","date_gmt":"2025-07-02T11:04:06","guid":{"rendered":"https:\/\/www.lafresca.fm\/?p=15668"},"modified":"2025-07-02T13:04:10","modified_gmt":"2025-07-02T11:04:10","slug":"jaume-berenguer-alcalde-de-onil-la-localidad-avanza-con-paso-firme-hacia-un-municipio-mas-comodo-sostenible-y-activo","status":"publish","type":"post","link":"https:\/\/www.lafresca.fm\/jaume-berenguer-alcalde-de-onil-la-localidad-avanza-con-paso-firme-hacia-un-municipio-mas-comodo-sostenible-y-activo\/","title":{"rendered":"Jaume Berenguer, alcalde de Onil: \u201cLa localidad avanza con paso firme hacia un municipio m\u00e1s c\u00f3modo, sostenible y activo\u201d"},"content":{"rendered":"\n<figure class=\"wp-block-audio\"><audio controls src=\"https:\/\/www.lafresca.fm\/f-solosog\/2025\/07\/Enrevista-Jaume-Berenguer-26-25.mp3\"><\/audio><\/figure>\n\n\n\n<h4 class=\"wp-block-heading\"><strong>El alcalde de Onil repasa en laFRESCA los principales proyectos en marcha, las obras en infraestructuras clave y hace balance de los dos primeros a\u00f1os de legislatura.<\/strong><\/h4>\n\n\n\n<p>Jaume Berenguer, alcalde de Onil, ha pasado por los micr\u00f3fonos de <strong>laFRESCA<\/strong> para repasar la actualidad municipal y los retos que encara el municipio en los pr\u00f3ximos meses. Entre los temas destacados, el alcalde ha anunciado que el <strong>parking en el solar de los Salcedo<\/strong> estar\u00e1 listo en tan solo <strong>dos semanas<\/strong>, y contar\u00e1 con capacidad para <strong>100 veh\u00edculos<\/strong>, una actuaci\u00f3n muy demandada que aliviar\u00e1 la presi\u00f3n de estacionamiento en el casco urbano.<\/p>\n\n\n\n<p>Otro de los puntos fuertes abordados ha sido el <strong>inicio de las obras del edificio del P\u00f2sit<\/strong>, un espacio con gran valor simb\u00f3lico y patrimonial para la localidad, que comenzar\u00e1 su transformaci\u00f3n en breve. A este se suma una <strong>nueva fase en las obras de rehabilitaci\u00f3n del Monasterio de Montserrat<\/strong>, que sigue recuperando su esplendor con cada intervenci\u00f3n.<\/p>\n\n\n\n<figure class=\"wp-block-image size-large\"><img fetchpriority=\"high\" decoding=\"async\" width=\"1170\" height=\"878\" src=\"https:\/\/www.lafresca.fm\/f-solosog\/2025\/07\/jaume-berenguer-2725-1170x878.jpeg\" alt=\"\" class=\"wp-image-15670\" srcset=\"https:\/\/www.lafresca.fm\/f-solosog\/2025\/07\/jaume-berenguer-2725-1170x878.jpeg 1170w, https:\/\/www.lafresca.fm\/f-solosog\/2025\/07\/jaume-berenguer-2725-770x578.jpeg 770w, https:\/\/www.lafresca.fm\/f-solosog\/2025\/07\/jaume-berenguer-2725-768x576.jpeg 768w, https:\/\/www.lafresca.fm\/f-solosog\/2025\/07\/jaume-berenguer-2725-1536x1152.jpeg 1536w, https:\/\/www.lafresca.fm\/f-solosog\/2025\/07\/jaume-berenguer-2725.jpeg 2000w\" sizes=\"(max-width: 1170px) 100vw, 1170px\" \/><\/figure>\n\n\n\n<p>En el \u00e1mbito educativo, Berenguer ha explicado que se est\u00e1n ejecutando <strong>obras de mejora en los colegios San Jaime y Mare de D\u00e9u de la Salut<\/strong>, en una clara apuesta por dotar a los centros escolares de mejores condiciones para alumnado y profesorado.<\/p>\n\n\n\n<p>El alcalde tambi\u00e9n ha destacado las <strong>campa\u00f1as de sensibilizaci\u00f3n animal<\/strong>, as\u00ed como las tareas de <strong>limpieza y desbroce<\/strong>, que se intensifican especialmente en los meses de verano para mantener el municipio en buen estado.<\/p>\n\n\n\n<p>Asimismo, ha presentado una nueva edici\u00f3n del exitoso programa <strong>\u201cEstiu al Carrer\u201d<\/strong>, que volver\u00e1 a llenar las calles de actividades culturales, deportivas y de ocio para todas las edades, fomentando el encuentro vecinal y dinamizando la vida en la calle durante el verano.<\/p>\n\n\n\n<p>Finalmente, Jaume Berenguer ha hecho balance de los <strong>dos a\u00f1os de legislatura<\/strong>, subrayando el \u201ctrabajo constante y realista\u201d del equipo de gobierno. \u201cHemos cumplido gran parte del programa con responsabilidad y cercan\u00eda, y afrontamos los dos a\u00f1os que quedan con ilusi\u00f3n, m\u00e1s proyectos y una hoja de ruta clara\u201d, ha asegurado.<\/p>\n<script>function PlayerjsAsync(){} if(window[\"Playerjs\"]){PlayerjsAsync();}<\/script>","protected":false},"excerpt":{"rendered":"<p>El alcalde de Onil repasa en laFRESCA los principales proyectos en marcha, las obras en infraestructuras clave y hace balance de los dos primeros a\u00f1os de legislatura. Jaume Berenguer, alcalde de Onil, ha pasado por los micr\u00f3fonos de laFRESCA para repasar la actualidad municipal y los retos que encara el ...<\/p>\n","protected":false},"author":2,"featured_media":15670,"comment_status":"closed","ping_status":"closed","sticky":false,"template":"","format":"standard","meta":{"_monsterinsights_skip_tracking":false,"_monsterinsights_sitenote_active":false,"_monsterinsights_sitenote_note":"","_monsterinsights_sitenote_category":0,"footnotes":""},"categories":[4],"tags":[465,466,133],"class_list":["post-15668","post","type-post","status-publish","format-standard","has-post-thumbnail","hentry","category-alicante","tag-alcalde-de-onil","tag-jaume-berenguer","tag-onil"],"aioseo_notices":[],"_links":{"self":[{"href":"https:\/\/www.lafresca.fm\/fresca-api-json\/wp\/v2\/posts\/15668","targetHints":{"allow":["GET"]}}],"collection":[{"href":"https:\/\/www.lafresca.fm\/fresca-api-json\/wp\/v2\/posts"}],"about":[{"href":"https:\/\/www.lafresca.fm\/fresca-api-json\/wp\/v2\/types\/post"}],"author":[{"embeddable":true,"href":"https:\/\/www.lafresca.fm\/fresca-api-json\/wp\/v2\/users\/2"}],"replies":[{"embeddable":true,"href":"https:\/\/www.lafresca.fm\/fresca-api-json\/wp\/v2\/comments?post=15668"}],"version-history":[{"count":1,"href":"https:\/\/www.lafresca.fm\/fresca-api-json\/wp\/v2\/posts\/15668\/revisions"}],"predecessor-version":[{"id":15671,"href":"https:\/\/www.lafresca.fm\/fresca-api-json\/wp\/v2\/posts\/15668\/revisions\/15671"}],"wp:featuredmedia":[{"embeddable":true,"href":"https:\/\/www.lafresca.fm\/fresca-api-json\/wp\/v2\/media\/15670"}],"wp:attachment":[{"href":"https:\/\/www.lafresca.fm\/fresca-api-json\/wp\/v2\/media?parent=15668"}],"wp:term":[{"taxonomy":"category","embeddable":true,"href":"https:\/\/www.lafresca.fm\/fresca-api-json\/wp\/v2\/categories?post=15668"},{"taxonomy":"post_tag","embeddable":true,"href":"https:\/\/www.lafresca.fm\/fresca-api-json\/wp\/v2\/tags?post=15668"}],"curies":[{"name":"wp","href":"https:\/\/api.w.org\/{rel}","templated":true}]}}