{"id":15673,"date":"2025-07-02T16:39:57","date_gmt":"2025-07-02T14:39:57","guid":{"rendered":"https:\/\/www.lafresca.fm\/?p=15673"},"modified":"2025-07-02T16:39:59","modified_gmt":"2025-07-02T14:39:59","slug":"onil-habilita-un-nuevo-aparcamiento-en-el-solar-de-los-salcedo-con-capacidad-para-100-vehiculos","status":"publish","type":"post","link":"https:\/\/www.lafresca.fm\/onil-habilita-un-nuevo-aparcamiento-en-el-solar-de-los-salcedo-con-capacidad-para-100-vehiculos\/","title":{"rendered":"Onil habilita un nuevo aparcamiento en el solar de los Salcedo con capacidad para 100 veh\u00edculos"},"content":{"rendered":"\n<figure class=\"wp-block-audio\"><audio controls src=\"https:\/\/www.lafresca.fm\/f-solosog\/2025\/07\/Enrevista-Jaume-Berenguer-26-25-parcial.mp3\"><\/audio><\/figure>\n\n\n\n<p>El Ayuntamiento de Onil ha iniciado los trabajos de acondicionamiento de la parcela conocida como <em><strong>el solar de los Salcedo<\/strong><\/em>, situada en la calle La Pileta, con el objetivo de habilitar un aparcamiento p\u00fablico con capacidad para aproximadamente 100 veh\u00edculos. Est\u00e1 previsto que este nuevo espacio entre en funcionamiento a mediados del mes de julio.<\/p>\n\n\n\n<p>El alcalde de la localidad ha se\u00f1alado que se trata de una <em>reivindicaci\u00f3n hist\u00f3rica<\/em> por parte de la ciudadan\u00eda, especialmente del sector comercial y hostelero, que desde hace a\u00f1os viene demandando una zona de estacionamiento que facilite el acceso al centro del municipio.<\/p>\n\n\n\n<figure class=\"wp-block-image size-large\"><img fetchpriority=\"high\" decoding=\"async\" width=\"1170\" height=\"878\" src=\"https:\/\/www.lafresca.fm\/f-solosog\/2025\/07\/57e8c03c-134d-4c58-a765-63dafe70ad17-1170x878.jpg\" alt=\"\" class=\"wp-image-15674\" srcset=\"https:\/\/www.lafresca.fm\/f-solosog\/2025\/07\/57e8c03c-134d-4c58-a765-63dafe70ad17-1170x878.jpg 1170w, https:\/\/www.lafresca.fm\/f-solosog\/2025\/07\/57e8c03c-134d-4c58-a765-63dafe70ad17-770x578.jpg 770w, https:\/\/www.lafresca.fm\/f-solosog\/2025\/07\/57e8c03c-134d-4c58-a765-63dafe70ad17-768x576.jpg 768w, https:\/\/www.lafresca.fm\/f-solosog\/2025\/07\/57e8c03c-134d-4c58-a765-63dafe70ad17-1536x1152.jpg 1536w, https:\/\/www.lafresca.fm\/f-solosog\/2025\/07\/57e8c03c-134d-4c58-a765-63dafe70ad17.jpg 2048w\" sizes=\"(max-width: 1170px) 100vw, 1170px\" \/><\/figure>\n\n\n\n<p>\u201cEl lugar ha sido seleccionado porque se trata del punto m\u00e1s c\u00e9ntrico disponible dentro del patrimonio municipal\u201d, ha declarado el primer edil, quien tambi\u00e9n ha explicado que esta medida no solo responde a una necesidad inmediata, sino que forma parte de un plan m\u00e1s amplio para <em>naturalizar el centro urbano<\/em> y avanzar en l\u00ednea con los objetivos de la Agenda 2030.<\/p>\n\n\n\n<p>De hecho, el acondicionamiento de esta parcela como aparcamiento permitir\u00e1 en el futuro liberar otras zonas del casco urbano para su transformaci\u00f3n en espacios verdes, contribuyendo as\u00ed a mejorar la calidad ambiental y fomentar una movilidad m\u00e1s sostenible en Onil.<\/p>\n\n\n\n<figure class=\"wp-block-image size-large\"><img decoding=\"async\" width=\"1170\" height=\"878\" src=\"https:\/\/www.lafresca.fm\/f-solosog\/2025\/07\/jaume-berenguer-2725-1170x878.jpeg\" alt=\"\" class=\"wp-image-15670\" srcset=\"https:\/\/www.lafresca.fm\/f-solosog\/2025\/07\/jaume-berenguer-2725-1170x878.jpeg 1170w, https:\/\/www.lafresca.fm\/f-solosog\/2025\/07\/jaume-berenguer-2725-770x578.jpeg 770w, https:\/\/www.lafresca.fm\/f-solosog\/2025\/07\/jaume-berenguer-2725-768x576.jpeg 768w, https:\/\/www.lafresca.fm\/f-solosog\/2025\/07\/jaume-berenguer-2725-1536x1152.jpeg 1536w, https:\/\/www.lafresca.fm\/f-solosog\/2025\/07\/jaume-berenguer-2725.jpeg 2000w\" sizes=\"(max-width: 1170px) 100vw, 1170px\" \/><\/figure>\n\n\n\n<h3 class=\"wp-block-heading\"><strong>Un solar con historia judicial<\/strong><\/h3>\n\n\n\n<p>El solar de los Salcedo no solo es conocido por su ubicaci\u00f3n estrat\u00e9gica, sino tambi\u00e9n por su pasado jur\u00eddico. Durante los \u00faltimos a\u00f1os, el Ayuntamiento de Onil ha tenido que hacer frente al pago de varias sentencias judiciales relacionadas con la propiedad del terreno. Estas resoluciones, que supusieron un coste importante para las arcas municipales, cerraron un largo litigio que imped\u00eda el desarrollo del solar.<\/p>\n\n\n\n<p>Con la situaci\u00f3n legal ya resuelta y la titularidad plenamente municipal, el Ayuntamiento ha podido finalmente poner en marcha un proyecto que permitir\u00e1 dar uso a un espacio que llevaba d\u00e9cadas sin aprovecharse.<\/p>\n<script>function PlayerjsAsync(){} if(window[\"Playerjs\"]){PlayerjsAsync();}<\/script>","protected":false},"excerpt":{"rendered":"<p>El Ayuntamiento de Onil ha iniciado los trabajos de acondicionamiento de la parcela conocida como el solar de los Salcedo, situada en la calle La Pileta, con el objetivo de habilitar un aparcamiento p\u00fablico con capacidad para aproximadamente 100 veh\u00edculos. Est\u00e1 previsto que este nuevo espacio entre en funcionamiento a ...<\/p>\n","protected":false},"author":2,"featured_media":15674,"comment_status":"closed","ping_status":"closed","sticky":false,"template":"","format":"standard","meta":{"_monsterinsights_skip_tracking":false,"_monsterinsights_sitenote_active":false,"_monsterinsights_sitenote_note":"","_monsterinsights_sitenote_category":0,"footnotes":""},"categories":[4],"tags":[133],"class_list":["post-15673","post","type-post","status-publish","format-standard","has-post-thumbnail","hentry","category-alicante","tag-onil"],"aioseo_notices":[],"_links":{"self":[{"href":"https:\/\/www.lafresca.fm\/fresca-api-json\/wp\/v2\/posts\/15673","targetHints":{"allow":["GET"]}}],"collection":[{"href":"https:\/\/www.lafresca.fm\/fresca-api-json\/wp\/v2\/posts"}],"about":[{"href":"https:\/\/www.lafresca.fm\/fresca-api-json\/wp\/v2\/types\/post"}],"author":[{"embeddable":true,"href":"https:\/\/www.lafresca.fm\/fresca-api-json\/wp\/v2\/users\/2"}],"replies":[{"embeddable":true,"href":"https:\/\/www.lafresca.fm\/fresca-api-json\/wp\/v2\/comments?post=15673"}],"version-history":[{"count":1,"href":"https:\/\/www.lafresca.fm\/fresca-api-json\/wp\/v2\/posts\/15673\/revisions"}],"predecessor-version":[{"id":15676,"href":"https:\/\/www.lafresca.fm\/fresca-api-json\/wp\/v2\/posts\/15673\/revisions\/15676"}],"wp:featuredmedia":[{"embeddable":true,"href":"https:\/\/www.lafresca.fm\/fresca-api-json\/wp\/v2\/media\/15674"}],"wp:attachment":[{"href":"https:\/\/www.lafresca.fm\/fresca-api-json\/wp\/v2\/media?parent=15673"}],"wp:term":[{"taxonomy":"category","embeddable":true,"href":"https:\/\/www.lafresca.fm\/fresca-api-json\/wp\/v2\/categories?post=15673"},{"taxonomy":"post_tag","embeddable":true,"href":"https:\/\/www.lafresca.fm\/fresca-api-json\/wp\/v2\/tags?post=15673"}],"curies":[{"name":"wp","href":"https:\/\/api.w.org\/{rel}","templated":true}]}}